{"id":295426,"date":"2025-08-04T09:32:13","date_gmt":"2025-08-04T09:32:13","guid":{"rendered":"https:\/\/www.europesays.com\/fr\/295426\/"},"modified":"2025-08-04T09:32:13","modified_gmt":"2025-08-04T09:32:13","slug":"cet-ete-plongez-dans-lart-avec-cette-exposition-aux-franciscaines","status":"publish","type":"post","link":"https:\/\/www.europesays.com\/fr\/295426\/","title":{"rendered":"Cet \u00e9t\u00e9, plongez dans l\u2019art, avec cette exposition aux Franciscaines"},"content":{"rendered":"<p><a href=\"https:\/\/trouville-deauville.maville.com\/actu\/actudet_-pierre-et-gilles-explorent-les-mondes-marins-aux-franciscaines-de-deauville-_52659-6822079_actu.Htm\" target=\"_self\" rel=\"noopener\">Pierre et Gilles<\/a> jouent depuis pr\u00e8s de cinquante ans avec les codes de l\u2019histoire de l\u2019art, de la mode, du cin\u00e9ma et de la publicit\u00e9 pour cr\u00e9er de nouvelles icones contemporaines.<\/p>\n<p>Le tandem, form\u00e9 d\u2019un photographe et d\u2019un peintre, \u00e9labore patiemment des d\u00e9cors sur mesure, dans leur studio, pour recr\u00e9er un personnage autour de leur mod\u00e8le, qu\u2019il soit anonyme ou c\u00e9l\u00e8bre.\u00a0\u00a0Il ne s\u2019agissait pas ici de faire une r\u00e9trospective de l\u2019\u0153uvre de Pierre et Gilles,\u00a0insiste Annie Madet-Vache, directrice du mus\u00e9e de <a href=\"https:\/\/trouville-deauville.maville.com\/actu\/actudet_-cet-ancien-couvent-est-devenu-un-pole-culturel-incontournable-a-deauville-_4-6521114_actu.Htm\" target=\"_self\" rel=\"noopener\">Franciscaines<\/a>, qui partage le commissariat de l\u2019\u00e9v\u00e9nement avec les deux plasticiens,\u00a0mais de nous int\u00e9resser aux mondes marins qui sont une th\u00e9matique r\u00e9currente dans leurs travaux.\u00a0<\/p>\n<p>Nina Hagen devient Amphitrite, nymphe marine et femme de Pos\u00e9idon. Kylie Minogue se transforme en Vierge Marie, protectrice des marins.\u00a0Tant\u00f4t, un bateau se fraye un chemin dans une mer rouge sang, au-dessus de la figure de jeunes hommes, beaux, comme endormis sur des galets\u00a0:\u00a0\u00a0Cette s\u00e9rie des naufrag\u00e9s date des ann\u00e9es 1980 et \u00e9voque le sida\u2026 \u00c0 l\u2019\u00e9poque, on avait beaucoup d\u2019amis tr\u00e8s jeunes qui disparaissaient, \u00e7a a \u00e9t\u00e9 terrible\u2026 C\u2019\u00e9tait une mani\u00e8re discr\u00e8te d\u2019en parler\u00a0,\u00a0racontent les artistes, \u00e9galement pass\u00e9s ma\u00eetres dans l\u2019art de d\u00e9noncer, en beaut\u00e9, la pollution des fonds marins ou de se faire l\u2019\u00e9cho de l\u2019actualit\u00e9.<\/p>\n<p>Ici, c\u2019est un morceau de cordage ramass\u00e9 sur la plage du Havre qui enserre leur mod\u00e8le, l\u00e0, ce sont des mains crisp\u00e9es sur un bouquet qui renvoient \u00e0 l\u2019angoisse des conflits arm\u00e9s.<\/p>\n<p><strong>Lire aussi :<\/strong>\u00a0<a href=\"https:\/\/trouville-deauville.maville.com\/actu\/actudet_-la-mer-fil-bleu-de-la-saison-d-ete-des-franciscaines-de-deauville-_4-6811041_actu.Htm\" target=\"_self\" rel=\"noopener\">La mer, fil bleu de la saison d\u2019\u00e9t\u00e9 des Franciscaines de Deauville<\/a><\/p>\n<p>L\u00e0 o\u00f9 les r\u00eaves rencontrent la science<\/p>\n<p>Dans la Cour des expositions, Bleu profond, l\u2019oc\u00e9an r\u00e9v\u00e9l\u00e9 convie le visiteur \u00e0 un voyage en immersion des rivages familiers aux profondeurs myst\u00e9rieuses des abysses.<\/p>\n<p>\u00a0En deux si\u00e8cles d\u2019exploration, de l\u2019aube du XVIIIe \u00e0 la fin du XXe\u00a0si\u00e8cle, le monde sous-marin a r\u00e9v\u00e9l\u00e9 des beaut\u00e9s inattendues, explique Jean de Loisy, commissaire d\u2019exposition. Ces r\u00e9v\u00e9lations, offertes aux yeux des savants, des artistes et des \u00e9crivains, et cet immense continent soudain divulgu\u00e9, ont chang\u00e9 le r\u00e9pertoire disponible des formes et de l\u2019imaginaire.\u00a0 C\u2019est le sujet de cette exposition\u00a0: un parcours entre fascination scientifique et r\u00eaverie po\u00e9tique.<\/p>\n<p><strong>Pratique\u00a0:<\/strong>\u00a0Pierre et Gilles, mondes marins, \u00e0 l\u2019espace Andr\u00e9-Hambourg, jusqu\u2019au 4\u00a0janvier. Bleu profond, l\u2019oc\u00e9an r\u00e9v\u00e9l\u00e9, dans la Cour des expositions, jusqu\u2019au 21\u00a0septembre.<br align=\"block\"\/>Les Franciscaines, avenue de la R\u00e9publique, 10\u00a0h\u00a030 \u00e0 18\u00a0h\u00a030, tous les jours sauf le lundi. Tarif exposition\u00a0: 13\u00a0\u20ac\u00a0(16\u00a0\u20ac le Pass pour voir les deux)\u00a0; abonn\u00e9s\u00a0: 8\u00a0\u20ac\u00a0(13\u00a0\u20ac)\u00a0; jeune et solidaire\u00a0: 5\u00a0\u20ac (8\u00a0\u20ac), gratuit moins de 16\u00a0ans.\u00a0Visites comment\u00e9es, le samedi, \u00e0 14\u00a0h\u00a030 (+\u00a03\u00a0\u20ac).<\/p>\n<p>\u00a0<\/p>\n","protected":false},"excerpt":{"rendered":"Pierre et Gilles jouent depuis pr\u00e8s de cinquante ans avec les codes de l\u2019histoire de l\u2019art, de la&hellip;\n","protected":false},"author":2,"featured_media":295427,"comment_status":"","ping_status":"","sticky":false,"template":"","format":"standard","meta":{"footnotes":""},"categories":[9619],"tags":[1111,11,3734,2883,1777,674,3293,1011,27,43560,12,43559,882,25,2310],"class_list":{"0":"post-295426","1":"post","2":"type-post","3":"status-publish","4":"format-standard","5":"has-post-thumbnail","7":"category-toulon","8":"tag-actu","9":"tag-actualites","10":"tag-art","11":"tag-ete","12":"tag-eu","13":"tag-europe","14":"tag-exposition","15":"tag-fr","16":"tag-france","17":"tag-franciscaines","18":"tag-news","19":"tag-plongez","20":"tag-provence-alpes-cote-dazur","21":"tag-republique-francaise","22":"tag-toulon"},"share_on_mastodon":{"url":"https:\/\/pubeurope.com\/@fr\/114969807620042539","error":""},"_links":{"self":[{"href":"https:\/\/www.europesays.com\/fr\/wp-json\/wp\/v2\/posts\/295426","targetHints":{"allow":["GET"]}}],"collection":[{"href":"https:\/\/www.europesays.com\/fr\/wp-json\/wp\/v2\/posts"}],"about":[{"href":"https:\/\/www.europesays.com\/fr\/wp-json\/wp\/v2\/types\/post"}],"author":[{"embeddable":true,"href":"https:\/\/www.europesays.com\/fr\/wp-json\/wp\/v2\/users\/2"}],"replies":[{"embeddable":true,"href":"https:\/\/www.europesays.com\/fr\/wp-json\/wp\/v2\/comments?post=295426"}],"version-history":[{"count":0,"href":"https:\/\/www.europesays.com\/fr\/wp-json\/wp\/v2\/posts\/295426\/revisions"}],"wp:featuredmedia":[{"embeddable":true,"href":"https:\/\/www.europesays.com\/fr\/wp-json\/wp\/v2\/media\/295427"}],"wp:attachment":[{"href":"https:\/\/www.europesays.com\/fr\/wp-json\/wp\/v2\/media?parent=295426"}],"wp:term":[{"taxonomy":"category","embeddable":true,"href":"https:\/\/www.europesays.com\/fr\/wp-json\/wp\/v2\/categories?post=295426"},{"taxonomy":"post_tag","embeddable":true,"href":"https:\/\/www.europesays.com\/fr\/wp-json\/wp\/v2\/tags?post=295426"}],"curies":[{"name":"wp","href":"https:\/\/api.w.org\/{rel}","templated":true}]}}