{"id":29543,"date":"2025-04-16T16:16:08","date_gmt":"2025-04-16T16:16:08","guid":{"rendered":"https:\/\/www.europesays.com\/fr\/29543\/"},"modified":"2025-04-16T16:16:08","modified_gmt":"2025-04-16T16:16:08","slug":"atp-barcelone-carlos-alcaraz-sur-le-numero-1-francais-arthur-fils-quand-jai-quitte-le-court-apres-avoir-joue-contre-lui-pour-la-premiere-fois-a-monte-carlo-jetais-stupefait","status":"publish","type":"post","link":"https:\/\/www.europesays.com\/fr\/29543\/","title":{"rendered":"ATP &#8211; Barcelone > Carlos Alcaraz sur le num\u00e9ro 1 fran\u00e7ais, Arthur Fils : \u00ab\u00a0Quand j&rsquo;ai quitt\u00e9 le court apr\u00e8s avoir jou\u00e9 contre lui pour la premi\u00e8re fois \u00e0 Monte-Carlo, j&rsquo;\u00e9tais stup\u00e9fait\u00a0\u00bb"},"content":{"rendered":"<p>De passage en conf\u00e9\u00adrence de presse \u00e0 Barcelone, apr\u00e8s son titre \u00e0 Monte\u2010Carlo o\u00f9 il a diffi\u00adci\u00adle\u00adment battu Arthur Fils en quarts de finale (4\u22126, 7\u20135, 6\u20133), Carlos Alcaraz n\u2019a pas tari d\u2019\u00e9loges envers le num\u00e9ro 1 fran\u00ad\u00e7ais (et actuel 14e mondial).\u00a0<\/p>\n<p><strong>\u00a0\u00ab\u202fA Monte\u2010Carlo, j\u2019ai jou\u00e9 avec lui pour la premi\u00e8re fois et j\u2019ai quitt\u00e9 le court stup\u00e9\u00adfait. Je savais qu\u2019il avait un tr\u00e8s bon niveau, mais j\u2019ai \u00e9t\u00e9 stup\u00e9\u00adfait par la force, le physique, le niveau qu\u2019Arthur peut atteindre. Le tennis traverse une p\u00e9riode faste. De nombreux jeunes joueurs sont capables de se battre pour de grandes choses et des titres majeurs. On l\u2019a d\u00e9j\u00e0 vu avec Mensik, un joueur qui va conti\u00adnuer \u00e0 progresser mais qui est d\u00e9j\u00e0 \u00e9tabli. Joao Fonseca est un autre joueur que j\u2019adore suivre\u202f; il a beau\u00adcoup de charisme sur le court et son tennis est incroyable\u202f\u00bb<\/strong>, a d\u00e9clar\u00e9 le quadruple laur\u00e9at en Grand Chelem dans des propos rapport\u00e9s par <a href=\"https:\/\/www.puntodebreak.com\/2025\/04\/14\/alcaraz-expectativas-gira-tierra-unico-quiero\" data-wpel-link=\"external\" target=\"_blank\" rel=\"nofollow external noopener\">Punto de Break<\/a> et <a href=\"https:\/\/www.eurosport.fr\/tennis\/atp-barcelone\/2025\/atp-500-barcelone-i-carlos-alcaraz-stupefait-du-niveau-darthur-fils-lors-de-leur-quart-de-finale-au-masters-1000-de-monte-carlo_sto23173448\/story.shtml\" data-wpel-link=\"external\" target=\"_blank\" rel=\"nofollow external noopener\">Eurosport<\/a>.<\/p>\n<p class=\"post-published-date\" style=\"color: silver; font-size: 75%; text-align: left;\">Publi\u00e9 le mardi 15 avril 2025 \u00e0 08:51<\/p>\n","protected":false},"excerpt":{"rendered":"De passage en conf\u00e9\u00adrence de presse \u00e0 Barcelone, apr\u00e8s son titre \u00e0 Monte\u2010Carlo o\u00f9 il a diffi\u00adci\u00adle\u00adment battu&hellip;\n","protected":false},"author":2,"featured_media":29544,"comment_status":"","ping_status":"","sticky":false,"template":"","format":"standard","meta":{"footnotes":""},"categories":[9],"tags":[1744,3768,1011,27,60],"class_list":{"0":"post-29543","1":"post","2":"type-post","3":"status-publish","4":"format-standard","5":"has-post-thumbnail","7":"category-sports","8":"tag-alcaraz","9":"tag-arthur-fils","10":"tag-fr","11":"tag-france","12":"tag-sports"},"share_on_mastodon":{"url":"https:\/\/pubeurope.com\/@fr\/114348542104342941","error":""},"_links":{"self":[{"href":"https:\/\/www.europesays.com\/fr\/wp-json\/wp\/v2\/posts\/29543","targetHints":{"allow":["GET"]}}],"collection":[{"href":"https:\/\/www.europesays.com\/fr\/wp-json\/wp\/v2\/posts"}],"about":[{"href":"https:\/\/www.europesays.com\/fr\/wp-json\/wp\/v2\/types\/post"}],"author":[{"embeddable":true,"href":"https:\/\/www.europesays.com\/fr\/wp-json\/wp\/v2\/users\/2"}],"replies":[{"embeddable":true,"href":"https:\/\/www.europesays.com\/fr\/wp-json\/wp\/v2\/comments?post=29543"}],"version-history":[{"count":0,"href":"https:\/\/www.europesays.com\/fr\/wp-json\/wp\/v2\/posts\/29543\/revisions"}],"wp:featuredmedia":[{"embeddable":true,"href":"https:\/\/www.europesays.com\/fr\/wp-json\/wp\/v2\/media\/29544"}],"wp:attachment":[{"href":"https:\/\/www.europesays.com\/fr\/wp-json\/wp\/v2\/media?parent=29543"}],"wp:term":[{"taxonomy":"category","embeddable":true,"href":"https:\/\/www.europesays.com\/fr\/wp-json\/wp\/v2\/categories?post=29543"},{"taxonomy":"post_tag","embeddable":true,"href":"https:\/\/www.europesays.com\/fr\/wp-json\/wp\/v2\/tags?post=29543"}],"curies":[{"name":"wp","href":"https:\/\/api.w.org\/{rel}","templated":true}]}}