{"id":295434,"date":"2025-08-04T09:37:05","date_gmt":"2025-08-04T09:37:05","guid":{"rendered":"https:\/\/www.europesays.com\/fr\/295434\/"},"modified":"2025-08-04T09:37:05","modified_gmt":"2025-08-04T09:37:05","slug":"defenseur-des-droits-justice-actions-de-letat","status":"publish","type":"post","link":"https:\/\/www.europesays.com\/fr\/295434\/","title":{"rendered":"D\u00e9fenseur des droits &#8211; Justice &#8211; Actions de l&rsquo;\u00c9tat"},"content":{"rendered":"<p>\n            Mis \u00e0 jour le\u00a011\/07\/2025\n        <\/p>\n<p>                                                                                                    <img decoding=\"async\" class=\"fr-responsive-img\" src=\"https:\/\/www.europesays.com\/fr\/wp-content\/uploads\/2025\/08\/Defenseur-des-droits_large.jpg\" alt=\"\" style=\"aspect-ratio: 1.75;\"\/><\/p>\n<p>Rendez-vous avec un d\u00e9l\u00e9gu\u00e9 du D\u00e9fenseur des droits<\/p>\n<p class=\" text-JUSTIFY\">Si vous vous estimez l\u00e9s\u00e9 (e) par le <b>fonctionnement d\u2019un service public<\/b>\u00a0: administrations de l&rsquo;\u00c9tat, collectivit\u00e9s territoriales, organismes \u00e0 mission de service public- CAF, CPAM, CARSAT, P\u00f4le Emploi, SNCF, La Poste, h\u00f4pitaux, bailleurs sociaux, fournisseurs d&rsquo;\u00e9nergie (EDF\/GDF Suez) et de distribution d&rsquo;eau&#8230; ;<\/p>\n<p class=\" text-JUSTIFY\">Si vous consid\u00e9rez que les <b>droits d\u2019un enfant<\/b>\u00a0ou d\u2019un adolescent ne sont pas respect\u00e9s ou qu\u2019une situation met en cause l\u2019int\u00e9r\u00eat d\u2019un mineur\u00a0;<\/p>\n<p class=\" text-JUSTIFY\">Si vous \u00eates t\u00e9moin ou victime d\u2019une <b>discrimination<\/b>\u00a0;<\/p>\n<p class=\" text-JUSTIFY\">Si vous estimez avoir \u00e9t\u00e9 victime ou t\u00e9moin d\u2019un comportement abusif de la part de personnes exer\u00e7ant des <b>activit\u00e9s de s\u00e9curit\u00e9<\/b>,<\/p>\n<p class=\" text-JUSTIFY\">vous pouvez vous adresser \u00e0 un <b>d\u00e9l\u00e9gu\u00e9 du D\u00e9fenseur des Droits<\/b>, que vous soyez une personne physique ou morale, de nationalit\u00e9 fran\u00e7aise ou \u00e9trang\u00e8re.<\/p>\n<p class=\" text-JUSTIFY\">Les d\u00e9l\u00e9gu\u00e9s du D\u00e9fenseur des Droits nomm\u00e9s en Seine-Maritime vous accueillent gratuitement et sur rendez-vous\u00a0dans des lieux de permanence tels que la Pr\u00e9fecture de ROUEN, les Maisons de Justice et du Droit de ROUEN, LE HAVRE, F\u00c9CAMP, ELBEUF; au p\u00f4le d&rsquo;acc\u00e8s au droit de Dieppe ainsi que dans les \u00e9tablissements p\u00e9nitentiaires de Rouen et du Havre.<\/p>\n<p><b>En pr\u00e9fecture de Seine-Maritime \u00e0 ROUEN <\/b>(bureau BC 101, au 1er \u00e9tage)<b>, la d\u00e9l\u00e9gu\u00e9e, Marie-Christine VITET, peut vous recevoir <b>sur rendez vous\u00a0 <\/b>le mardi apr\u00e8s midi essentiellement mais aussi\u00a0en cas de besoin\u00a0 le lundi et le vendredi apr\u00e8s midi . <\/b><\/p>\n<p>Pour ce faire les r\u00e9clamants peuvent contacter:<\/p>\n<p class=\" text-JUSTIFY\"><b>Un dossier complet comprenant les pi\u00e8ces relatives \u00e0 votre demande ainsi que vos coordonn\u00e9es postales et t\u00e9l\u00e9phoniques peut \u00e9galement lui \u00eatre envoy\u00e9 \u00e0 son attention\u00a0:<\/b><\/p>\n<p class=\" text-center\">\n<b>D\u00e9l\u00e9gu\u00e9 du d\u00e9fenseur des Droits<\/b><br \/><b>Pr\u00e9fecture de Seine-Maritime<\/b><br \/><b>7, place de la Madeleine<\/b><br \/><b>CS 16036<\/b><br \/><b>76036 ROUEN CEDEX<\/b><\/p>\n<p>O\u00f9 rencontrer un d\u00e9l\u00e9gu\u00e9 du d\u00e9fenseur des droits\u00a0?<\/p>\n<p>En prenant rendez-vous directement et gratuitement par t\u00e9l\u00e9phone ou en vous rendant sur le lieu de la permanence d\u2019un des 6 d\u00e9l\u00e9gu\u00e9s de la Seine-Maritime.<\/p>\n<p>Pour les identifier se rendre via internet\u00a0sur le site du d\u00e9fenseur des droits :     <a href=\"https:\/\/www.defenseurdesdroits.fr\/saisir\/delegues#76\" id=\"c20f27f1f77a5bc45807786eae633b25\" rel=\"noopener external nofollow\" title=\"Visiter le site https:\/\/www.defenseurdesdroits.fr\/saisir\/delegues#76 - nouvelle fen\u00eatre\" target=\"_blank\" class=\"fr-link\"><b>ICI\u00a0 <\/b><\/a><b>o\u00f9 sont indiqu\u00e9s les coordonn\u00e9es de tous les d\u00e9l\u00e9gu\u00e9s\u00a0et leurs lieux de permanence<\/b><\/p>\n<p>Voir \u00e9galement<\/p>\n<p>\n\u00a0    <a href=\"http:\/\/www.mediateur-republique.fr\/\" id=\"9b63331271218ad8e928fbce2426edab\" target=\"_self\" class=\"fr-link\" rel=\"nofollow noopener\">Le site du d\u00e9fenseur des droits<\/a>\u00a0<br \/>\u00a0<\/p>\n","protected":false},"excerpt":{"rendered":"Mis \u00e0 jour le\u00a011\/07\/2025 Rendez-vous avec un d\u00e9l\u00e9gu\u00e9 du D\u00e9fenseur des droits Si vous vous estimez l\u00e9s\u00e9 (e)&hellip;\n","protected":false},"author":2,"featured_media":295435,"comment_status":"","ping_status":"","sticky":false,"template":"","format":"standard","meta":{"footnotes":""},"categories":[9587],"tags":[1111,11,1777,674,1011,27,12,5161,25,9590],"class_list":{"0":"post-295434","1":"post","2":"type-post","3":"status-publish","4":"format-standard","5":"has-post-thumbnail","7":"category-rouen","8":"tag-actu","9":"tag-actualites","10":"tag-eu","11":"tag-europe","12":"tag-fr","13":"tag-france","14":"tag-news","15":"tag-normandie","16":"tag-republique-francaise","17":"tag-rouen"},"share_on_mastodon":{"url":"https:\/\/pubeurope.com\/@fr\/114969827286669115","error":""},"_links":{"self":[{"href":"https:\/\/www.europesays.com\/fr\/wp-json\/wp\/v2\/posts\/295434","targetHints":{"allow":["GET"]}}],"collection":[{"href":"https:\/\/www.europesays.com\/fr\/wp-json\/wp\/v2\/posts"}],"about":[{"href":"https:\/\/www.europesays.com\/fr\/wp-json\/wp\/v2\/types\/post"}],"author":[{"embeddable":true,"href":"https:\/\/www.europesays.com\/fr\/wp-json\/wp\/v2\/users\/2"}],"replies":[{"embeddable":true,"href":"https:\/\/www.europesays.com\/fr\/wp-json\/wp\/v2\/comments?post=295434"}],"version-history":[{"count":0,"href":"https:\/\/www.europesays.com\/fr\/wp-json\/wp\/v2\/posts\/295434\/revisions"}],"wp:featuredmedia":[{"embeddable":true,"href":"https:\/\/www.europesays.com\/fr\/wp-json\/wp\/v2\/media\/295435"}],"wp:attachment":[{"href":"https:\/\/www.europesays.com\/fr\/wp-json\/wp\/v2\/media?parent=295434"}],"wp:term":[{"taxonomy":"category","embeddable":true,"href":"https:\/\/www.europesays.com\/fr\/wp-json\/wp\/v2\/categories?post=295434"},{"taxonomy":"post_tag","embeddable":true,"href":"https:\/\/www.europesays.com\/fr\/wp-json\/wp\/v2\/tags?post=295434"}],"curies":[{"name":"wp","href":"https:\/\/api.w.org\/{rel}","templated":true}]}}