{"id":295436,"date":"2025-08-04T09:38:15","date_gmt":"2025-08-04T09:38:15","guid":{"rendered":"https:\/\/www.europesays.com\/fr\/295436\/"},"modified":"2025-08-04T09:38:15","modified_gmt":"2025-08-04T09:38:15","slug":"un-trentenaire-transporte-en-urgence-absolue-suite-a-un-incendie-dans-son-appartement","status":"publish","type":"post","link":"https:\/\/www.europesays.com\/fr\/295436\/","title":{"rendered":"un trentenaire transport\u00e9 en urgence absolue suite \u00e0 un incendie dans son appartement"},"content":{"rendered":"<p itemprop=\"description\"><strong>L\u2019incendie a eu lieu dans un immeuble d\u2019habitation situ\u00e9 \u00e0 Seyssinet-Pariset (Is\u00e8re).<\/strong><\/p>\n<p>Pr\u00e8s de 21 sapeurs-pompiers et cinq engins ont \u00e9t\u00e9 d\u00e9ploy\u00e9s aux alentours de 3h10 du matin, ce lundi 4 ao\u00fbt. En cause, un violent incendie s\u2019est d\u00e9clench\u00e9 \u00e0 l\u2019int\u00e9rieur d\u2019un appartement situ\u00e9 rue de Cartale, \u00e0 Seyssinet-Pariset, au sud de Grenoble.<\/p>\n<p>Au sein de l\u2019habitation, un homme de 37 ans a \u00e9t\u00e9 fait prisonnier des flammes pendant plusieurs minutes. Il a r\u00e9ussi \u00e0 \u00eatre \u00e9vacu\u00e9 par les soldats du feu. Pour autant, il a d\u00fb \u00eatre transport\u00e9 en urgence absolue \u00e0 l\u2019h\u00f4pital suite \u00e0 une intoxication \u00e0 la fum\u00e9e.<\/p>\n<p>L\u2019incendie a pu \u00eatre ma\u00eetris\u00e9 sans causer d\u2019autres d\u00e9g\u00e2ts dans les habitations voisines. Selon Le Dauphin\u00e9 Lib\u00e9r\u00e9, le d\u00e9part de feu aurait \u00e9t\u00e9 caus\u00e9 par une batterie de trottinette \u00e9lectrique.<\/p>\n","protected":false},"excerpt":{"rendered":"L\u2019incendie a eu lieu dans un immeuble d\u2019habitation situ\u00e9 \u00e0 Seyssinet-Pariset (Is\u00e8re). Pr\u00e8s de 21 sapeurs-pompiers et cinq&hellip;\n","protected":false},"author":2,"featured_media":295437,"comment_status":"","ping_status":"","sticky":false,"template":"","format":"standard","meta":{"footnotes":""},"categories":[9566],"tags":[1111,11,7733,8279,2430,7736,650,7734,2889,2263,1777,674,1011,27,2731,8280,6417,1114,108,4662,12,3725,1825,25,7737],"class_list":{"0":"post-295436","1":"post","2":"type-post","3":"status-publish","4":"format-standard","5":"has-post-thumbnail","7":"category-grenoble","8":"tag-actu","9":"tag-actualites","10":"tag-alpes","11":"tag-alpes1","12":"tag-auvergne-rhone-alpes","13":"tag-cds","14":"tag-cinema","15":"tag-ecoute","16":"tag-emission","17":"tag-equipe","18":"tag-eu","19":"tag-europe","20":"tag-fr","21":"tag-france","22":"tag-grenoble","23":"tag-haute","24":"tag-information","25":"tag-infos","26":"tag-isere","27":"tag-journal","28":"tag-news","29":"tag-podcast","30":"tag-radio","31":"tag-republique-francaise","32":"tag-winamp"},"share_on_mastodon":{"url":"https:\/\/pubeurope.com\/@fr\/114969831223894482","error":""},"_links":{"self":[{"href":"https:\/\/www.europesays.com\/fr\/wp-json\/wp\/v2\/posts\/295436","targetHints":{"allow":["GET"]}}],"collection":[{"href":"https:\/\/www.europesays.com\/fr\/wp-json\/wp\/v2\/posts"}],"about":[{"href":"https:\/\/www.europesays.com\/fr\/wp-json\/wp\/v2\/types\/post"}],"author":[{"embeddable":true,"href":"https:\/\/www.europesays.com\/fr\/wp-json\/wp\/v2\/users\/2"}],"replies":[{"embeddable":true,"href":"https:\/\/www.europesays.com\/fr\/wp-json\/wp\/v2\/comments?post=295436"}],"version-history":[{"count":0,"href":"https:\/\/www.europesays.com\/fr\/wp-json\/wp\/v2\/posts\/295436\/revisions"}],"wp:featuredmedia":[{"embeddable":true,"href":"https:\/\/www.europesays.com\/fr\/wp-json\/wp\/v2\/media\/295437"}],"wp:attachment":[{"href":"https:\/\/www.europesays.com\/fr\/wp-json\/wp\/v2\/media?parent=295436"}],"wp:term":[{"taxonomy":"category","embeddable":true,"href":"https:\/\/www.europesays.com\/fr\/wp-json\/wp\/v2\/categories?post=295436"},{"taxonomy":"post_tag","embeddable":true,"href":"https:\/\/www.europesays.com\/fr\/wp-json\/wp\/v2\/tags?post=295436"}],"curies":[{"name":"wp","href":"https:\/\/api.w.org\/{rel}","templated":true}]}}