{"id":295446,"date":"2025-08-04T09:45:10","date_gmt":"2025-08-04T09:45:10","guid":{"rendered":"https:\/\/www.europesays.com\/fr\/295446\/"},"modified":"2025-08-04T09:45:10","modified_gmt":"2025-08-04T09:45:10","slug":"les-douches-des-plages-bientot-coupees-la-mairie-repond","status":"publish","type":"post","link":"https:\/\/www.europesays.com\/fr\/295446\/","title":{"rendered":"les douches des plages bient\u00f4t coup\u00e9es ? La mairie r\u00e9pond"},"content":{"rendered":"<p>            Par<br \/>\n        <strong><br \/>\n            <a href=\"https:\/\/actu.fr\/auteur\/ugo-maillard\" title=\"Consulter tous les articles de Ugo Maillard\" target=\"_blank\" rel=\"noopener\">Ugo Maillard<\/a><br \/>\n        <\/strong><\/p>\n<p>        Publi\u00e9 le<\/p>\n<p>            4 ao\u00fbt 2025 \u00e0 11h26        <\/p>\n<p>Une d\u00e9cision qui pourrait \u00eatre forte symboliquement. Le mardi 29\u00a0juillet 2025, les services de la pr\u00e9fecture des <a href=\"https:\/\/actu.fr\/provence-alpes-cote-d-azur\/alpes-maritimes_06\" target=\"_blank\" rel=\"noopener\">Alpes-Maritimes<\/a> ont alert\u00e9 quant au <a href=\"https:\/\/actu.fr\/provence-alpes-cote-d-azur\/nice_06088\/nice-temps-record-sans-pluie-la-secheresse-frappe-de-plein-fouet-les-alpes-maritimes_62971057.html\" target=\"_blank\" rel=\"noopener\">niveau de s\u00e9cheresse<\/a> dans plusieurs secteurs du d\u00e9partement. <strong>Cinq communes<\/strong> ont \u00e9t\u00e9 plac\u00e9es en niveau d\u2019alerte renforc\u00e9e\u2009: Cagnes-sur-Mer, la Gaude, Saint-Jeannet, Saint-Paul de Vence, Vence. Une d\u00e9cision qui n\u2019est pas sans impact puisque de nombreuses interdictions et restrictions ont \u00e9t\u00e9 instaur\u00e9es pour les particuliers et les professionnels.<\/p>\n<p class=\" wall-content\">De son c\u00f4t\u00e9, la mairie de Cagnes-sur-Mer a fait le choix d\u2019interrompre le fonctionnement des douches publiques situ\u00e9es sur les plages de la commune.<\/p>\n<p class=\" wall-content\">Une d\u00e9cision forte qui pourrait inspirer des municipalit\u00e9s comme Nice\u2009? R\u00e9ponse.<\/p>\n<p>La mairie ne veut pas couper les douches<\/p>\n<p class=\" wall-content\">Sollicit\u00e9e par <a href=\"https:\/\/actu.fr\/nice\/\" target=\"_blank\" rel=\"noopener\">actu Nice<\/a> quant \u00e0 une possible coupure des douches de plage \u00e0 Nice, la Ville a r\u00e9pondu par le biais d\u2019une d\u00e9claration du maire, Christian Estrosi.<\/p>\n<p class=\" wall-content\">\u00ab\u2009Nice n\u2019est pas concern\u00e9e par les restrictions pr\u00e9fectorales. Ce n\u2019est pas un hasard, mais le fruit d\u2019un choix politique clair\u2009: faire de la gestion de l\u2019eau une priorit\u00e9 absolue. Pas besoin de symboles, nous avons des r\u00e9sultats.\u202fL\u2019eau m\u00e9rite mieux que des injonctions simplistes, elle appelle des solutions durables, et c\u2019est ce que nous mettons en \u0153uvre\u2009\u00bb, indique l\u2019\u00e9lu.<\/p>\n<p class=\" wall-content\">Le maire de Nice clarifie ses propos en affirmant que<strong> les douches ne seront pas coup\u00e9es<\/strong>\u2009: elles \u00ab\u2009sont d\u00e9j\u00e0 \u00e9quip\u00e9es de dispositifs \u00e9conomes\u2009: boutons-poussoirs, pommes de douche \u00e0 d\u00e9bit r\u00e9duit, coupure automatique et interdiction du savon. Elles ne consomment presque rien, et leur usage b\u00e9n\u00e9ficie en majorit\u00e9 aux Ni\u00e7ois et aux habitants de la M\u00e9tropole, bien plus qu\u2019aux visiteurs. Elles r\u00e9pondent \u00e0 un double imp\u00e9ratif, l\u2019hygi\u00e8ne \u00e9l\u00e9mentaire dans une ville touristique et la consommation responsable. Face aux appels \u00e0 la fermeture symbolique des douches, je le dis clairement\u2009: nous ne c\u00e9derons pas \u00e0 une \u00e9cologie de l\u2019interdiction. Supprimer ce qui est d\u00e9j\u00e0 sobre et utile serait non seulement inefficace, mais aussi injuste.\u2009\u00bb<\/p>\n<p>Une id\u00e9e port\u00e9e par une conseill\u00e8re municipale<\/p>\n<p class=\" wall-content\">Les \u00ab\u2009injonctions simplistes\u2009\u00bb \u00e9voqu\u00e9es par Christian Estrosi font notamment r\u00e9f\u00e9rence aux propos d\u2019H\u00e9l\u00e8ne Granouillac, \u00e9lue \u00e9cologiste d\u2019opposition au conseil municipal de Nice.<\/p>\n<p class=\" wall-content\">\u00ab\u2009Nous demandons \u00e0 la Ville de Nice, dont le maire est aussi pr\u00e9sident de la M\u00e9tropole, de faire preuve d\u2019exemplarit\u00e9 et de solidarit\u00e9 en coupant les douches de plage aussi longtemps que n\u00e9cessaire\u2009\u00bb, a-t-elle d\u00e9clar\u00e9.<\/p>\n<blockquote class=\"ac-article-quote wall-content\">\n<p>Ce choix, compr\u00e9hensible par les touristes si fait pour le bien commun, est aussi une mesure juste et \u00e9quitable pour la population locale particuli\u00e8rement vuln\u00e9rable aux al\u00e9as de cette ressource essentielle.<\/p>\n<p>    <strong>H\u00e9l\u00e8ne Granouillac <\/strong><br \/>\n        Conseill\u00e8re Ecolocratie XXI    <\/p><\/blockquote>\n<p class=\" wall-content\">\u00ab\u2009L\u2019\u00e9cologie que nous d\u00e9fendons est celle des actes concrets, pas des injonctions morales\u2009\u00bb, a, de son c\u00f4t\u00e9, r\u00e9torqu\u00e9 Christian Estrosi.<\/p>\n<p class=\" wall-content\">Suivez toute l\u2019actualit\u00e9 de vos villes et m\u00e9dias favoris en vous inscrivant \u00e0 <a href=\"https:\/\/moncompte.actu.fr\" title=\"D\u00e9couvez Mon Actu\" rel=\"nofollow noopener\" data-trk=\"{&quot;cta&quot;:{&quot;action&quot;:&quot;https:\\\/\\\/moncompte.actu.fr&quot;,&quot;category&quot;:&quot;mon compte&quot;,&quot;from&quot;:&quot;article footer&quot;,&quot;name&quot;:&quot;Mon actu&quot;,&quot;type&quot;:&quot;cta&quot;}}\" target=\"_blank\">Mon Actu<\/a>.<\/p>\n","protected":false},"excerpt":{"rendered":"Par Ugo Maillard Publi\u00e9 le 4 ao\u00fbt 2025 \u00e0 11h26 Une d\u00e9cision qui pourrait \u00eatre forte symboliquement. Le&hellip;\n","protected":false},"author":2,"featured_media":295447,"comment_status":"","ping_status":"","sticky":false,"template":"","format":"standard","meta":{"footnotes":""},"categories":[2819],"tags":[1111,11,1777,674,1011,27,12,2401,8302,52,882,25,12817],"class_list":{"0":"post-295446","1":"post","2":"type-post","3":"status-publish","4":"format-standard","5":"has-post-thumbnail","7":"category-nice","8":"tag-actu","9":"tag-actualites","10":"tag-eu","11":"tag-europe","12":"tag-fr","13":"tag-france","14":"tag-news","15":"tag-nice","16":"tag-plages","17":"tag-planete","18":"tag-provence-alpes-cote-dazur","19":"tag-republique-francaise","20":"tag-secheresse"},"share_on_mastodon":{"url":"https:\/\/pubeurope.com\/@fr\/114969858766047540","error":""},"_links":{"self":[{"href":"https:\/\/www.europesays.com\/fr\/wp-json\/wp\/v2\/posts\/295446","targetHints":{"allow":["GET"]}}],"collection":[{"href":"https:\/\/www.europesays.com\/fr\/wp-json\/wp\/v2\/posts"}],"about":[{"href":"https:\/\/www.europesays.com\/fr\/wp-json\/wp\/v2\/types\/post"}],"author":[{"embeddable":true,"href":"https:\/\/www.europesays.com\/fr\/wp-json\/wp\/v2\/users\/2"}],"replies":[{"embeddable":true,"href":"https:\/\/www.europesays.com\/fr\/wp-json\/wp\/v2\/comments?post=295446"}],"version-history":[{"count":0,"href":"https:\/\/www.europesays.com\/fr\/wp-json\/wp\/v2\/posts\/295446\/revisions"}],"wp:featuredmedia":[{"embeddable":true,"href":"https:\/\/www.europesays.com\/fr\/wp-json\/wp\/v2\/media\/295447"}],"wp:attachment":[{"href":"https:\/\/www.europesays.com\/fr\/wp-json\/wp\/v2\/media?parent=295446"}],"wp:term":[{"taxonomy":"category","embeddable":true,"href":"https:\/\/www.europesays.com\/fr\/wp-json\/wp\/v2\/categories?post=295446"},{"taxonomy":"post_tag","embeddable":true,"href":"https:\/\/www.europesays.com\/fr\/wp-json\/wp\/v2\/tags?post=295446"}],"curies":[{"name":"wp","href":"https:\/\/api.w.org\/{rel}","templated":true}]}}