{"id":295448,"date":"2025-08-04T09:46:21","date_gmt":"2025-08-04T09:46:21","guid":{"rendered":"https:\/\/www.europesays.com\/fr\/295448\/"},"modified":"2025-08-04T09:46:21","modified_gmt":"2025-08-04T09:46:21","slug":"le-chateau-de-bougon-etait-embrase-lintervention-des-pompiers-a-ete-complexe-au-sud-maville-nantes","status":"publish","type":"post","link":"https:\/\/www.europesays.com\/fr\/295448\/","title":{"rendered":"Le ch\u00e2teau de Bougon \u00e9tait \u00ab embras\u00e9 \u00bb, l&#039;intervention des pompiers a \u00e9t\u00e9 complexe au sud &#8211; Maville Nantes"},"content":{"rendered":"<ol>\n<li><a href=\"https:\/\/news.google.com\/rss\/articles\/CBMi6gFBVV95cUxNbWlLS2ZSQUlRTDNiNWk1NkpFRUxHNFpJejFUUGloZTUtQTVwaGMyQXVYbzZEWHJFVGl1TDVIMElPVUx2anhfX1pYa1BoVTFfdjhxR0diZzdybS00VG9KUko2TDc0eWNkblNveTRubW96b2NuNzhUQUxKTk1aa3ZOdS1hczk0b3ZjeWFRNEVORExpS1pBR3otSG9GSG9IOWNKa19aYlhqUndVUGJuLUh2Smpfa3psdlg0ZmFHd3JCM2pQZklWY2tyVTJISEctd0tnenozRFFvQ3FFUHR4LW9pd1RiUVk3akZpUWc?oc=5\" target=\"_blank\" rel=\"noopener\">Le ch\u00e2teau de Bougon \u00e9tait \u00ab embras\u00e9 \u00bb, l&rsquo;intervention des pompiers a \u00e9t\u00e9 complexe au sud<\/a>&nbsp;&nbsp;Maville Nantes<\/li>\n<li><a href=\"https:\/\/news.google.com\/rss\/articles\/CBMi_gFBVV95cUxOYVdWaWNLSmRqNm0tenFJMnA3RGtXai1oZEo1dWotRnNNVmJLcU9mVFpwRC1jamEyLTdrV0E5VXJXdFIzelAwQTlMTFkxYnI4NXo4eW1WOUtScDhFVzR1UXd5QTBVTGJaME9CUEE0c3oyR29VdDRYSFpfQks0eTh4Vm5UZHNtdXlabjdDRHNvSWY3ekE5NDVtRHJSTnBwVXRKbTJoVFo5dWlITm50cE1tSWt6Z2lzd0JteWJ3Q094eVFRSUw2aG92TVotOG91bl9uaHJRa3UwNmI3ajZxMWg4UWdBeTFZOUVnVVZ5dTFRVGtQZkdQc2pMWGFZdUlEQQ?oc=5\" target=\"_blank\" rel=\"noopener\">EN IMAGES. L\u2019incendie d\u2019un ch\u00e2teau d\u00e9saffect\u00e9 pr\u00e8s de Nantes mobilise les pompiers toute la nuit<\/a>&nbsp;&nbsp;Ouest-France<\/li>\n<li><a href=\"https:\/\/news.google.com\/rss\/articles\/CBMi0wFBVV95cUxPVVlFYmhWV1pwSVZ4WDVjN3ZZdjhGeTNxWUI1SlF4UEZld1VhNnpwTGlsWGh3eF85TmowZk8zdUU5dDV3QUxBTXN5NHhjMUpFUEVVUXhFT2JkUlNyb0dRTWdhVWdfa3lxam1pUnJFX20teFc2TmU4REVkYXhkUGxvbU1XOGxtVnRWTWRLamZGc20xXzZXNlNGSTRuT2pkX2R3WVZVQzE4WXVyT3l4dVpOUVI0OVR3aWlRX0ZwUmZ6X0ktZmxxb0ZQalVkZ1B3c29NSTZ3?oc=5\" target=\"_blank\" rel=\"noopener\">Un ch\u00e2teau d\u00e9saffect\u00e9 prend feu dans la nuit pr\u00e8s de l&rsquo;a\u00e9roport de Nantes<\/a>&nbsp;&nbsp;Actu.fr<\/li>\n<li><a href=\"https:\/\/news.google.com\/rss\/articles\/CBMi9wFBVV95cUxPSENEV2ZDcTZsdEkyZFFla0tpRF9xRlpVQ3E1VE5tM053X2hjZG03MnRRUDVtTGdiQm1QdHVwR1hKU0l3bEVTWDN1dXJ1ZHlwek5USFdLUXEyMk94Q1NYZGtlcVhYcFVOeHgyMXRBdlRRMVhWUGNmOEVVeTBNTTQ2ZDMtdlNueHJ1YzVsSnp6azdRYzFEOXlYSjRMbnBPanhZSUpjbGlHSnYwam12cG42SmJIR2cxbUh4ZlRlbndqMmtTV01PVXBqUFdGOHk1V0hSdzdSY0xwdVFVRVNROTBIZnFTUnhHb1JuRnU3amY5enB4M1JIb08w?oc=5\" target=\"_blank\" rel=\"noopener\">Le ch\u00e2teau de Bougon \u00e9tait \u00ab embras\u00e9 \u00bb, l\u2019intervention des pompiers a \u00e9t\u00e9 complexe au sud<\/a>&nbsp;&nbsp;Maville<\/li>\n<li><a href=\"https:\/\/news.google.com\/rss\/articles\/CBMiiwJBVV95cUxQdlRGanNJZG5oekNaay1jQnBuLWM2UTZ3ZlQ4ZWpLVkZkcFVUX2I2V1huMFVuVzJDV0tjVjZxX2NBQzZmTW13bEJ2MjNTV0NPOVRVeVdWa09KbDQ5VzBHcGdMcGZkSUJsM1hxUnNzMm9ZRXBHWG5Kb185bE9oclRFRTI2UE5aYzF6MkYtOFVtczA5dDFrZWtmeXlDa1Qtb3pxeTFrdWJIYVZQb1JTRjVGQ2M4TkloUF9KV3FxTDRkamVCbWF4ejZhcjAydUpiRmktVktrdVBTdERPMG1HeHdwaVNwTXpFSTZGLUFWbG85U2NwZldFLWxjV0FJTDktUlVwWnhmY3VpVTJ5MUE?oc=5\" target=\"_blank\" rel=\"noopener\">Le ch\u00e2teau de Bougon \u00e9tait \u00ab embras\u00e9 \u00bb, l\u2019intervention des pompiers a \u00e9t\u00e9 complexe au sud de Nantes<\/a>&nbsp;&nbsp;Ouest-France<\/li>\n<\/ol>\n","protected":false},"excerpt":{"rendered":"Le ch\u00e2teau de Bougon \u00e9tait \u00ab embras\u00e9 \u00bb, l&rsquo;intervention des pompiers a \u00e9t\u00e9 complexe au sud&nbsp;&nbsp;Maville Nantes EN&hellip;\n","protected":false},"author":2,"featured_media":295449,"comment_status":"","ping_status":"","sticky":false,"template":"","format":"standard","meta":{"footnotes":""},"categories":[2818],"tags":[1111,11,43561,4811,8030,28977,2883,1777,674,1011,27,19975,766,12,2636,1311,25,7053],"class_list":{"0":"post-295448","1":"post","2":"type-post","3":"status-publish","4":"format-standard","5":"has-post-thumbnail","7":"category-nantes","8":"tag-actu","9":"tag-actualites","10":"tag-bougon","11":"tag-chateau","12":"tag-complexe","13":"tag-embrase","14":"tag-ete","15":"tag-eu","16":"tag-europe","17":"tag-fr","18":"tag-france","19":"tag-intervention","20":"tag-nantes","21":"tag-news","22":"tag-pays-de-la-loire","23":"tag-pompiers","24":"tag-republique-francaise","25":"tag-sud"},"share_on_mastodon":{"url":"https:\/\/pubeurope.com\/@fr\/114969862716513302","error":""},"_links":{"self":[{"href":"https:\/\/www.europesays.com\/fr\/wp-json\/wp\/v2\/posts\/295448","targetHints":{"allow":["GET"]}}],"collection":[{"href":"https:\/\/www.europesays.com\/fr\/wp-json\/wp\/v2\/posts"}],"about":[{"href":"https:\/\/www.europesays.com\/fr\/wp-json\/wp\/v2\/types\/post"}],"author":[{"embeddable":true,"href":"https:\/\/www.europesays.com\/fr\/wp-json\/wp\/v2\/users\/2"}],"replies":[{"embeddable":true,"href":"https:\/\/www.europesays.com\/fr\/wp-json\/wp\/v2\/comments?post=295448"}],"version-history":[{"count":0,"href":"https:\/\/www.europesays.com\/fr\/wp-json\/wp\/v2\/posts\/295448\/revisions"}],"wp:featuredmedia":[{"embeddable":true,"href":"https:\/\/www.europesays.com\/fr\/wp-json\/wp\/v2\/media\/295449"}],"wp:attachment":[{"href":"https:\/\/www.europesays.com\/fr\/wp-json\/wp\/v2\/media?parent=295448"}],"wp:term":[{"taxonomy":"category","embeddable":true,"href":"https:\/\/www.europesays.com\/fr\/wp-json\/wp\/v2\/categories?post=295448"},{"taxonomy":"post_tag","embeddable":true,"href":"https:\/\/www.europesays.com\/fr\/wp-json\/wp\/v2\/tags?post=295448"}],"curies":[{"name":"wp","href":"https:\/\/api.w.org\/{rel}","templated":true}]}}