{"id":295457,"date":"2025-08-04T09:51:16","date_gmt":"2025-08-04T09:51:16","guid":{"rendered":"https:\/\/www.europesays.com\/fr\/295457\/"},"modified":"2025-08-04T09:51:16","modified_gmt":"2025-08-04T09:51:16","slug":"un-interne-en-medecine-victime-dune-tentative-de-meurtre-a-toulouse-deux-clandestins-mis-en-examen","status":"publish","type":"post","link":"https:\/\/www.europesays.com\/fr\/295457\/","title":{"rendered":"Un interne en m\u00e9decine victime d\u2019une tentative de meurtre \u00e0 Toulouse, deux clandestins mis en examen"},"content":{"rendered":"<p class=\"description\">Un homme de 31 ans, interne en m\u00e9decine, a \u00e9t\u00e9 violemment agress\u00e9 dans la nuit de vendredi 1er \u00e0 samedi 2 ao\u00fbt \u00e0 Toulouse (Haute-Garonne), a appris Le Figaro de sources polici\u00e8re et judiciaire. Deux \u00e9trangers en situation irr\u00e9guli\u00e8re, dont l\u2019un \u00e9tait vis\u00e9 par une obligation de quitter le territoire fran\u00e7ais (OQTF), ont \u00e9t\u00e9 mis en examen, l\u2019un pour \u00abtentative de meurtre\u00bb et l\u2019autre pour \u00abviolences aggrav\u00e9es\u00bb, et \u00e9crou\u00e9s.<\/p>\n","protected":false},"excerpt":{"rendered":"Un homme de 31 ans, interne en m\u00e9decine, a \u00e9t\u00e9 violemment agress\u00e9 dans la nuit de vendredi 1er&hellip;\n","protected":false},"author":2,"featured_media":295458,"comment_status":"","ping_status":"","sticky":false,"template":"","format":"standard","meta":{"footnotes":""},"categories":[2816],"tags":[1111,11,1777,674,118,1011,27,12,2680,25,2312,133,9989],"class_list":{"0":"post-295457","1":"post","2":"type-post","3":"status-publish","4":"format-standard","5":"has-post-thumbnail","7":"category-toulouse","8":"tag-actu","9":"tag-actualites","10":"tag-eu","11":"tag-europe","12":"tag-faits-divers","13":"tag-fr","14":"tag-france","15":"tag-news","16":"tag-occitanie","17":"tag-republique-francaise","18":"tag-toulouse","19":"tag-video","20":"tag-wochit"},"share_on_mastodon":{"url":"https:\/\/pubeurope.com\/@fr\/114969882274263284","error":""},"_links":{"self":[{"href":"https:\/\/www.europesays.com\/fr\/wp-json\/wp\/v2\/posts\/295457","targetHints":{"allow":["GET"]}}],"collection":[{"href":"https:\/\/www.europesays.com\/fr\/wp-json\/wp\/v2\/posts"}],"about":[{"href":"https:\/\/www.europesays.com\/fr\/wp-json\/wp\/v2\/types\/post"}],"author":[{"embeddable":true,"href":"https:\/\/www.europesays.com\/fr\/wp-json\/wp\/v2\/users\/2"}],"replies":[{"embeddable":true,"href":"https:\/\/www.europesays.com\/fr\/wp-json\/wp\/v2\/comments?post=295457"}],"version-history":[{"count":0,"href":"https:\/\/www.europesays.com\/fr\/wp-json\/wp\/v2\/posts\/295457\/revisions"}],"wp:featuredmedia":[{"embeddable":true,"href":"https:\/\/www.europesays.com\/fr\/wp-json\/wp\/v2\/media\/295458"}],"wp:attachment":[{"href":"https:\/\/www.europesays.com\/fr\/wp-json\/wp\/v2\/media?parent=295457"}],"wp:term":[{"taxonomy":"category","embeddable":true,"href":"https:\/\/www.europesays.com\/fr\/wp-json\/wp\/v2\/categories?post=295457"},{"taxonomy":"post_tag","embeddable":true,"href":"https:\/\/www.europesays.com\/fr\/wp-json\/wp\/v2\/tags?post=295457"}],"curies":[{"name":"wp","href":"https:\/\/api.w.org\/{rel}","templated":true}]}}