{"id":295459,"date":"2025-08-04T09:53:11","date_gmt":"2025-08-04T09:53:11","guid":{"rendered":"https:\/\/www.europesays.com\/fr\/295459\/"},"modified":"2025-08-04T09:53:11","modified_gmt":"2025-08-04T09:53:11","slug":"jusqua-2h30-de-retard-et-des-trains-supprimes-entre-paris-et-lille-apres-une-panne-electrique","status":"publish","type":"post","link":"https:\/\/www.europesays.com\/fr\/295459\/","title":{"rendered":"jusqu\u2019\u00e0 2h30 de retard et des trains supprim\u00e9s entre Paris et Lille apr\u00e8s une panne \u00e9lectrique"},"content":{"rendered":"<p>Une panne survenue ce lundi matin dans le Val-d\u2019Oise bloque la ligne \u00e0 grande vitesse entre la capitale et le Nord de la France. La SNCF esp\u00e8re un retour \u00e0 la normale en fin de soir\u00e9e.<\/p>\n<p class=\"fig-paragraph\">D\u00e9but de semaine difficile\u00a0<a href=\"http:\/\/www.lefigaro.fr\/flash-eco\/plus-d-un-tiers-des-tgv-etaient-pleins-au-premier-semestre-la-sncf-portee-par-les-records-de-frequentation-des-tgv-20250724\" data-fig-type=\"NewsFlash\" data-gtm-custom-categorie=\"navigation\" data-gtm-custom-action=\"crossclick\" data-gtm-custom-label=\"Contextuel\" data-gtm-event=\"customEventSPE\" data-fig-domain=\"LEFIGARO\" target=\"_blank\" rel=\"noopener\">pour les voyageurs<\/a>\u00a0du Nord de la France. La ligne \u00e0 grande vitesse entre Paris et Lille est interrompue ce lundi 4 ao\u00fbt depuis 8h30 du matin, \u00e0 la suite d\u2019une \u00abpanne d\u2019alimentation \u00e9lectrique dans le secteur de Moussy\u00bb, dans le Val-d\u2019Oise, indique la\u00a0<a href=\"http:\/\/www.lefigaro.fr\/conso\/la-sncf-met-en-vente-les-billets-de-train-pour-l-ete-ce-mercredi-20250311\" data-fig-type=\"NewsFlash\" data-gtm-custom-categorie=\"navigation\" data-gtm-custom-action=\"crossclick\" data-gtm-custom-label=\"Contextuel\" data-gtm-event=\"customEventSPE\" data-fig-domain=\"LEFIGARO\" target=\"_blank\" rel=\"noopener\">SNCF<\/a>.<\/p>\n<p class=\"fig-paragraph\">Les TGV inOui, les Ouigo et les Eurostar accusent jusqu\u2019\u00e0 2h30 de retard, et certains trains ont \u00e9t\u00e9 supprim\u00e9s. L\u2019incident concerne les trains circulant entre la capitale et Lille mais aussi vers\u00a0<a href=\"http:\/\/www.lefigaro.fr\/voyages\/guides\/que-faire-et-que-visiter-a-dunkerque-nos-incontournables-de-la-belle-nordiste-20230323\" data-fig-type=\"Article\" data-gtm-custom-categorie=\"navigation\" data-gtm-custom-action=\"crossclick\" data-gtm-custom-label=\"Contextuel\" data-gtm-event=\"customEventSPE\" data-fig-domain=\"LEFIGARO\" target=\"_blank\" rel=\"noopener\">Dunkerque<\/a>, Valenciennes ou encore Boulogne-sur-Mer. \u00abCertains trains vont emprunter un itin\u00e9raire de contournement via la ligne classique afin d\u2019\u00e9viter la zone de l\u2019incident, de ce fait, des modifications de dessertes et des suppressions sont \u00e0 pr\u00e9voir\u00bb, indique la compagnie ferroviaire sur son site. \u00abDe fortes perturbations et des annulations sont attendues toute la journ\u00e9e\u00bb sur la ligne Paris-Londres, indique \u00e9galement Eurostar sur son site internet.<\/p>\n<p>                                    <a class=\"fig-a11y-skip a11y-hidden\" href=\"#fig-a11y-skip-main-inarticle\"><br \/>\n        Passer la publicit\u00e9<br \/>\n    <\/a><\/p>\n<p class=\"fig-paragraph\">La SNCF indique que ses \u00ab\u00e9quipes sont mobilis\u00e9es pour permettre un retour \u00e0 la normale estim\u00e9 en fin de soir\u00e9e\u00bb et conseillent \u00e0 ceux qui le peuvent de diff\u00e9rer leur voyage. Les billets sont \u00e9changeables ou remboursables sans frais.<\/p>\n","protected":false},"excerpt":{"rendered":"Une panne survenue ce lundi matin dans le Val-d\u2019Oise bloque la ligne \u00e0 grande vitesse entre la capitale&hellip;\n","protected":false},"author":2,"featured_media":295460,"comment_status":"","ping_status":"","sticky":false,"template":"","format":"standard","meta":{"footnotes":""},"categories":[2815],"tags":[1111,11,1777,674,1011,27,811,1307,12,25,2215,6917],"class_list":{"0":"post-295459","1":"post","2":"type-post","3":"status-publish","4":"format-standard","5":"has-post-thumbnail","7":"category-lille","8":"tag-actu","9":"tag-actualites","10":"tag-eu","11":"tag-europe","12":"tag-fr","13":"tag-france","14":"tag-hauts-de-france","15":"tag-lille","16":"tag-news","17":"tag-republique-francaise","18":"tag-sncf","19":"tag-transport-ferroviaire"},"share_on_mastodon":{"url":"https:\/\/pubeurope.com\/@fr\/114969890284977374","error":""},"_links":{"self":[{"href":"https:\/\/www.europesays.com\/fr\/wp-json\/wp\/v2\/posts\/295459","targetHints":{"allow":["GET"]}}],"collection":[{"href":"https:\/\/www.europesays.com\/fr\/wp-json\/wp\/v2\/posts"}],"about":[{"href":"https:\/\/www.europesays.com\/fr\/wp-json\/wp\/v2\/types\/post"}],"author":[{"embeddable":true,"href":"https:\/\/www.europesays.com\/fr\/wp-json\/wp\/v2\/users\/2"}],"replies":[{"embeddable":true,"href":"https:\/\/www.europesays.com\/fr\/wp-json\/wp\/v2\/comments?post=295459"}],"version-history":[{"count":0,"href":"https:\/\/www.europesays.com\/fr\/wp-json\/wp\/v2\/posts\/295459\/revisions"}],"wp:featuredmedia":[{"embeddable":true,"href":"https:\/\/www.europesays.com\/fr\/wp-json\/wp\/v2\/media\/295460"}],"wp:attachment":[{"href":"https:\/\/www.europesays.com\/fr\/wp-json\/wp\/v2\/media?parent=295459"}],"wp:term":[{"taxonomy":"category","embeddable":true,"href":"https:\/\/www.europesays.com\/fr\/wp-json\/wp\/v2\/categories?post=295459"},{"taxonomy":"post_tag","embeddable":true,"href":"https:\/\/www.europesays.com\/fr\/wp-json\/wp\/v2\/tags?post=295459"}],"curies":[{"name":"wp","href":"https:\/\/api.w.org\/{rel}","templated":true}]}}