{"id":295461,"date":"2025-08-04T09:54:11","date_gmt":"2025-08-04T09:54:11","guid":{"rendered":"https:\/\/www.europesays.com\/fr\/295461\/"},"modified":"2025-08-04T09:54:11","modified_gmt":"2025-08-04T09:54:11","slug":"marseille-grave-accident-entre-une-voiture-et-un-deux-roues-sur-cet-axe-touristique","status":"publish","type":"post","link":"https:\/\/www.europesays.com\/fr\/295461\/","title":{"rendered":"Marseille. Grave accident entre une voiture et un deux-roues sur cet axe touristique"},"content":{"rendered":"<p>            Par<br \/>\n        <strong><br \/>\n            <a href=\"https:\/\/actu.fr\/auteur\/thomas-blanc\" title=\"Consulter tous les articles de Thomas Blanc\" rel=\"nofollow noopener\" target=\"_blank\">Thomas Blanc<\/a><br \/>\n        <\/strong><\/p>\n<p>        Publi\u00e9 le<\/p>\n<p>            4 ao\u00fbt 2025 \u00e0 10h59        <\/p>\n<p>Sc\u00e8ne inou\u00efe sur la <a href=\"https:\/\/actu.fr\/tag\/corniche\" rel=\"nofollow noopener\" target=\"_blank\">Corniche Kennedy.<\/a> Dans la nuit du samedi\u00a02 au dimanche 3\u00a0ao\u00fbt 2025, alors que les touristes et les simples promeneurs passent du bon temps vers Endoume, quartier pris\u00e9 de Marseille (7e), face \u00e0 la mer, <strong>un chauffard<\/strong> a fait des ravages.<\/p>\n<p class=\" wall-content\">Dans sa fr\u00e9n\u00e9sie, il a percut\u00e9 un<strong> deux-roues<\/strong> sur lequel se trouvaient <strong>deux personnes<\/strong> transport\u00e9es d\u2019urgence \u00e0 <a href=\"https:\/\/actu.fr\/tag\/la-timone\" rel=\"nofollow noopener\" target=\"_blank\">la Timone<\/a>, indiquent les <a href=\"https:\/\/actu.fr\/tag\/marin-pompier\" rel=\"nofollow noopener\" target=\"_blank\">marins-pompiers<\/a>, confirmant une information de <a href=\"https:\/\/www.laprovence.com\/article\/faits-divers-justice\/5547193304135314\/un-chauffard-a-seme-la-panique-sur-la-corniche-kennedy-a-marseille-et-grievement-blesse-2-personnes\" rel=\"nofollow noopener\" target=\"_blank\">La Provence<\/a>.<\/p>\n<p>Une vitesse excessive en cause<\/p>\n<p class=\" wall-content\">Tout cela s\u2019est produit sur les coups de 23h entre les Catalans et le quartier d\u2019<strong>Endoume<\/strong>. Les deux personnes prises en charge sont \u00ab\u2009gri\u00e8vement bless\u00e9es au niveau des membres inf\u00e9rieurs\u2009\u00bb, toujours d\u2019apr\u00e8s les secours.<\/p>\n<p class=\" wall-content\">L\u2019automobiliste arrivait \u00e0 tr\u00e8s <strong>vive allure<\/strong>, ce qui n\u2019\u00e9tonne pas les forces de l\u2019ordre puisqu\u2019elles m\u00e8nent r\u00e9guli\u00e8rement des op\u00e9rations de contr\u00f4le de la vitesse sur cet axe tr\u00e8s fr\u00e9quent\u00e9 de Marseille. Ils \u00e9taient par exemple <a href=\"https:\/\/actu.fr\/provence-alpes-cote-d-azur\/marseille_13055\/marseille-enorme-jusqu-a-139km-h-au-lieu-de-50-la-vitesse-sous-controle-sur-la-corniche_62979198.html\" rel=\"nofollow noopener\" target=\"_blank\">25 agents post\u00e9s mercredi 30\u00a0ao\u00fbt<\/a> pour veiller au respect de la limitation de vitesse.<\/p>\n<p>Des blessures importantes aux membres inf\u00e9rieurs<\/p>\n<p class=\" wall-content\">Le conducteur du deux-roues, un homme d\u2019une trentaine d\u2019ann\u00e9es souffre de <strong>multiples fractures ouvertes<\/strong> tandis que la personne l\u2019accompagnant, une femme de 22\u00a0ans, assise \u00e0 l\u2019arri\u00e8re du scooter, n\u2019a que <strong>des suspicions de fractures<\/strong>.<\/p>\n<p class=\" wall-content\">Leurs pronostics vitaux ne sont pas engag\u00e9s, malgr\u00e9 la violence du choc frontal entre le deux-roues et le bolide.<\/p>\n<p class=\" wall-content\">Le chauffard apr\u00e8s avoir tent\u00e9 de s\u2019enfuir a \u00e9t\u00e9 <strong>interpell\u00e9<\/strong> par la police. D\u2019apr\u00e8s des informations de La Provence, il est \u00e2g\u00e9 de 27\u00a0ans et poss\u00e8de un casier judiciaire bien rempli pour des faits de \u00ab\u2009vols \u00e0 la roulotte, trafic de stup\u00e9fiants, d\u00e9tention d\u2019arme, vols divers, outrages et violences.\u2009\u00bb<\/p>\n<p class=\" wall-content\">Suivez toute l\u2019actualit\u00e9 de vos villes et m\u00e9dias favoris en vous inscrivant \u00e0 <a href=\"https:\/\/moncompte.actu.fr\" title=\"D\u00e9couvez Mon Actu\" rel=\"nofollow noopener\" data-trk=\"{&quot;cta&quot;:{&quot;action&quot;:&quot;https:\\\/\\\/moncompte.actu.fr&quot;,&quot;category&quot;:&quot;mon compte&quot;,&quot;from&quot;:&quot;article footer&quot;,&quot;name&quot;:&quot;Mon actu&quot;,&quot;type&quot;:&quot;cta&quot;}}\" target=\"_blank\">Mon Actu<\/a>.<\/p>\n","protected":false},"excerpt":{"rendered":"Par Thomas Blanc Publi\u00e9 le 4 ao\u00fbt 2025 \u00e0 10h59 Sc\u00e8ne inou\u00efe sur la Corniche Kennedy. Dans la&hellip;\n","protected":false},"author":2,"featured_media":273868,"comment_status":"","ping_status":"","sticky":false,"template":"","format":"standard","meta":{"footnotes":""},"categories":[2814],"tags":[119,1111,11,7958,1777,674,118,1011,27,17289,884,12,882,25],"class_list":{"0":"post-295461","1":"post","2":"type-post","3":"status-publish","4":"format-standard","5":"has-post-thumbnail","7":"category-marseille","8":"tag-accident","9":"tag-actu","10":"tag-actualites","11":"tag-corniche","12":"tag-eu","13":"tag-europe","14":"tag-faits-divers","15":"tag-fr","16":"tag-france","17":"tag-marin-pompier","18":"tag-marseille","19":"tag-news","20":"tag-provence-alpes-cote-dazur","21":"tag-republique-francaise"},"share_on_mastodon":{"url":"https:\/\/pubeurope.com\/@fr\/114969894168170984","error":""},"_links":{"self":[{"href":"https:\/\/www.europesays.com\/fr\/wp-json\/wp\/v2\/posts\/295461","targetHints":{"allow":["GET"]}}],"collection":[{"href":"https:\/\/www.europesays.com\/fr\/wp-json\/wp\/v2\/posts"}],"about":[{"href":"https:\/\/www.europesays.com\/fr\/wp-json\/wp\/v2\/types\/post"}],"author":[{"embeddable":true,"href":"https:\/\/www.europesays.com\/fr\/wp-json\/wp\/v2\/users\/2"}],"replies":[{"embeddable":true,"href":"https:\/\/www.europesays.com\/fr\/wp-json\/wp\/v2\/comments?post=295461"}],"version-history":[{"count":0,"href":"https:\/\/www.europesays.com\/fr\/wp-json\/wp\/v2\/posts\/295461\/revisions"}],"wp:featuredmedia":[{"embeddable":true,"href":"https:\/\/www.europesays.com\/fr\/wp-json\/wp\/v2\/media\/273868"}],"wp:attachment":[{"href":"https:\/\/www.europesays.com\/fr\/wp-json\/wp\/v2\/media?parent=295461"}],"wp:term":[{"taxonomy":"category","embeddable":true,"href":"https:\/\/www.europesays.com\/fr\/wp-json\/wp\/v2\/categories?post=295461"},{"taxonomy":"post_tag","embeddable":true,"href":"https:\/\/www.europesays.com\/fr\/wp-json\/wp\/v2\/tags?post=295461"}],"curies":[{"name":"wp","href":"https:\/\/api.w.org\/{rel}","templated":true}]}}