{"id":295465,"date":"2025-08-04T09:57:10","date_gmt":"2025-08-04T09:57:10","guid":{"rendered":"https:\/\/www.europesays.com\/fr\/295465\/"},"modified":"2025-08-04T09:57:10","modified_gmt":"2025-08-04T09:57:10","slug":"pres-de-lyon-un-chauffeur-de-camion-a-la-conduite-inconsciente-filme-sur-la46-un-danger-public","status":"publish","type":"post","link":"https:\/\/www.europesays.com\/fr\/295465\/","title":{"rendered":"Pr\u00e8s de Lyon. Un chauffeur de camion \u00e0 la conduite inconsciente film\u00e9 sur l&rsquo;A46 : \u00ab\u00a0Un danger public\u00a0\u00bb"},"content":{"rendered":"<p>            Par<br \/>\n        <strong><br \/>\n            <a href=\"https:\/\/actu.fr\/auteur\/nicolas-zaugra\" title=\"Consulter tous les articles de Nicolas Zaugra\" target=\"_blank\" rel=\"noopener\">Nicolas Zaugra<\/a><br \/>\n        <\/strong><\/p>\n<p>        Publi\u00e9 le<\/p>\n<p>            4 ao\u00fbt 2025 \u00e0 11h52        <\/p>\n<p>C\u2019est une man\u0153uvre ultra-dangereuse film\u00e9e par un autre conducteur et mise en ligne sur les r\u00e9seaux sociaux le 2\u00a0ao\u00fbt dernier.<\/p>\n<p class=\" wall-content\">Une vid\u00e9o montrant un poids lourd blanc faisant demi-tour \u00e0 l\u2019entr\u00e9e d\u2019une aire d\u2019autoroute de l\u2019<strong>A46, au sud de Lyon<\/strong>, a \u00e9t\u00e9 vue des millions de fois sur Facebook ou encore TikTok ces derni\u00e8res heures.<\/p>\n<p>Un demi-tour sur l\u2019autoroute, \u00ab\u2009un danger public\u2009\u00bb<\/p>\n<p class=\" wall-content\">Les trente secondes de la vid\u00e9o, qu\u2019il n\u2019est pas possible de dater, ont \u00e9t\u00e9 film\u00e9es <strong>\u00e0 l\u2019entr\u00e9e de l\u2019aide de Communay-Sud<\/strong>, au niveau de la sortie 17. L\u2019aire se situe dans le Rh\u00f4ne, dans le sens Givors vers <a href=\"https:\/\/actu.fr\/auvergne-rhone-alpes\/lyon_69123\" target=\"_blank\" rel=\"noopener\">Lyon<\/a>. \u00ab\u2009Mais qu\u2019est-ce qu\u2019il fait\u2009? Mais qu\u2019est-ce que tu fais\u2009?\u2009\u00bb, s\u2019interroge \u00e0 haute voix le conducteur qui a film\u00e9 la sc\u00e8ne. \u00ab\u2009Oh le danger public, oh la dinguerie\u2009\u00bb, dit-il alors que le camion effectue un demi-tour \u00e0 contresens de l\u2019entr\u00e9e de l\u2019aire pour se r\u00e9ins\u00e9rer sur l\u2019autoroute.<\/p>\n<p class=\" wall-content\">La vid\u00e9o publi\u00e9e sur Facebook totalise d\u00e9j\u00e0 <strong>4,3\u00a0millions de vues<\/strong> et plus de 500\u2009000 sur Tik Tok.<\/p>\n<p>    <a href=\"https:\/\/www.facebook.com\/plugins\/video.php?height=476&amp;href=https%3A%2F%2Fwww.facebook.com%2Fletribunaldunet%2Fvideos%2F772349771986340%2F&amp;show_text=false&amp;width=350&amp;t=0\" title=\"Ouvrie le lien\" target=\"_blank\" rel=\"noopener\">Cliquez ici pour visualiser le contenu<\/a><\/p>\n<blockquote class=\"tiktok-embed\" cite=\"https:\/\/www.tiktok.com\/@theo_constant\/video\/7533309322340650262\" data-video-id=\"7533309322340650262\" data-embed-from=\"oembed\" style=\"max-width:605px; min-width:325px;\"><p>\n<a target=\"_blank\" title=\"@theo_constant\" href=\"https:\/\/www.tiktok.com\/@theo_constant?refer=embed\" rel=\"noopener\">@theo_constant<\/a> <\/p>\n<p>Bien jouer conducteur venant de l\u2019EST <\/p>\n<p> <a target=\"_blank\" title=\"\u266c son original - Theo Constant\" href=\"https:\/\/www.tiktok.com\/music\/son-original-7533309524867582742?refer=embed\" rel=\"noopener\">\u266c son original \u2013 Theo Constant<\/a> <\/p>\n<\/blockquote>\n<p>    <a href=\"https:\/\/www.google.com\/maps\/embed?pb=!1m18!1m12!1m3!1d141163.11026182!2d4.832825932469673!3d45.62603009639927!2m3!1f0!2f0!3f0!3m2!1i1024!2i768!4f13.1!3m3!1m2!1s0x47f4e70b5dc716bb%3A0xb60a6fd05413115d!2sAire%20de%20Communay-Sud!5e0!3m2!1sfr!2sfr!4v1754299883627!5m2!1sfr!2sfr\" title=\"Ouvrie le lien\" target=\"_blank\" rel=\"noopener\">Cliquez ici pour visualiser le contenu<\/a><\/p>\n<p>Une man\u0153uvre tr\u00e8s dangereuse \u00e0 ne pas faire<\/p>\n<p class=\" wall-content\">De source polici\u00e8re, il n\u2019y a pas eu d\u2019intervention de la CRS Autoroute Rh\u00f4ne Alpes Auvergne sur ce cas sp\u00e9cifique.<\/p>\n<p class=\" wall-content\">Mais les autorit\u00e9s pr\u00e9viennent\u2009: une telle man\u0153uvre est tr\u00e8s dangereuse et elle ne doit pas \u00eatre reproduite. Elle peut mettre en danger les usagers de la route et provoquer un grave accident. L\u2019infraction peut aussi co\u00fbter cher au chauffeur du camion.<\/p>\n<p class=\" wall-content\">Effectuer une marche arri\u00e8re ou un demi-tour sur autoroute\u00a0est strictement <strong>interdit<\/strong> et constitue une\u00a0contravention\u00a0de classe 4 punie par une amende et un retrait de points sur le permis de conduire. Le conducteur peut \u00e9galement \u00eatre sanctionn\u00e9 par une suspension de permis d\u2019une dur\u00e9e maximale de 3\u00a0ans.<\/p>\n<p class=\" wall-content\">Suivez toute l\u2019actualit\u00e9 de vos villes et m\u00e9dias favoris en vous inscrivant \u00e0 <a href=\"https:\/\/moncompte.actu.fr\" title=\"D\u00e9couvez Mon Actu\" rel=\"nofollow noopener\" data-trk=\"{&quot;cta&quot;:{&quot;action&quot;:&quot;https:\\\/\\\/moncompte.actu.fr&quot;,&quot;category&quot;:&quot;mon compte&quot;,&quot;from&quot;:&quot;article footer&quot;,&quot;name&quot;:&quot;Mon actu&quot;,&quot;type&quot;:&quot;cta&quot;}}\" target=\"_blank\">Mon Actu<\/a>.<\/p>\n<ul class=\"ac-article-tag wall-content\">\n<li><a href=\"https:\/\/actu.fr\/tag\/autoroute-7-a7\" data-trk=\"{&quot;cta&quot;:{&quot;action&quot;:&quot;Autoroute 7 (A7)&quot;,&quot;category&quot;:&quot;tag&quot;,&quot;from&quot;:&quot;article footer&quot;,&quot;name&quot;:&quot;Autoroute 7 (A7)&quot;,&quot;type&quot;:&quot;cta&quot;}}\" target=\"_blank\" rel=\"noopener\">#Autoroute 7 (A7)<\/a><\/li>\n<li><a href=\"https:\/\/actu.fr\/tag\/securite-routiere\" data-trk=\"{&quot;cta&quot;:{&quot;action&quot;:&quot;S\\u00e9curit\\u00e9 routi\\u00e8re&quot;,&quot;category&quot;:&quot;tag&quot;,&quot;from&quot;:&quot;article footer&quot;,&quot;name&quot;:&quot;S\\u00e9curit\\u00e9 routi\\u00e8re&quot;,&quot;type&quot;:&quot;cta&quot;}}\" target=\"_blank\" rel=\"noopener\">#S\u00e9curit\u00e9 routi\u00e8re<\/a><\/li>\n<\/ul>\n<p>                    <script async src=\"\/\/www.tiktok.com\/embed.js\"><\/script><\/p>\n","protected":false},"excerpt":{"rendered":"Par Nicolas Zaugra Publi\u00e9 le 4 ao\u00fbt 2025 \u00e0 11h52 C\u2019est une man\u0153uvre ultra-dangereuse film\u00e9e par un autre&hellip;\n","protected":false},"author":2,"featured_media":295466,"comment_status":"","ping_status":"","sticky":false,"template":"","format":"standard","meta":{"footnotes":""},"categories":[1889],"tags":[1111,11,6423,2430,1777,674,118,1011,27,2428,12,25,5009],"class_list":{"0":"post-295465","1":"post","2":"type-post","3":"status-publish","4":"format-standard","5":"has-post-thumbnail","7":"category-lyon","8":"tag-actu","9":"tag-actualites","10":"tag-autoroute-7-a7","11":"tag-auvergne-rhone-alpes","12":"tag-eu","13":"tag-europe","14":"tag-faits-divers","15":"tag-fr","16":"tag-france","17":"tag-lyon","18":"tag-news","19":"tag-republique-francaise","20":"tag-securite-routiere"},"share_on_mastodon":{"url":"https:\/\/pubeurope.com\/@fr\/114969905907085142","error":""},"_links":{"self":[{"href":"https:\/\/www.europesays.com\/fr\/wp-json\/wp\/v2\/posts\/295465","targetHints":{"allow":["GET"]}}],"collection":[{"href":"https:\/\/www.europesays.com\/fr\/wp-json\/wp\/v2\/posts"}],"about":[{"href":"https:\/\/www.europesays.com\/fr\/wp-json\/wp\/v2\/types\/post"}],"author":[{"embeddable":true,"href":"https:\/\/www.europesays.com\/fr\/wp-json\/wp\/v2\/users\/2"}],"replies":[{"embeddable":true,"href":"https:\/\/www.europesays.com\/fr\/wp-json\/wp\/v2\/comments?post=295465"}],"version-history":[{"count":0,"href":"https:\/\/www.europesays.com\/fr\/wp-json\/wp\/v2\/posts\/295465\/revisions"}],"wp:featuredmedia":[{"embeddable":true,"href":"https:\/\/www.europesays.com\/fr\/wp-json\/wp\/v2\/media\/295466"}],"wp:attachment":[{"href":"https:\/\/www.europesays.com\/fr\/wp-json\/wp\/v2\/media?parent=295465"}],"wp:term":[{"taxonomy":"category","embeddable":true,"href":"https:\/\/www.europesays.com\/fr\/wp-json\/wp\/v2\/categories?post=295465"},{"taxonomy":"post_tag","embeddable":true,"href":"https:\/\/www.europesays.com\/fr\/wp-json\/wp\/v2\/tags?post=295465"}],"curies":[{"name":"wp","href":"https:\/\/api.w.org\/{rel}","templated":true}]}}