{"id":295476,"date":"2025-08-04T10:04:15","date_gmt":"2025-08-04T10:04:15","guid":{"rendered":"https:\/\/www.europesays.com\/fr\/295476\/"},"modified":"2025-08-04T10:04:15","modified_gmt":"2025-08-04T10:04:15","slug":"personne-ne-veut-savouer-quil-vit-en-cage-lexpress","status":"publish","type":"post","link":"https:\/\/www.europesays.com\/fr\/295476\/","title":{"rendered":"\u00ab\u00a0Personne ne veut s\u2019avouer qu\u2019il vit en cage\u00a0\u00bb \u2013 L&rsquo;Express"},"content":{"rendered":"<p class=\"paragraph article-body-paragraph article__item   article-body-paragraph--first \">Elle est l\u2019opposante que personne n\u2019attendait en Russie\u2026 Le visage d\u2019un espoir, m\u00eame faible, m\u00eame lointain, d\u2019un avenir sans <a href=\"https:\/\/www.lexpress.fr\/monde\/europe\/la-russie-de-poutine_1071912.html\" target=\"_self\" rel=\"nofollow noopener\" title=\"https:\/\/www.lexpress.fr\/monde\/europe\/la-russie-de-poutine_1071912.html\">Vladimir Poutine<\/a>. Ekaterina Dountsova, journaliste de 41 ans et \u00e9lue municipale de la r\u00e9gion de Tver, au nord de Moscou, a os\u00e9 se porter candidate contre le chef du Kremlin, en novembre 2023.<\/p>\n<p><strong class=\"article-body-link-list__item text-gray-800 article-body-link-list__item--one-item\">LIRE AUSSI : <a class=\"article-body-link-list__item-link\" href=\"https:\/\/www.lexpress.fr\/monde\/europe\/exclusif-vladislav-sourkov-le-vrai-mage-du-kremlin-la-russie-setendra-dans-toutes-les-directions-PU4FYE4TZBET7GJIXHXIEPJN7A\/\" target=\"_blank\" rel=\"noreferrer nofollow noopener\">EXCLUSIF. Vladislav Sourkov, le vrai mage du Kremlin : \u00ab\u00a0La guerre en Ukraine permettra de s\u00e9parer les brebis et les boucs\u00a0\u00bb<\/a><\/strong><\/p>\n<p class=\"paragraph article-body-paragraph article__item   \">La <a href=\"https:\/\/www.lexpress.fr\/monde\/europe\/l-ukraine-hesite-entre-est-et-ouest_1302698.html\" target=\"_self\" rel=\"nofollow noopener\" title=\"https:\/\/www.lexpress.fr\/monde\/europe\/l-ukraine-hesite-entre-est-et-ouest_1302698.html\">guerre en Ukraine<\/a> dure alors depuis plus d\u2019un an et demi, et dans une Russie qui s\u2019enfonce toujours plus dans l\u2019autoritarisme, on se pr\u00e9pare \u00e0 une \u00e9lection pr\u00e9sidentielle sans enjeu ni passion. L\u2019opposition est lamin\u00e9e, en exil ou en prison. Le 6 novembre, coup de th\u00e9\u00e2tre : <a href=\"https:\/\/www.lexpress.fr\/monde\/presidentielle-russe-comment-poutine-a-elimine-la-vraie-concurrence-5MOP2PHKANHTFFVYCHWNJ2FTRE\/\" target=\"_self\" rel=\"nofollow noopener\" title=\"https:\/\/www.lexpress.fr\/monde\/presidentielle-russe-comment-poutine-a-elimine-la-vraie-concurrence-5MOP2PHKANHTFFVYCHWNJ2FTRE\/\">Ekaterina Dountsova<\/a> fait les gros titres de la presse en d\u00e9posant sa candidature. Son programme : mettre fin \u00e0 la guerre, lib\u00e9rer les prisonniers politiques, cesser les pers\u00e9cutions visant les personnes LGBT. Dans un pays o\u00f9 le simple fait <a href=\"https:\/\/www.lexpress.fr\/monde\/europe\/michel-niqueux-dans-le-vocabulaire-poutinien-loccident-satanique-est-devenu-un-lieu-commun-HG6S36F44RAK7LWWFGUDBSUQNQ\/\" target=\"_self\" rel=\"nofollow noopener\" title=\"https:\/\/www.lexpress.fr\/monde\/europe\/michel-niqueux-dans-le-vocabulaire-poutinien-loccident-satanique-est-devenu-un-lieu-commun-HG6S36F44RAK7LWWFGUDBSUQNQ\/\">de prononcer ces mots<\/a> a men\u00e9 en prison des dizaines de personnes, ses paroles font l\u2019effet d\u2019une bombe.<\/p>\n<p class=\"paragraph article-body-paragraph article__item   \">Sa candidature a toutes les chances d\u2019\u00eatre rejet\u00e9e mais le simple fait de la soutenir, se rendre \u00e0 ses meetings de campagne, devient, pour tous les sympathisants de l\u2019opposition, une fa\u00e7on de se compter et de sortir de l\u2019isolement. Un mini-printemps russe d\u2019une courte dur\u00e9e : le 23 d\u00e9cembre, la commission \u00e9lectorale centrale invalide sa candidature. Trois mois plus tard, <a href=\"https:\/\/www.lexpress.fr\/monde\/europe\/poutine-reelu-a-la-tete-de-la-russie-la-spirale-du-pire-est-enclenchee-ZQ7LNZ37MRD5PDFSLLJXQYI4RY\/\" target=\"_self\" rel=\"nofollow noopener\" title=\"https:\/\/www.lexpress.fr\/monde\/europe\/poutine-reelu-a-la-tete-de-la-russie-la-spirale-du-pire-est-enclenchee-ZQ7LNZ37MRD5PDFSLLJXQYI4RY\/\">Poutine est r\u00e9\u00e9lu avec 88 % des voix<\/a>. Fin de l\u2019histoire, pas des espoirs.<\/p>\n<p class=\"paragraph article-body-paragraph article__item   \">Depuis son \u00e9pop\u00e9e pr\u00e9sidentielle, malgr\u00e9 les pressions, Ekaterina Dountsova continue de travailler. Elle a fond\u00e9 un parti politique, Rassviet (\u00ab\u00a0Aube\u00a0\u00bb en russe). Sa ligne : respecter scrupuleusement la l\u00e9gislation russe, pour ne pas exposer ses proches et ses partisans \u00e0 des pers\u00e9cutions. Dans l\u2019interview qu\u2019elle a accord\u00e9e \u00e0 L\u2019Express, ses mots sont choisis avec soin : l\u2019\u00e9lue parle \u00ab\u00a0d\u2019op\u00e9ration militaire sp\u00e9ciale\u00a0\u00bb et non de \u00ab\u00a0guerre\u00a0\u00bb, \u00e9vite de mentionner par son nom l\u2019opposant assassin\u00e9 Alexe\u00ef Navalny. Elle y croit dur comme fer : une autre Russie est encore possible.<\/p>\n<p class=\"paragraph article-body-paragraph article__item   \"><b>L\u2019Express : Le 29 juillet, Donald Trump a donn\u00e9 dix jours \u00e0 la Russie pour mettre fin au conflit en Ukraine. Pensez-vous que Vladimir Poutine se pliera \u00e0 cet ultimatum ?<\/b><\/p>\n<p class=\"paragraph article-body-paragraph article__item   \"><b>Ekaterina Dountsova<\/b> : Ce n\u2019est pas la premi\u00e8re fois que Donald Trump dit qu\u2019il va mettre fin aux hostilit\u00e9s. Il a beaucoup promis et beaucoup menac\u00e9. Mais cela n\u2019a jamais eu le moindre effet sur la situation r\u00e9elle. Essayer d\u2019analyser la politique am\u00e9ricaine actuelle me semble tout aussi absurde que d\u2019essayer d\u2019analyser la politique russe. Autant tenter de lire dans le marc de caf\u00e9 !<\/p>\n<p><strong class=\"article-body-link-list__item text-gray-800 article-body-link-list__item--one-item\">LIRE AUSSI : <a class=\"article-body-link-list__item-link\" href=\"https:\/\/www.lexpress.fr\/monde\/europe\/michel-niqueux-dans-le-vocabulaire-poutinien-loccident-satanique-est-devenu-un-lieu-commun-HG6S36F44RAK7LWWFGUDBSUQNQ\/\" target=\"_blank\" rel=\"noreferrer nofollow noopener\">Michel Niqueux : \u00ab\u00a0Dans le vocabulaire poutinien, l\u2019Occident satanique est devenu un lieu commun\u00a0\u00bb<\/a><\/strong><\/p>\n<p class=\"paragraph article-body-paragraph article__item   \"><b>En 2023, vous aviez ax\u00e9 votre candidature autour de la fin de \u00ab\u00a0l\u2019op\u00e9ration militaire sp\u00e9ciale\u00a0\u00bb. Qu\u2019est-ce qui vous a d\u00e9cid\u00e9 \u00e0 vous porter candidate \u00e0 l\u2019\u00e9lection pr\u00e9sidentielle ?<\/b><\/p>\n<p class=\"paragraph article-body-paragraph article__item   \">Quelqu\u2019un devait se pr\u00e9senter, dire : \u00ab\u00a0Je suis citoyen de mon pays aussi, j\u2019ai le droit d\u2019\u00eatre candidat \u00e0 l\u2019\u00e9lection pr\u00e9sidentielle.\u00a0\u00bb Parce qu\u2019il y avait au d\u00e9part une quinzaine de candidats, et tous disaient la m\u00eame chose : \u00ab\u00a0Moi je suis l\u00e0 juste comme \u00e7a, mais je soutiens <a href=\"https:\/\/www.lexpress.fr\/idees-et-debats\/peter-rough-ex-conseiller-de-bush-des-decisions-vraiment-douloureuses-se-profilent-pour-poutine-A6STI55EUZEYVC4MJT5T2KJ3RQ\/\" target=\"_self\" rel=\"nofollow noopener\" title=\"https:\/\/www.lexpress.fr\/idees-et-debats\/peter-rough-ex-conseiller-de-bush-des-decisions-vraiment-douloureuses-se-profilent-pour-poutine-A6STI55EUZEYVC4MJT5T2KJ3RQ\/\">Vladimir Poutine\u00a0\u00bb<\/a>\u2026 Dans ce contexte, \u00e9videmment, ma candidature a fait du bruit.<\/p>\n<p><img decoding=\"async\" src=\"https:\/\/www.europesays.com\/fr\/wp-content\/uploads\/2025\/08\/GQLMX3JJL5DILPGSJOZMONSL2Y.jpg\" class=\"image-with-legend__cover-img\" alt=\"La journaliste et ex-\u00e9lue municipale russe Ekaterina Dountsova, candidate \u00e0 la pr\u00e9sidentielle, assiste \u00e0 une r\u00e9union \u00e0 la Commission \u00e9lectorale centrale, le 23 d\u00e9cembre 2023 \u00e0 Moscou\" width=\"883\" height=\"0\" loading=\"lazy\"\/><\/p>\n<p class=\"image-with-legend__legend\">La journaliste et ex-\u00e9lue municipale russe Ekaterina Dountsova, candidate \u00e0 la pr\u00e9sidentielle, assiste \u00e0 une r\u00e9union \u00e0 la Commission \u00e9lectorale centrale, le 23 d\u00e9cembre 2023 \u00e0 Moscou<\/p>\n<p class=\"image-with-legend__credits\"> \u00a9  \/ afp.com\/Arden Arkman<\/p>\n<p class=\"paragraph article-body-paragraph article__item   \"><b>Vous aviez d\u00e9j\u00e0 une activit\u00e9 publique ?<\/b><\/p>\n<p class=\"paragraph article-body-paragraph article__item   \">J\u2019\u00e9tais journaliste depuis quinze ans dans une t\u00e9l\u00e9vision ind\u00e9pendante, j\u2019\u00e9tais aussi \u00e9lue municipale de Tver. Cela m\u2019a appris \u00e0 faire des compromis, \u00e0 adoucir mon discours, \u00e0 adopter un ton apais\u00e9. C\u2019est ce qui a \u00e9t\u00e9 la base de ma campagne pr\u00e9sidentielle.<\/p>\n<p class=\"paragraph article-body-paragraph article__item   \">Les phrases-chocs, les slogans agressifs, appeler \u00e0 l\u2019insurrection, \u00e7a a d\u00e9j\u00e0 \u00e9t\u00e9 essay\u00e9. Des leaders politiques en sont morts. Appeler les gens \u00e0 monter des barricades aurait \u00e9t\u00e9 criminel. Donc, j\u2019ai d\u00e9cid\u00e9 d\u2019\u00eatre moi-m\u00eame. Les gens ont vu que j\u2019\u00e9tais sinc\u00e8re, et je crois que \u00e7a leur manquait, une personne qui soit comme eux. C\u2019est pour \u00e7a que j\u2019ai \u00e9t\u00e9 si soutenue.<\/p>\n<p class=\"paragraph article-body-paragraph article__item   \"><b>Pourquoi vous ?<\/b> <b>Comment avez-vous d\u00e9cid\u00e9 que \u00e7a devait \u00eatre pr\u00e9cis\u00e9ment vous qui incarneriez cette volont\u00e9 de changement ?<\/b><\/p>\n<p class=\"paragraph article-body-paragraph article__item   \">Au d\u00e9part, il n\u2019\u00e9tait pas question que je me pr\u00e9sente seule. Nous \u00e9tions une \u00e9quipe, et nous voulions pr\u00e9senter une candidature collective. Mais en voyant l\u2019ampleur que prenait notre initiative et la violence de certaines r\u00e9actions, tous les membres de cette \u00e9quipe ont renonc\u00e9 l\u2019un apr\u00e8s l\u2019autre. Et je me suis retrouv\u00e9e toute seule, sans les 5-6 candidats qui devaient se pr\u00e9senter avec moi. Il ne restait plus que moi et nos militants.<\/p>\n<p class=\"paragraph article-body-paragraph article__item   \"><b>Finalement, vous n\u2019avez pas \u00e9t\u00e9 autoris\u00e9e \u00e0 participer. Cela vous a-t-il surpris ?<\/b><\/p>\n<p class=\"paragraph article-body-paragraph article__item   \">On a invalid\u00e9 ma candidature au pr\u00e9texte que nous n\u2019avions pas agraf\u00e9 correctement les feuilles qui portaient les signatures des gens qui nous soutenaient, ou que les dates n\u2019\u00e9taient pas indiqu\u00e9es au bon format\u2026 Evidemment, c\u2019\u00e9tait un pr\u00e9texte. Si l\u2019Etat avait voulu qu\u2019il y ait un vrai choix d\u00e9mocratique \u00e0 ces \u00e9lections, il l\u2019aurait rendu possible.<\/p>\n<p><strong class=\"article-body-link-list__item text-gray-800 article-body-link-list__item--one-item\">LIRE AUSSI : <a class=\"article-body-link-list__item-link\" href=\"https:\/\/www.lexpress.fr\/monde\/europe\/vladimir-poutine-la-guerre-dapres-comment-il-se-prepare-a-attaquer-leurope-BQG4FF5L2JBTRNBR5OUES2VK7M\/\" target=\"_blank\" rel=\"noreferrer nofollow noopener\">Vladimir Poutine, la guerre d&rsquo;apr\u00e8s : comment il se pr\u00e9pare \u00e0 attaquer l&rsquo;Europe<\/a><\/strong><\/p>\n<p class=\"paragraph article-body-paragraph article__item   \"><b>Vous vous doutiez sans doute que le syst\u00e8me allait se d\u00e9fendre de cette fa\u00e7on\u2026<\/b><\/p>\n<p class=\"paragraph article-body-paragraph article__item   \">Bien s\u00fbr. La commission \u00e9lectorale centrale faisait juste son m\u00e9tier, et ce m\u00e9tier n\u2019est pas d\u2019organiser un processus \u00e9lectoral d\u00e9mocratique et transparent, mais d\u2019ob\u00e9ir aux ordres qui lui viennent d\u2019en haut.<\/p>\n<\/p>\n<p class=\"paragraph article-body-paragraph article__item   \"><b>Que peut-on faire, si l\u2019acc\u00e8s au champ politique est interdit par l\u2019\u00c9tat ?<\/b><\/p>\n<p class=\"paragraph article-body-paragraph article__item   \">Apr\u00e8s l\u2019invasion de la r\u00e9gion de <a href=\"https:\/\/www.lexpress.fr\/monde\/asie\/guerre-en-ukraine-koursk-le-piege-mortel-des-soldats-nord-coreens-BRV5MC7CAJCPTOGG4QMEFH2X3A\/\" target=\"_self\" rel=\"nofollow noopener\" title=\"https:\/\/www.lexpress.fr\/monde\/asie\/guerre-en-ukraine-koursk-le-piege-mortel-des-soldats-nord-coreens-BRV5MC7CAJCPTOGG4QMEFH2X3A\/\">Koursk<\/a> par l\u2019arm\u00e9e ukrainienne, nous avons organis\u00e9 un projet pour distribuer de l\u2019aide humanitaire aux personnes d\u00e9plac\u00e9es, et cela nous a aid\u00e9s \u00e0 parler de notre parti politique, de dire aux gens que nous \u00e9tions pour la paix, que ce qui leur arrivait \u00e9tait la cons\u00e9quence de \u00ab\u00a0l\u2019op\u00e9ration militaire sp\u00e9ciale\u00a0\u00bb.<\/p>\n<p class=\"paragraph article-body-paragraph article__item   \"><b>Ces projets humanitaires ont parfois \u00e9t\u00e9 critiqu\u00e9s comme aidant \u00e0 l\u2019effort de guerre russe\u2026<\/b><\/p>\n<p class=\"paragraph article-body-paragraph article__item   \">Je ne pense pas que tous les gens qui font des filets de camouflage, r\u00e9coltent des chaussettes ou des bo\u00eetes de conserve pour le front soient des brutes assoiff\u00e9es de sang. Il y a, dans la soci\u00e9t\u00e9, une demande d\u2019action, et les gens savent que ce n\u2019est qu\u2019ainsi qu\u2019ils pourront satisfaire leur besoin de se rendre utiles. S\u2019ils avaient le choix, ils feraient peut-\u00eatre autre chose, ils prot\u00e9geraient les animaux, les sans-abri, ils seraient \u00e9cologistes\u2026 Mais aujourd\u2019hui le gouvernement a une d\u00e9fiance totale envers ses propres citoyens. Ils ont peur que les gens se sentent libres et responsables de l\u2019avenir de leur pays.<\/p>\n<p><strong class=\"article-body-link-list__item text-gray-800 article-body-link-list__item--one-item\">LIRE AUSSI : <a class=\"article-body-link-list__item-link\" href=\"https:\/\/www.lexpress.fr\/idees-et-debats\/ian-garner-vladimir-poutine-nest-pas-le-stratege-machiavelique-quil-pretend-etre-6C5FDJYLVNFWVBTEJ6JBMQJ6SQ\/\" target=\"_blank\" rel=\"noreferrer nofollow noopener\">Ian Garner : \u00ab\u00a0En r\u00e9alit\u00e9, Vladimir Poutine improvise presque toujours\u00a0\u00bb<\/a><\/strong><\/p>\n<p class=\"paragraph article-body-paragraph article__item   \">Un \u00c9tat pareil, personne ne lui fera confiance. On peut en avoir peur, on peut s\u2019y soumettre, ou bien le rayer de sa vie. Et c\u2019est ce que fait la majorit\u00e9 de la population, qui vit au jour le jour et ne s\u2019int\u00e9resse \u00e0 rien d\u2019autre. C\u2019est un m\u00e9canisme de d\u00e9fense : personne ne veut s\u2019avouer qu\u2019il vit en cage.<\/p>\n<p class=\"paragraph article-body-paragraph article__item   \"><b>Comment atteindre ces gens, ces indiff\u00e9rents ?<\/b> <b>Que peut-on leur proposer ?<\/b><\/p>\n<p class=\"paragraph article-body-paragraph article__item   \">Nous prenons des initiatives qui peuvent permettre aux gens d\u2019agir sans avoir, a priori, \u00e0 craindre de cons\u00e9quences juridiques. Toutefois, nous ne sommes pas na\u00effs : le simple fait de s\u2019impliquer comporte un risque, d\u2019autant que l\u2019Etat russe ne cesse de r\u00e9duire le cadre de ce qui est autoris\u00e9.<\/p>\n<p class=\"paragraph article-body-paragraph article__item   \">Notre projet humanitaire \u00e0 Koursk est un bon exemple : l\u2019\u00c9tat \u00e9tait compl\u00e8tement incomp\u00e9tent, et les gens ont trouv\u00e9 comment s\u2019exprimer. Ce sont ces petites initiatives, hors du champ de nuisance de l\u2019Etat, qui nous permettent aujourd\u2019hui de cr\u00e9er une soci\u00e9t\u00e9 civile, et peut-\u00eatre de rendre possible une activit\u00e9 politique \u00e0 l\u2019avenir. Aujourd\u2019hui, c\u2019est impossible, mais c\u2019est un processus long. D\u2019autres personnes le faisaient avant nous. Maintenant, c\u2019est nous. Si on ne le fait pas, personne ne s\u2019en chargera.<\/p>\n<p class=\"paragraph article-body-paragraph article__item   \"><b>Vous en parlez comme d\u2019un sacerdoce\u2026<\/b><\/p>\n<p class=\"paragraph article-body-paragraph article__item   \">J\u2019ai autrefois \u00e9t\u00e9 b\u00e9n\u00e9vole dans une association qui recherchait les personnes perdues dans la for\u00eat. Je me souviens d\u2019une formation, dans une salle de classe, pendant laquelle la formatrice nous dit : \u00ab\u00a0Si l\u2019alarme incendie se d\u00e9clare maintenant, qu\u2019allez-vous faire ?\u00a0\u00bb. Tout le monde s\u2019est retourn\u00e9 vers la porte au fond de la salle, par laquelle nous \u00e9tions rentr\u00e9s. La formatrice nous a alors fait remarquer qu\u2019\u00e0 sa gauche, il y avait une autre porte. Mais tant que personne ne prend la responsabilit\u00e9 de dire, \u00ab\u00a0Toi, toi, et toi, suivez-moi par ici, les autres, allez par-l\u00e0\u00a0\u00bb, c\u2019est la bousculade et la panique. Quelqu\u2019un doit prendre cette responsabilit\u00e9.<\/p>\n<p class=\"paragraph article-body-paragraph article__item   \"><b>Parmi vos pr\u00e9d\u00e9cesseurs, certains ont renonc\u00e9, d\u2019autres sont all\u00e9s jusqu\u2019au bout. Jusqu\u2019o\u00f9 irez-vous, si la pression du syst\u00e8me se fait plus forte ?<\/b><\/p>\n<p class=\"paragraph article-body-paragraph article__item   \">Tout d\u2019abord, en tant que personne, en tant que m\u00e8re, je ne veux surtout pas que mes proches, et surtout mes enfants, en souffrent. En ce qui concerne les membres du parti Rassviet, je ne veux pas que leur implication leur cause de probl\u00e8mes avec la police. Nous restons dans la l\u00e9galit\u00e9, c\u2019est ce qui nous prot\u00e8ge.<\/p>\n<p><strong class=\"article-body-link-list__item text-gray-800 article-body-link-list__item--one-item\">LIRE AUSSI : <a class=\"article-body-link-list__item-link\" href=\"https:\/\/www.lexpress.fr\/monde\/europe\/loi-anticorruption-en-ukraine-la-tentation-autoritaire-de-volodymyr-zelensky-WWRKMZ2IVBC67FSF4IDRBJEGUE\/\" target=\"_blank\" rel=\"noreferrer nofollow noopener\">En Ukraine, la tentation autoritaire de Volodymyr Zelensky : \u00ab\u00a0Il veut faire taire les critiques\u00a0\u00bb<\/a><\/strong><\/p>\n<p class=\"paragraph article-body-paragraph article__item   \">Pour l\u2019instant, nous ne sommes pas ouvertement pers\u00e9cut\u00e9s. Si, demain, le statut de notre organisation change, nous r\u00e9agirons en fonction de la situation. Je ne vais pas aller dire : \u00ab\u00a0Les gars, on ira jusqu\u2019au bout, on mourra sur nos barricades\u00a0\u00bb\u2026 Pour nous, la vie humaine est la plus importante de toutes les valeurs.<\/p>\n<p class=\"paragraph article-body-paragraph article__item   \"><b>Compte tenu des trois ann\u00e9es \u00e9coul\u00e9es, quelles raisons objectives d\u2019esp\u00e9rer un avenir meilleur pour la Russie voyez-vous aujourd\u2019hui ?<\/b><\/p>\n<p class=\"paragraph article-body-paragraph article__item    article__text__endpicto\">Ce que nous faisons, c\u2019est un travail de pr\u00e9paration de la soci\u00e9t\u00e9 civile. Aujourd\u2019hui, il n\u2019y a plus de grandes organisations capables de faire ce travail \u00e0 l\u2019\u00e9chelle du pays. Il y a un vide immense, et nous nous effor\u00e7ons de le remplir. Au moins, dans ce vide-l\u00e0, nous pouvons penser, et donc exister. Kant disait : \u00ab\u00a0Aie le courage de penser par toi-m\u00eame\u00a0\u00bb. Quand nous aurons tous ce courage, la situation pourra changer. Nous ne vivrons sans doute pas assez vieux pour voir nous-m\u00eames le r\u00e9sultat de notre travail, mais nous pouvons donner aux g\u00e9n\u00e9rations suivantes la possibilit\u00e9 d\u2019accomplir ce que nous n\u2019avons pas r\u00e9ussi \u00e0 faire.<\/p>\n<p>.<\/p>\n","protected":false},"excerpt":{"rendered":"Elle est l\u2019opposante que personne n\u2019attendait en Russie\u2026 Le visage d\u2019un espoir, m\u00eame faible, m\u00eame lointain, d\u2019un avenir&hellip;\n","protected":false},"author":2,"featured_media":295477,"comment_status":"","ping_status":"","sticky":false,"template":"","format":"standard","meta":{"footnotes":""},"categories":[1591],"tags":[11,674,1887,74,12,1885,1886,132],"class_list":{"0":"post-295476","1":"post","2":"type-post","3":"status-publish","4":"format-standard","5":"has-post-thumbnail","7":"category-russie","8":"tag-actualites","9":"tag-europe","10":"tag-federation-de-russie","11":"tag-monde","12":"tag-news","13":"tag-russia","14":"tag-russian-federation","15":"tag-russie"},"share_on_mastodon":{"url":"https:\/\/pubeurope.com\/@fr\/114969933562247517","error":""},"_links":{"self":[{"href":"https:\/\/www.europesays.com\/fr\/wp-json\/wp\/v2\/posts\/295476","targetHints":{"allow":["GET"]}}],"collection":[{"href":"https:\/\/www.europesays.com\/fr\/wp-json\/wp\/v2\/posts"}],"about":[{"href":"https:\/\/www.europesays.com\/fr\/wp-json\/wp\/v2\/types\/post"}],"author":[{"embeddable":true,"href":"https:\/\/www.europesays.com\/fr\/wp-json\/wp\/v2\/users\/2"}],"replies":[{"embeddable":true,"href":"https:\/\/www.europesays.com\/fr\/wp-json\/wp\/v2\/comments?post=295476"}],"version-history":[{"count":0,"href":"https:\/\/www.europesays.com\/fr\/wp-json\/wp\/v2\/posts\/295476\/revisions"}],"wp:featuredmedia":[{"embeddable":true,"href":"https:\/\/www.europesays.com\/fr\/wp-json\/wp\/v2\/media\/295477"}],"wp:attachment":[{"href":"https:\/\/www.europesays.com\/fr\/wp-json\/wp\/v2\/media?parent=295476"}],"wp:term":[{"taxonomy":"category","embeddable":true,"href":"https:\/\/www.europesays.com\/fr\/wp-json\/wp\/v2\/categories?post=295476"},{"taxonomy":"post_tag","embeddable":true,"href":"https:\/\/www.europesays.com\/fr\/wp-json\/wp\/v2\/tags?post=295476"}],"curies":[{"name":"wp","href":"https:\/\/api.w.org\/{rel}","templated":true}]}}