{"id":295480,"date":"2025-08-04T10:06:12","date_gmt":"2025-08-04T10:06:12","guid":{"rendered":"https:\/\/www.europesays.com\/fr\/295480\/"},"modified":"2025-08-04T10:06:12","modified_gmt":"2025-08-04T10:06:12","slug":"usa-les-valeurs-a-suivre-a-wall-street-04-08-2025-a-1139","status":"publish","type":"post","link":"https:\/\/www.europesays.com\/fr\/295480\/","title":{"rendered":"USA-Les valeurs \u00e0 suivre \u00e0 Wall Street &#8211; 04\/08\/2025 \u00e0 11:39"},"content":{"rendered":"<p>\n Principales valeurs \u00e0 suivre<br \/>\nlundi \u00e0 Wall Street, o\u00f9 les contrats \u00e0 terme sur les principaux<br \/>\nindices sugg\u00e8rent une ouverture en hausse de 0,65% pour le Dow<br \/>\nJones<br \/>\n <a href=\"https:\/\/www.boursorama.com\/cours\/%24INDU\/\" rel=\"nofollow noopener\" target=\"_blank\"><br \/>\n  .DJI<br \/>\n <\/a><br \/>\n , de 0,67% pour le Standard &amp; Poor&rsquo;s 500<br \/>\n <a href=\"https:\/\/www.boursorama.com\/cours\/%24INX\/\" rel=\"nofollow noopener\" target=\"_blank\"><br \/>\n  .SPX<br \/>\n <\/a><br \/>\n et<br \/>\nde 0,78% pour le Nasdaq<br \/>\n <a href=\"https:\/\/www.boursorama.com\/cours\/%24COMPX\/\" rel=\"nofollow noopener\" target=\"_blank\"><br \/>\n  .IXIC<br \/>\n <\/a><br \/>\n :\n<\/p>\n<p>\n * BERKSHIRE HATHAWAY<br \/>\n <a href=\"https:\/\/www.boursorama.com\/cours\/BRK.A\/\" rel=\"nofollow noopener\" target=\"_blank\"><br \/>\n  BRKa.N<br \/>\n <\/a><br \/>\n a annonc\u00e9 samedi avoir<br \/>\nenregistr\u00e9 3,76 milliards de dollars (3,25 milliards d&rsquo;euros) de<br \/>\nd\u00e9pr\u00e9ciations d&rsquo;actifs sur sa participation dans KRAFT HEINZ\n<\/p>\n<p>\n <a href=\"https:\/\/www.boursorama.com\/cours\/KHC\/\" rel=\"nofollow noopener\" target=\"_blank\"><br \/>\n  KHC.O<br \/>\n <\/a><br \/>\n et a fait \u00e9tat d&rsquo;un b\u00e9n\u00e9fice d&rsquo;exploitation trimestriel<br \/>\nen recul en raison d&rsquo;une baisse des primes d&rsquo;assurance.\n<\/p>\n<p>\n * AMPHENOL<br \/>\n <a href=\"https:\/\/www.boursorama.com\/cours\/APH\/\" rel=\"nofollow noopener\" target=\"_blank\"><br \/>\n  APH.N<br \/>\n <\/a><br \/>\n est sur le point de conclure un accord<br \/>\npour racheter la division de connectivit\u00e9 et de c\u00e2bles du<br \/>\nfournisseur d&rsquo;infrastructures de r\u00e9seaux de communication<br \/>\nCOMMSCOPE HOLDING<br \/>\n <a href=\"https:\/\/www.boursorama.com\/cours\/COMM\/\" rel=\"nofollow noopener\" target=\"_blank\"><br \/>\n  COMM.O<br \/>\n <\/a><br \/>\n , dans le cadre d&rsquo;une transaction<br \/>\n\u00e9valu\u00e9e \u00e0 environ 10 milliards de dollars, dette comprise, a<br \/>\nrapport\u00e9 dimanche le Wall Street Journal, citant des sources<br \/>\nproches du dossier. L&rsquo;action CommScope s&rsquo;envole de plus de 45%<br \/>\nen avant-Bourse.\n<\/p>\n<p>\n * BOEING<br \/>\n <a href=\"https:\/\/www.boursorama.com\/cours\/BA\/\" rel=\"nofollow noopener\" target=\"_blank\"><br \/>\n  BA.N<br \/>\n <\/a><br \/>\n &#8211; L&rsquo;organisation syndicale International<br \/>\nAssociation of Machinists and Aerospace Workers (IAM),<br \/>\nrepr\u00e9sentant les employ\u00e9s qui assemblent les avions de combat de<br \/>\nBoeing dans la r\u00e9gion de Saint Louis, ont rejet\u00e9 dimanche la<br \/>\nderni\u00e8re offre de contrat du constructeur am\u00e9ricain et pr\u00e9voient<br \/>\nde se mettre en gr\u00e8ve ce lundi \u00e0 minuit.\n<\/p>\n<p>\n * UNION PACIFIC<br \/>\n <a href=\"https:\/\/www.boursorama.com\/cours\/UNP\/\" rel=\"nofollow noopener\" target=\"_blank\"><br \/>\n  UNP.N<br \/>\n <\/a><br \/>\n et NORFOLK SOUTHERN<br \/>\n <a href=\"https:\/\/www.boursorama.com\/cours\/NSC\/\" rel=\"nofollow noopener\" target=\"_blank\"><br \/>\n  NSC.N<br \/>\n <\/a><br \/>\n &#8211; Les<br \/>\nassociations de clients des chemins de fer am\u00e9ricains ont<br \/>\ndemand\u00e9 aux autorit\u00e9s de r\u00e9gulation de bloquer ou d&rsquo;assortir<br \/>\nd&rsquo;importantes conditions le projet de fusion entre Union Pacific<br \/>\net Norfolk Southern, a rapport\u00e9 dimanche le Financial Times.\n<\/p>\n<p>\n * WALMART<br \/>\n <a href=\"https:\/\/www.boursorama.com\/cours\/WMT\/\" rel=\"nofollow noopener\" target=\"_blank\"><br \/>\n  WMT.N<br \/>\n <\/a><br \/>\n &#8211; Walmex, filiale du distributeur<br \/>\nam\u00e9ricain, a annonc\u00e9 vendredi \u00e0 la surprise g\u00e9n\u00e9rale qu&rsquo;Ignacio<br \/>\nCaride, le directeur g\u00e9n\u00e9ral pour le Mexique et en Am\u00e9rique<br \/>\ncentrale, quitterait ses fonctions apr\u00e8s un peu plus d&rsquo;un an \u00e0<br \/>\nla t\u00eate de cette filiale.\n<\/p>\n<p>\n (R\u00e9dig\u00e9 par Claude Chendjou, \u00e9dit\u00e9 par Blandine H\u00e9nault)<\/p>\n","protected":false},"excerpt":{"rendered":"Principales valeurs \u00e0 suivre lundi \u00e0 Wall Street, o\u00f9 les contrats \u00e0 terme sur les principaux indices sugg\u00e8rent&hellip;\n","protected":false},"author":2,"featured_media":99137,"comment_status":"","ping_status":"","sticky":false,"template":"","format":"standard","meta":{"footnotes":""},"categories":[1589],"tags":[400,11,398,408,405,73,1866,403,402,399,404,12,401,406,1864,1865,1863,308,407],"class_list":{"0":"post-295480","1":"post","2":"type-post","3":"status-publish","4":"format-standard","5":"has-post-thumbnail","7":"category-etats-unis","8":"tag-action-cac-40","9":"tag-actualites","10":"tag-bourse-de-paris","11":"tag-boursorama","12":"tag-cotations","13":"tag-etats-unis","14":"tag-etats-unis-damerique","15":"tag-indices-devises","16":"tag-investir","17":"tag-investissement","18":"tag-marche-boursier","19":"tag-news","20":"tag-sicav","21":"tag-trackers","22":"tag-united-states","23":"tag-united-states-of-america","24":"tag-us","25":"tag-usa","26":"tag-warrants"},"share_on_mastodon":{"url":"https:\/\/pubeurope.com\/@fr\/114969941393143877","error":""},"_links":{"self":[{"href":"https:\/\/www.europesays.com\/fr\/wp-json\/wp\/v2\/posts\/295480","targetHints":{"allow":["GET"]}}],"collection":[{"href":"https:\/\/www.europesays.com\/fr\/wp-json\/wp\/v2\/posts"}],"about":[{"href":"https:\/\/www.europesays.com\/fr\/wp-json\/wp\/v2\/types\/post"}],"author":[{"embeddable":true,"href":"https:\/\/www.europesays.com\/fr\/wp-json\/wp\/v2\/users\/2"}],"replies":[{"embeddable":true,"href":"https:\/\/www.europesays.com\/fr\/wp-json\/wp\/v2\/comments?post=295480"}],"version-history":[{"count":0,"href":"https:\/\/www.europesays.com\/fr\/wp-json\/wp\/v2\/posts\/295480\/revisions"}],"wp:featuredmedia":[{"embeddable":true,"href":"https:\/\/www.europesays.com\/fr\/wp-json\/wp\/v2\/media\/99137"}],"wp:attachment":[{"href":"https:\/\/www.europesays.com\/fr\/wp-json\/wp\/v2\/media?parent=295480"}],"wp:term":[{"taxonomy":"category","embeddable":true,"href":"https:\/\/www.europesays.com\/fr\/wp-json\/wp\/v2\/categories?post=295480"},{"taxonomy":"post_tag","embeddable":true,"href":"https:\/\/www.europesays.com\/fr\/wp-json\/wp\/v2\/tags?post=295480"}],"curies":[{"name":"wp","href":"https:\/\/api.w.org\/{rel}","templated":true}]}}