{"id":295492,"date":"2025-08-04T10:13:13","date_gmt":"2025-08-04T10:13:13","guid":{"rendered":"https:\/\/www.europesays.com\/fr\/295492\/"},"modified":"2025-08-04T10:13:13","modified_gmt":"2025-08-04T10:13:13","slug":"a-la-traine-la-france-met-sur-les-rails-un-projet-de-loi-pour-faciliter-les-restitutions-de-biens-culturels-coloniaux","status":"publish","type":"post","link":"https:\/\/www.europesays.com\/fr\/295492\/","title":{"rendered":"\u00ab\u00a0\u00c0 la tra\u00eene\u00a0\u00bb, la France met sur les rails un projet de loi pour faciliter les restitutions de biens culturels coloniaux"},"content":{"rendered":"<p>Concr\u00e9tisation d\u2019une <a target=\"_self\" href=\"https:\/\/www.lanouvellerepublique.fr\/a-la-une\/macron-regarde-la-nouvelle-afrique-au-fond-des-yeux\" rel=\"nofollow noopener\">promesse d\u2019Emmanuel Macron<\/a> lanc\u00e9e \u00e0 Ouagadougou en 2017, un projet de loi-cadre visant \u00e0 faciliter la sortie\u00a0des biens coloniaux des collections fran\u00e7aises a \u00e9t\u00e9 pr\u00e9sent\u00e9 en conseil des ministres, mercredi 30\u00a0juillet 2025. Sur le r\u00e9seau social X, la ministre de la Culture <a target=\"_self\" href=\"https:\/\/www.lanouvellerepublique.fr\/a-la-une\/bijoux-gdf-suez-outrage-a-magistrat-des-signalements-visant-rachida-dati-en-cours-d-analyse-par-la-justice-1754079620\" rel=\"nofollow noopener\">Rachida Dati<\/a> s\u2019est f\u00e9licit\u00e9e d\u2019un \u00ab\u00a0acte fort [\u2026] pour l\u2019apaisement, pour la reconnaissance des m\u00e9moires et pour le renouvellement de nos relations avec les pays qui en ont \u00e9t\u00e9 victimes\u00a0\u00bb.<\/p>\n<p>S\u2019appliquant en priorit\u00e9 aux pays africains mais de \u00ab\u00a0port\u00e9e g\u00e9ographique universelle\u00a0\u00bb, ce texte vise \u00e0 acc\u00e9l\u00e9rer le retour de biens culturels r\u00e9clam\u00e9s par des \u00ab\u00a0\u00c9tats qui, du fait d\u2019une appropriation illicite, en ont \u00e9t\u00e9 priv\u00e9s\u00a0\u00bb entre\u00a01815 et\u00a01972, selon le minist\u00e8re de la Culture. Sont concern\u00e9s les biens culturels acquis \u00ab\u00a0dans une situation de vol, de pillage, de cession ou de lib\u00e9ralit\u00e9 obtenue par contrainte ou violence ou d\u2019une personne qui ne pouvait en disposer\u00a0\u00bb, a-t-il pr\u00e9cis\u00e9.<\/p>\n<p>La France n\u2019a rendu qu\u2019une vingtaine d\u2019objets<\/p>\n<p>Le texte devrait \u00eatre pr\u00e9sent\u00e9 en septembre au S\u00e9nat. Il pr\u00e9voit qu\u2019au lieu d\u2019une loi sp\u00e9cifique pour chaque \u0153uvre ou objet, seul un d\u00e9cret du Conseil d\u2019\u00c9tat (plus haute juridiction administrative) et la preuve document\u00e9e de son appropriation illicite suffisent. Une commission bilat\u00e9rale associant des experts et\u00a0des historiens fran\u00e7ais \u00e0 ceux de l\u2019\u00c9tat demandeur sera charg\u00e9e de ce travail, si besoin, selon le minist\u00e8re.<\/p>\n<p>Concernant la p\u00e9riode historique retenue, 1815 correspond \u00e0 la date d\u2019un r\u00e8glement des conqu\u00eates napol\u00e9oniennes qui est d\u00fb \u00e0 un premier mouvement de restitution d\u2019\u0153uvres \u00e0 l\u2019\u00e9chelle europ\u00e9enne. 1972 est celle de l\u2019entr\u00e9e en application de la convention internationale de l\u2019Unesco prot\u00e9geant les biens culturels contre le trafic illicite.<\/p>\n<p>Alors que des milliers de pi\u00e8ces ont d\u00e9j\u00e0 \u00e9t\u00e9 restitu\u00e9es \u00e0 l\u2019Afrique de par le monde, la France est \u00ab\u00a0\u00e0 la tra\u00eene\u00a0\u00bb, selon la chercheuse et anthropologue Saskia Cousin, sp\u00e9cialiste de la question. Jusqu\u2019\u00e0 pr\u00e9sent, Paris n\u2019a rendu que vingt-six objets du tr\u00e9sor royal d\u2019Abomey au B\u00e9nin en 2021, ainsi que le tambour parleur Djidji Ay\u00f4kw\u00e9 cette ann\u00e9e \u00e0 la C\u00f4te d&rsquo;Ivoire. Un sabre, suppos\u00e9 avoir appartenu au chef de guerre El Hadj Oumar Tall, a \u00e9galement \u00e9t\u00e9 rendu au S\u00e9n\u00e9gal en 2019 mais des doutes demeurent quant \u00e0 l\u2019identit\u00e9 de son propri\u00e9taire, selon certaines sources.<\/p>\n<p>Au mus\u00e9e du Quai Branly, 72.000 objets africains<\/p>\n<p>Une dizaine d\u2019autres demandes lui ont \u00e9t\u00e9 formul\u00e9es officiellement, \u00ab\u00a0certaines, tr\u00e8s g\u00e9n\u00e9ralistes, pour lesquelles la ministre fran\u00e7aise de la Culture a demand\u00e9 un resserrement du champ, comme pour l\u2019\u00c9thiopie qui r\u00e9clamait il y a quelques ann\u00e9es toutes les \u0153uvres contenues dans les collections nationales\u00a0\u00bb, a indiqu\u00e9 le minist\u00e8re.<\/p>\n<p>L\u2019Alg\u00e9rie r\u00e9clame pour sa part des effets personnels de <a target=\"_self\" href=\"https:\/\/www.lanouvellerepublique.fr\/amboise\/amboise-gros-plan-sur-l-emir-abdelkader-une-personne-lumineuse\" rel=\"nofollow noopener\">l\u2019\u00e9mir Abdel Kader<\/a> et le Mali des pi\u00e8ces du tr\u00e9sor de S\u00e9gou qui avaient \u00e9t\u00e9 saisies lors d\u2019op\u00e9rations militaires li\u00e9es \u00e0 la conqu\u00eate coloniale. Le B\u00e9nin souhaite \u00e9galement que la France \u00e9tudie d\u2019autres demandes apr\u00e8s les vingt-six objets d\u00e9j\u00e0 restitu\u00e9s, a-t-il d\u00e9taill\u00e9.<\/p>\n<p>Acquis durant la p\u00e9riode coloniale souvent par la force ou la coercition, mais pas toujours, une grande partie des 72.000 objets africains du mus\u00e9e du Quai Branly \u00e0 Paris font par ailleurs l\u2019objet d\u2019un travail au long cours sur leur provenance en vue d\u2019\u00e9ventuelles restitutions. Un certain nombre de travaux scientifiques sont aussi conduits au mus\u00e9e de l\u2019Homme, \u00e0 Paris, selon le minist\u00e8re.<\/p>\n<p>\u00ab\u00a0R\u00e9paration mat\u00e9rielle et symbolique\u00a0\u00bb<\/p>\n<p>Le projet de loi-cadre concentre \u00ab\u00a0l\u2019essentiel des attentes\u00a0\u00bb, a r\u00e9cemment convenu Rachida Dati. Le texte poursuit un objectif de \u00ab\u00a0r\u00e9appropriation\u00a0\u00bb, par les \u00c9tats demandeurs, \u00ab\u00a0d\u2019\u00e9l\u00e9ments fondamentaux de leur patrimoine\u00a0\u00bb, ainsi qu\u2019une \u00ab\u00a0r\u00e9paration mat\u00e9rielle et symbolique du lien qui unit les \u00c9tats concern\u00e9s \u00e0 leur patrimoine et \u00e0 leur m\u00e9moire\u00a0\u00bb, a soulign\u00e9 le minist\u00e8re.<\/p>\n<p>Il s\u2019agit de la troisi\u00e8me et derni\u00e8re \u00e9tape d\u2019un dispositif l\u00e9gislatif visant \u00e0 faciliter la sortie d\u2019\u0153uvres du domaine public. En 2023, la France a adopt\u00e9 deux autres lois-cadres\u00a0: <a target=\"_self\" href=\"https:\/\/www.lanouvellerepublique.fr\/poitiers\/poitiers-une-loi-pour-que-les-oeuvres-spoliees-quittent-le-musee\" rel=\"nofollow noopener\">la premi\u00e8re<\/a> facilite la restitution des biens spoli\u00e9s par les nazis. <a target=\"_self\" href=\"https:\/\/www.lanouvellerepublique.fr\/loir-et-cher\/une-loi-pour-faciliter-la-restitution-de-restes-humains-a-un-autre-pays\" rel=\"nofollow noopener\">La seconde<\/a> concerne celle des restes humains. Elle a trouv\u00e9 une premi\u00e8re application avec la restitution de trois cr\u00e2nes \u00e0 Madagascar, qui devrait \u00eatre officialis\u00e9e fin ao\u00fbt.<\/p>\n","protected":false},"excerpt":{"rendered":"Concr\u00e9tisation d\u2019une promesse d\u2019Emmanuel Macron lanc\u00e9e \u00e0 Ouagadougou en 2017, un projet de loi-cadre visant \u00e0 faciliter la&hellip;\n","protected":false},"author":2,"featured_media":295493,"comment_status":"","ping_status":"","sticky":false,"template":"","format":"standard","meta":{"footnotes":""},"categories":[4],"tags":[328,11,1349,1011,27,329,74,7107,12,2551,316,25],"class_list":{"0":"post-295492","1":"post","2":"type-post","3":"status-publish","4":"format-standard","5":"has-post-thumbnail","7":"category-france","8":"tag-a-la-une","9":"tag-actualites","10":"tag-expositions","11":"tag-fr","12":"tag-france","13":"tag-france-monde","14":"tag-monde","15":"tag-musees","16":"tag-news","17":"tag-patrimoine","18":"tag-politique","19":"tag-republique-francaise"},"share_on_mastodon":{"url":"https:\/\/pubeurope.com\/@fr\/114969968890229431","error":""},"_links":{"self":[{"href":"https:\/\/www.europesays.com\/fr\/wp-json\/wp\/v2\/posts\/295492","targetHints":{"allow":["GET"]}}],"collection":[{"href":"https:\/\/www.europesays.com\/fr\/wp-json\/wp\/v2\/posts"}],"about":[{"href":"https:\/\/www.europesays.com\/fr\/wp-json\/wp\/v2\/types\/post"}],"author":[{"embeddable":true,"href":"https:\/\/www.europesays.com\/fr\/wp-json\/wp\/v2\/users\/2"}],"replies":[{"embeddable":true,"href":"https:\/\/www.europesays.com\/fr\/wp-json\/wp\/v2\/comments?post=295492"}],"version-history":[{"count":0,"href":"https:\/\/www.europesays.com\/fr\/wp-json\/wp\/v2\/posts\/295492\/revisions"}],"wp:featuredmedia":[{"embeddable":true,"href":"https:\/\/www.europesays.com\/fr\/wp-json\/wp\/v2\/media\/295493"}],"wp:attachment":[{"href":"https:\/\/www.europesays.com\/fr\/wp-json\/wp\/v2\/media?parent=295492"}],"wp:term":[{"taxonomy":"category","embeddable":true,"href":"https:\/\/www.europesays.com\/fr\/wp-json\/wp\/v2\/categories?post=295492"},{"taxonomy":"post_tag","embeddable":true,"href":"https:\/\/www.europesays.com\/fr\/wp-json\/wp\/v2\/tags?post=295492"}],"curies":[{"name":"wp","href":"https:\/\/api.w.org\/{rel}","templated":true}]}}