{"id":295494,"date":"2025-08-04T10:14:13","date_gmt":"2025-08-04T10:14:13","guid":{"rendered":"https:\/\/www.europesays.com\/fr\/295494\/"},"modified":"2025-08-04T10:14:13","modified_gmt":"2025-08-04T10:14:13","slug":"farmfoods-scottish-challenge-julien-quesne-passe-a-un-cheveu","status":"publish","type":"post","link":"https:\/\/www.europesays.com\/fr\/295494\/","title":{"rendered":"Farmfoods Scottish Challenge\u00a0: Julien Quesne passe \u00e0 un cheveu"},"content":{"rendered":"<p>Il y a deux semaines en Allemagne, <strong>Julien Quesne <\/strong>\u00e9tait entr\u00e9 par une invitation de la ffgolf. Sa 6e place finale, d\u00e9j\u00e0 \u00e0 l&rsquo;issue d&rsquo;une solide semaine de golf, lui avait garanti le droit de retenter sa chance d\u00e8s l&rsquo;\u00e9ch\u00e9ance suivante, en \u00c9cosse. Et donc, le voici qui d\u00e9croche une deuxi\u00e8me place, dans une saison qui a d\u00e9finitivement pris les atours de sa deuxi\u00e8me jeunesse. Car celui qui compte d\u00e9j\u00e0 deux succ\u00e8s sur la deuxi\u00e8me division, qui remontent \u00e0 2009 et 2011, ainsi que deux autres sur la premi\u00e8re, en 2012 et 2013, vient de faire un bond de 55 places \u00e0 la <strong>Road to Mallorca<\/strong>. Il est d\u00e9sormais au 32e rang, \u00e0 une seule place de faire partie de ceux \u00e0 qui la cat\u00e9gorie 7 de l&rsquo;<strong>HotelPlanner Tour <\/strong>sera garantie pour la saison prochaine. Il n&rsquo;est pas inutile de rappeler non plus que le top 20 en fin de saison se voit promu sur le <strong>DP World Tour<\/strong>.<\/p>\n<p>Autre Fran\u00e7ais \u00e0 terminer dans le top 10 final\u00a0: <strong>Maxence Giboudot<\/strong>, 8e \u00e0 -13, et qui gagne ainsi 13 places \u00e0 la Road to Mallorca, pour progresser \u00e0 la 60e place. Petit recul de deux places, en revanche, pour <strong>Oihan Guillamoundeguy<\/strong>, malgr\u00e9 une semaine conclue en 18e position \u00e0 -10. Le Landais est toujours dans le bon wagon, en 15e position au g\u00e9n\u00e9ral de la saison.<\/p>\n","protected":false},"excerpt":{"rendered":"Il y a deux semaines en Allemagne, Julien Quesne \u00e9tait entr\u00e9 par une invitation de la ffgolf. Sa&hellip;\n","protected":false},"author":2,"featured_media":295495,"comment_status":"","ping_status":"","sticky":false,"template":"","format":"standard","meta":{"footnotes":""},"categories":[1418],"tags":[1011,27,1472,60],"class_list":{"0":"post-295494","1":"post","2":"type-post","3":"status-publish","4":"format-standard","5":"has-post-thumbnail","7":"category-golf","8":"tag-fr","9":"tag-france","10":"tag-golf","11":"tag-sports"},"share_on_mastodon":{"url":"https:\/\/pubeurope.com\/@fr\/114969972743713619","error":""},"_links":{"self":[{"href":"https:\/\/www.europesays.com\/fr\/wp-json\/wp\/v2\/posts\/295494","targetHints":{"allow":["GET"]}}],"collection":[{"href":"https:\/\/www.europesays.com\/fr\/wp-json\/wp\/v2\/posts"}],"about":[{"href":"https:\/\/www.europesays.com\/fr\/wp-json\/wp\/v2\/types\/post"}],"author":[{"embeddable":true,"href":"https:\/\/www.europesays.com\/fr\/wp-json\/wp\/v2\/users\/2"}],"replies":[{"embeddable":true,"href":"https:\/\/www.europesays.com\/fr\/wp-json\/wp\/v2\/comments?post=295494"}],"version-history":[{"count":0,"href":"https:\/\/www.europesays.com\/fr\/wp-json\/wp\/v2\/posts\/295494\/revisions"}],"wp:featuredmedia":[{"embeddable":true,"href":"https:\/\/www.europesays.com\/fr\/wp-json\/wp\/v2\/media\/295495"}],"wp:attachment":[{"href":"https:\/\/www.europesays.com\/fr\/wp-json\/wp\/v2\/media?parent=295494"}],"wp:term":[{"taxonomy":"category","embeddable":true,"href":"https:\/\/www.europesays.com\/fr\/wp-json\/wp\/v2\/categories?post=295494"},{"taxonomy":"post_tag","embeddable":true,"href":"https:\/\/www.europesays.com\/fr\/wp-json\/wp\/v2\/tags?post=295494"}],"curies":[{"name":"wp","href":"https:\/\/api.w.org\/{rel}","templated":true}]}}