{"id":295496,"date":"2025-08-04T10:16:09","date_gmt":"2025-08-04T10:16:09","guid":{"rendered":"https:\/\/www.europesays.com\/fr\/295496\/"},"modified":"2025-08-04T10:16:09","modified_gmt":"2025-08-04T10:16:09","slug":"top-14-lyon-se-separe-de-largentin-tomas-lavanini","status":"publish","type":"post","link":"https:\/\/www.europesays.com\/fr\/295496\/","title":{"rendered":"Top 14 &#8211; Lyon se s\u00e9pare de l&rsquo;Argentin Tom\u00e0s Lavanini"},"content":{"rendered":"<p>\n                Le club de Lyon a annonc\u00e9 se s\u00e9parer de son deuxi\u00e8me ligne argentin Tom\u00e0s Lavanini \u00ab\u00a0d&rsquo;un commun accord\u00a0\u00bb.\n            <\/p>\n<p>Apr\u00e8s seulement onze matchs sous les couleurs noire et rouge du Lou Rugby, le deuxi\u00e8me ligne argentin Tom\u00e0s Lavanini quitte la maison rhodannienne. \u00ab\u00a0Fin de collaboration entre le LOU et Tom\u00e1s Lavanini. Le LOU et l\u2019international argentin ont d\u00e9cid\u00e9, d\u2019un commun accord, de mettre fin \u00e0 leur collaboration.\u00a0Le club remercie Tom\u00e1s et lui souhaite le meilleur pour la suite de sa carri\u00e8re\u00a0\u00bb.<\/p>\n<p>Arriv\u00e9 en provenance de Clermont, le casqu\u00e9 n&rsquo;a pas eu l&rsquo;impact escompt\u00e9 dans l&rsquo;effectif de Fabien Gengenbacher puis de Karim Ghezal. Il a re\u00e7u un carton jaune pour son dernier match.<\/p>\n","protected":false},"excerpt":{"rendered":"Le club de Lyon a annonc\u00e9 se s\u00e9parer de son deuxi\u00e8me ligne argentin Tom\u00e0s Lavanini \u00ab\u00a0d&rsquo;un commun accord\u00a0\u00bb.&hellip;\n","protected":false},"author":2,"featured_media":295497,"comment_status":"","ping_status":"","sticky":false,"template":"","format":"standard","meta":{"footnotes":""},"categories":[1416],"tags":[1011,27,479,1468,60],"class_list":{"0":"post-295496","1":"post","2":"type-post","3":"status-publish","4":"format-standard","5":"has-post-thumbnail","7":"category-rugby","8":"tag-fr","9":"tag-france","10":"tag-rugby","11":"tag-rugby-football","12":"tag-sports"},"share_on_mastodon":{"url":"https:\/\/pubeurope.com\/@fr\/114969980673416601","error":""},"_links":{"self":[{"href":"https:\/\/www.europesays.com\/fr\/wp-json\/wp\/v2\/posts\/295496","targetHints":{"allow":["GET"]}}],"collection":[{"href":"https:\/\/www.europesays.com\/fr\/wp-json\/wp\/v2\/posts"}],"about":[{"href":"https:\/\/www.europesays.com\/fr\/wp-json\/wp\/v2\/types\/post"}],"author":[{"embeddable":true,"href":"https:\/\/www.europesays.com\/fr\/wp-json\/wp\/v2\/users\/2"}],"replies":[{"embeddable":true,"href":"https:\/\/www.europesays.com\/fr\/wp-json\/wp\/v2\/comments?post=295496"}],"version-history":[{"count":0,"href":"https:\/\/www.europesays.com\/fr\/wp-json\/wp\/v2\/posts\/295496\/revisions"}],"wp:featuredmedia":[{"embeddable":true,"href":"https:\/\/www.europesays.com\/fr\/wp-json\/wp\/v2\/media\/295497"}],"wp:attachment":[{"href":"https:\/\/www.europesays.com\/fr\/wp-json\/wp\/v2\/media?parent=295496"}],"wp:term":[{"taxonomy":"category","embeddable":true,"href":"https:\/\/www.europesays.com\/fr\/wp-json\/wp\/v2\/categories?post=295496"},{"taxonomy":"post_tag","embeddable":true,"href":"https:\/\/www.europesays.com\/fr\/wp-json\/wp\/v2\/tags?post=295496"}],"curies":[{"name":"wp","href":"https:\/\/api.w.org\/{rel}","templated":true}]}}