{"id":295498,"date":"2025-08-04T10:17:14","date_gmt":"2025-08-04T10:17:14","guid":{"rendered":"https:\/\/www.europesays.com\/fr\/295498\/"},"modified":"2025-08-04T10:17:14","modified_gmt":"2025-08-04T10:17:14","slug":"iga-swiatek-eliminee-a-montreal-naomi-osaka-qualifiee-en-quarts-de-finale-lequipe","status":"publish","type":"post","link":"https:\/\/www.europesays.com\/fr\/295498\/","title":{"rendered":"Iga Swiatek \u00e9limin\u00e9e \u00e0 Montr\u00e9al, Naomi Osaka qualifi\u00e9e en quarts de finale &#8211; L&#039;\u00c9quipe"},"content":{"rendered":"<ol>\n<li><a href=\"https:\/\/news.google.com\/rss\/articles\/CBMivwFBVV95cUxOX1BMOFMxSGF5eXB1eFVjNi1MdHM3UW5fMWRnZ3ppWUFkeVZCcW5qYl9SMXdSSzVhT0wzSDhId1RCbXl2b0VMMlIwRXk3UVFOb2ptUVJDUUpBalhnekhXaTl0NXpIb05OQUNQa0ZfM3ktbXNZVlpISDRoemNUSlE3ekZFanhjSE5wcjMwcWhWZTM5VmNzbnRRMnRRdWxZdE5VUkI3SWs1Ukwtc0VUclc3VXpHZUFiQXFSZ2YxcEZpQQ?oc=5\" target=\"_blank\" rel=\"nofollow noopener\">Iga Swiatek \u00e9limin\u00e9e \u00e0 Montr\u00e9al, Naomi Osaka qualifi\u00e9e en quarts de finale<\/a>&nbsp;&nbsp;L&rsquo;\u00c9quipe<\/li>\n<li><a href=\"https:\/\/news.google.com\/rss\/articles\/CBMisgFBVV95cUxOT2JrZWJ4My13M09uYmlTNzUyZXpTYlVhRE9fckdFY2hpQTBmQW1PX3hTdFVxUXRfZ1FPSDc1UGhZcG1ZcXVVTWFVM3QxWTZiX1FqYVdVamxnNGtyUmNrbUJhVmpjcmZCTm9fakZjOFdUbDlmRkdQVkQ0cWtuNkRLTTBFWWlQN0x1Q0lyTXNMZGlqR0gtbmF0LXVjOVlFc19ma1JYaE5OZFBHUlQ3T19WWndB?oc=5\" target=\"_blank\" rel=\"nofollow noopener\">Montr\u00e9al &#8211; Tauson cr\u00e9e la surprise en \u00e9liminant Swiatek<\/a>&nbsp;&nbsp;Orange Actualit\u00e9s | Sports<\/li>\n<li><a href=\"https:\/\/news.google.com\/rss\/articles\/CBMitwFBVV95cUxOd3RyQ3FrRVoxQ2xHR2ZCN2ZDSnFTTDFnbjNrSzdCYWZXQV80bkFhNEduVzZVVS1kbEhjWUZlVzlvZjJXR1FEd2FaR180YVJJTnBuVm1rNHVOZHdqdnZWcngwd1NpRERHcnlWQ0hUemhYQXJxU01fMDZib1ZKVmpHMDROMG1LMDlmaDZKX19pX2pwOFk5Umpab1pna2U2Q1ZERXJqbElpd2lPdUFXMDE3N1BLVFowOFU?oc=5\" target=\"_blank\" rel=\"nofollow noopener\">Omnium Banque Nationale | Tauson, ou la victoire des pays n\u00e9glig\u00e9s<\/a>&nbsp;&nbsp;La Presse<\/li>\n<li><a href=\"https:\/\/news.google.com\/rss\/articles\/CBMikwFBVV95cUxNbkE4VWpKR0NwU3dkdWhmTFhPMW1UeDZoaWY3WG9CTDZNeWtyX1YxWF84QzRXNk5PeGhhX1ZaOGNqLVdkd0k3VENhTHU0TVo0WmNHTkUyUHBWdTFvS1RKblRGV2hPNHJFN3ExNHZVbzVZVnJqR08wem14MzVhU1lFZWRhRWhrMlBqSGREX0JRcElTWjg?oc=5\" target=\"_blank\" rel=\"nofollow noopener\">Montr\u00e9al: Une Danoise de 22 ans fait sensation ! | blue News<\/a>&nbsp;&nbsp;blue News<\/li>\n<li><a href=\"https:\/\/news.google.com\/rss\/articles\/CBMifEFVX3lxTE5XOXFzaGZla0d0dkRMY3ZTOGdXX1FqYUlWUXctdHdwc19CSmd2Zjh3Q3VQTlFnMmx5NVpNZmNnRTRwd3NWRW54RHU5dkN6Vi1jeHNmd3dvSnVmNHFaZnJORmpSNDVyNHVVT3d1Nm1ib0hKLWNvcWJ5M25qZVI?oc=5\" target=\"_blank\" rel=\"nofollow noopener\">OBN : Madison Keys vient \u00e0 bout de Karolina Muchova<\/a>&nbsp;&nbsp;Radio-Canada<\/li>\n<\/ol>\n","protected":false},"excerpt":{"rendered":"Iga Swiatek \u00e9limin\u00e9e \u00e0 Montr\u00e9al, Naomi Osaka qualifi\u00e9e en quarts de finale&nbsp;&nbsp;L&rsquo;\u00c9quipe Montr\u00e9al &#8211; Tauson cr\u00e9e la surprise&hellip;\n","protected":false},"author":2,"featured_media":295499,"comment_status":"","ping_status":"","sticky":false,"template":"","format":"standard","meta":{"footnotes":""},"categories":[1415],"tags":[1011,27,60,1467],"class_list":{"0":"post-295498","1":"post","2":"type-post","3":"status-publish","4":"format-standard","5":"has-post-thumbnail","7":"category-tennis","8":"tag-fr","9":"tag-france","10":"tag-sports","11":"tag-tennis"},"share_on_mastodon":{"url":"https:\/\/pubeurope.com\/@fr\/114969984531645919","error":""},"_links":{"self":[{"href":"https:\/\/www.europesays.com\/fr\/wp-json\/wp\/v2\/posts\/295498","targetHints":{"allow":["GET"]}}],"collection":[{"href":"https:\/\/www.europesays.com\/fr\/wp-json\/wp\/v2\/posts"}],"about":[{"href":"https:\/\/www.europesays.com\/fr\/wp-json\/wp\/v2\/types\/post"}],"author":[{"embeddable":true,"href":"https:\/\/www.europesays.com\/fr\/wp-json\/wp\/v2\/users\/2"}],"replies":[{"embeddable":true,"href":"https:\/\/www.europesays.com\/fr\/wp-json\/wp\/v2\/comments?post=295498"}],"version-history":[{"count":0,"href":"https:\/\/www.europesays.com\/fr\/wp-json\/wp\/v2\/posts\/295498\/revisions"}],"wp:featuredmedia":[{"embeddable":true,"href":"https:\/\/www.europesays.com\/fr\/wp-json\/wp\/v2\/media\/295499"}],"wp:attachment":[{"href":"https:\/\/www.europesays.com\/fr\/wp-json\/wp\/v2\/media?parent=295498"}],"wp:term":[{"taxonomy":"category","embeddable":true,"href":"https:\/\/www.europesays.com\/fr\/wp-json\/wp\/v2\/categories?post=295498"},{"taxonomy":"post_tag","embeddable":true,"href":"https:\/\/www.europesays.com\/fr\/wp-json\/wp\/v2\/tags?post=295498"}],"curies":[{"name":"wp","href":"https:\/\/api.w.org\/{rel}","templated":true}]}}