{"id":295504,"date":"2025-08-04T10:21:12","date_gmt":"2025-08-04T10:21:12","guid":{"rendered":"https:\/\/www.europesays.com\/fr\/295504\/"},"modified":"2025-08-04T10:21:12","modified_gmt":"2025-08-04T10:21:12","slug":"cyclisme-tour-de-burgos-parcours-profil-et-favoris-la-vuelta-a-burgos-2025-des-mardi","status":"publish","type":"post","link":"https:\/\/www.europesays.com\/fr\/295504\/","title":{"rendered":"Cyclisme. Tour de Burgos &#8211; Parcours, profil et favoris&#8230; la Vuelta a Burgos 2025 d\u00e8s mardi"},"content":{"rendered":"<p> Lire la suite de l&rsquo;article&#13;<\/p>\n<p>\u00a0<\/p>\n<p>&#13;<br \/>\nDel Toro, Landa, Ciccone&#8230; les t\u00eates d&rsquo;affiche&#13;<\/p>\n<p>Si les principaux favoris de <strong>La Vuelta<\/strong> que sont <strong>Jonas Vingegaard <\/strong>(Visma | Lease a Bike), <strong>Joao Almeida <\/strong>et<strong> Juan Ayuso<\/strong> (UAE Team Emirates XRG) ne seront cette ann\u00e9e pas align\u00e9s sur la <strong>Vuelta a Burgos<\/strong>, on retrouvera de beaux noms au d\u00e9part. A commencer par le vainqueur de la derni\u00e8re <strong>Clasica San Sebastian<\/strong>, <strong>Giulio Ciccone<\/strong> (Lidl-Trek). Mais aussi <strong>Isaac Del Toro<\/strong> (UAE Team Emirates XRG), \u00e0 l&rsquo;offensive sur les routes basques. Ayant fait l&rsquo;impasse sur la <strong>Klasikoa<\/strong>,<strong> Jai Hindley<\/strong> (Red Bull-BORA-hansgrohe),<strong> Egan Bernal<\/strong> (INEOS Grenadiers) et le revenant &#8211; apr\u00e8s sa chute sur le <strong>Giro <\/strong>&#8211; <strong>Mikel Landa<\/strong> (Soudal Quick-Step) seront \u00e9galement pr\u00e9sent.<\/p>\n<p>&#13;<\/p>\n<p>Parmi les hommes rapides, <strong>Matteo Malucelli<\/strong> (XDS Astana), <strong>Juan Sebastian Molano<\/strong> (UAE Team Emirates XRG),<strong> Matteo Moschetti<\/strong> (Q36.5), <strong>Erlend Blikra<\/strong> (Uno-X Mobility),<strong> Luke Lamperti <\/strong>(Soudal Quick-Step) ou autre <strong>Roger Adria <\/strong>(Red Bull-BORA-hansgrohe) et <strong>Pierre Gautherat<\/strong> (Decathlon AG2R) seront \u00e0 surveiller sur les arriv\u00e9es r\u00e9serv\u00e9es aux hommes rapides.<\/p>\n<p>&#13;<\/p>\n<p>\u00a0<\/p>\n<p>&#13;<br \/>\nLe parcours&#13;<\/p>\n<p>Mardi 5 ao\u00fbt &#8211; <strong>Etape 1<\/strong> : Olmillos de Sasam\u00f3n &gt; Burgos \/ 204.7 km<\/p>\n<p>&#13;<\/p>\n<p><img decoding=\"async\" src=\"https:\/\/www.europesays.com\/fr\/wp-content\/uploads\/2025\/08\/VBurgos_1.jpg\" style=\"max-width:100%;max-height:100%;\" alt=\"image\" loading=\"lazy\"\/><\/p>\n<p>&#13;<\/p>\n<p>Mercredi 6 ao\u00fbt &#8211; <strong>Etape 2<\/strong> : Cilleruelo de Abajo &gt; Buniel \/ 161.6 km<\/p>\n<p>&#13;<\/p>\n<p><img decoding=\"async\" src=\"https:\/\/www.europesays.com\/fr\/wp-content\/uploads\/2025\/08\/VBurgos_2.jpg\" style=\"max-width:100%;max-height:100%;\" alt=\"image\" loading=\"lazy\"\/><\/p>\n<p>&#13;<\/p>\n<p>Jeudi 7 ao\u00fbt &#8211; <strong>Etape 3<\/strong> : Monasterio de San Pedro de Carde\u00f1a &gt; Valpuesta \/ 184.1 km<\/p>\n<p>&#13;<\/p>\n<p><img decoding=\"async\" src=\"https:\/\/www.europesays.com\/fr\/wp-content\/uploads\/2025\/08\/VBurgos_3.jpg\" style=\"max-width:100%;max-height:100%;\" alt=\"image\" loading=\"lazy\"\/><\/p>\n<p>&#13;<\/p>\n<p>Vendredi 8 ao\u00fbt &#8211; <strong>Etape 4<\/strong> : Do\u00f1a Santos &gt; Regumiel de la Sierra \/ 162.7 km<\/p>\n<p>&#13;<\/p>\n<p><img decoding=\"async\" src=\"https:\/\/www.europesays.com\/fr\/wp-content\/uploads\/2025\/08\/VBurgos_4.jpg\" style=\"max-width:100%;max-height:100%;\" alt=\"image\" loading=\"lazy\"\/><\/p>\n<p>&#13;<\/p>\n<p>Samedi 9 ao\u00fbt &#8211; <strong>Etape 5<\/strong> : Quintana del Pidio &gt; Lagunas de Neila \/ 138.3 km<\/p>\n<p>&#13;<\/p>\n<p><img decoding=\"async\" src=\"https:\/\/www.europesays.com\/fr\/wp-content\/uploads\/2025\/08\/VBurgos_5.jpg\" style=\"max-width:100%;max-height:100%;\" alt=\"image\" loading=\"lazy\"\/><\/p>\n<p>&#13;<\/p>\n<p>\u00a0<\/p>\n<p>&#13;<br \/>\nLa statlist provisoire&#13;<\/p>\n<p><strong>BAHRAIN VICTORIOUS<\/strong><br \/>BRUTTOMESSO Alberto<br \/>CARUSO Damiano<br \/>EULALIO Afonso<br \/>KEPPLINGER Rainer<br \/>PAASSCHENS Mathijs<br \/>PICKERING Finlay<br \/>TR\u00c6EN Torstein<\/p>\n<p>&#13;<\/p>\n<p><strong>BURGOS BURPELLET BH<\/strong><br \/>APARICIO Mario<br \/>CAVIA Daniel<br \/>CHUMIL Sergio<br \/>DIAZ Jose Manuel<br \/>FAGUNDEZ Eric<br \/>GARCIA Carlos<br \/>OKAMIKA Ander<\/p>\n<p>&#13;<\/p>\n<p><strong>CAJA RURAL-SEGUROS RGA<\/strong><br \/>ARRIOLA-BENGOA Julen<br \/>BABOR Daniel<br \/>DARDER Sergi<br \/>FERN\u00c1NDEZ GARCIA Samuel<br \/>GONZ\u00c1LEZ Abner<br \/>IBANEZ Javier<br \/>SORARRAIN Gorka<\/p>\n<p>&#13;<\/p>\n<p><strong>DECATHLON AG2R LA MONDIALE<\/strong><br \/>BISIAUX L\u00e9o<br \/>COSNEFROY Beno\u00eet<br \/>DE PESTEL Sander<br \/>GAUTHERAT Pierre<br \/>LABROSSE Jordan<br \/>LAFAY Victor<br \/>PETERS Nans<\/p>\n<p>&#13;<\/p>\n<p><strong>EF EDUCATION-EASYPOST<\/strong><br \/>BATTISTELLA Samuele<br \/>CEPEDA Alexander<br \/>CHAVES Esteban<br \/>COSTA Rui<br \/>RYAN Archie<br \/>SHAW James<br \/>STEINHAUSER Georg<\/p>\n<p>&#13;<\/p>\n<p><strong>EQUIPO KERN PHARMA<\/strong><br \/>BERRADE Urko<br \/>BRUSTENGA Marc<br \/>COBO Ivan<br \/>ELOSEGUI I\u00f1igo<br \/>GUTI\u00c9RREZ Jorge<br \/>PARRA Jos\u00e9 F\u00e9lix<br \/>RUIZ Ibon<\/p>\n<p>&#13;<\/p>\n<p><strong>EUSKALTEL-EUSKADI<\/strong><br \/>AGIRRE Jon<br \/>BIZKARRA Mikel<br \/>DINA Marton<br \/>GANZABAL Ander<br \/>JUARISTI Txomin<br \/>MINTEGI Iker<br \/>MURGUIALDAY Jokin<\/p>\n<p>&#13;<\/p>\n<p><strong>ILLES BALEARS ARABAY CYCLING<\/strong><br \/>GAMUNDI Joan<br \/>GARCIA SORIANO Jose Maria<br \/>GONZALEZ Asier Pablo<br \/>LLANERAS Pau<br \/>MARIN ARAG\u00d3N Jose<br \/>RIERA Joan Albert<br \/>SILVA Mario<\/p>\n<p>&#13;<\/p>\n<p><strong>INEOS GRENADIERS<\/strong><br \/>AUGUST AJ<br \/>BERNAL Egan<br \/>CASTROVIEJO Jonathan<br \/>FRAILE Omar<br \/>RIVERA Brandon<br \/>RODR\u00cdGUEZ \u00d3scar<br \/>\u00d8XENBERG Peter<\/p>\n<p>&#13;<\/p>\n<p><strong>LIDL-TREK<\/strong><br \/>BERNARD Julien<br \/>CICCONE Giulio<br \/>GHEBREIGZABHIER Amanuel<br \/>HOOLE Daan<br \/>K\u00c4MNA Lennard<br \/>LOPEZ Juan Pedro<br \/>OOMEN Sam<\/p>\n<p>&#13;<\/p>\n<p><strong>MOVISTAR TEAM<\/strong><br \/>BARRENETXEA Jon<br \/>CEPEDA Jefferson<br \/>GUERREIRO Ruben<br \/>PEDRERO Antonio<br \/>PESCADOR Diego<br \/>QUINTANA Nairo<br \/>ROMO Javier<\/p>\n<p>&#13;<\/p>\n<p><strong>Q36.5 PRO CYCLING TEAM<\/strong><br \/>AZPARREN Xabier<br \/>CHRISTEN Fabio<br \/>GONZ\u00c1LEZ David<br \/>HOWSON Damien<br \/>MOSCHETTI Matteo<br \/>PARISINI Nicol\u00f2<br \/>ZUKOWSKY Nickolas<\/p>\n<p>&#13;<\/p>\n<p><strong>RED BULL-BORA-HANSGROHE<\/strong><br \/>ADRI\u00c0 Roger<br \/>ALEOTTI Giovanni<br \/>DENZ Nico<br \/>HERZOG Emil<br \/>HINDLEY Jai<br \/>PELLIZZARI Giulio<br \/>ZWIEHOFF Ben<\/p>\n<p>&#13;<\/p>\n<p><strong>SOUDAL QUICK-STEP<\/strong><br \/>GAROFOLI Gianmarco<br \/>HUBY Antoine<br \/>KNOX James<br \/>LAMPERTI Luke<br \/>LANDA Mikel<br \/>SERRY Pieter<br \/>VERVAEKE Louis<\/p>\n<p>&#13;<\/p>\n<p><strong>TEAM POLTI VISITMALTA<\/strong><br \/>GARCIA Pablo<br \/>G\u00d3MEZ Germ\u00e1n Dario<br \/>LONARDI Giovanni<br \/>MARTIN Alex<br \/>PIETROBON Andrea<br \/>PIGANZOLI Davide<br \/>TERCERO Fernando<\/p>\n<p>&#13;<\/p>\n<p><strong>TUDOR PRO CYCLING TEAM<\/strong><br \/>ERIKSSON Lucas<br \/>FROIDEVAUX Robin<br \/>HEMING Mika<br \/>RONDEL Mathys<br \/>THALMANN Roland<br \/>WARBASSE Lawrence<br \/>WEISS Fabian<\/p>\n<p>&#13;<\/p>\n<p><strong>UAE TEAM EMIRATES-XRG<\/strong><br \/>ARRIETA Igor<br \/>COVI Alessandro<br \/>DEL TORO Isaac<br \/>FREIRE Marcos<br \/>MOLANO Sebastian<br \/>NOVAK Domen<br \/>OLIVEIRA Rui<\/p>\n<p>&#13;<\/p>\n<p><strong>UNO-X MOBILITY<\/strong><br \/>BLIKRA Erlend<br \/>DALBY Simon<br \/>HVIDEBERG Jonas Hem<br \/>KRON Andreas<br \/>KULSET Johannes<br \/>KULSET Magnus<br \/>SKAARSETH Anders<\/p>\n<p>&#13;<\/p>\n<p><strong>XDS ASTANA TEAM<\/strong><br \/>CONCI Nicola<br \/>FORTUNATO Lorenzo<br \/>L\u00d3PEZ Martin<br \/>MALUCELLI Matteo<br \/>POELS Wout<br \/>SYRITSA Gleb<br \/>VAN BEKKUM Darren<\/p>\n","protected":false},"excerpt":{"rendered":"Lire la suite de l&rsquo;article&#13; \u00a0 &#13; Del Toro, Landa, Ciccone&#8230; les t\u00eates d&rsquo;affiche&#13; Si les principaux favoris&hellip;\n","protected":false},"author":2,"featured_media":295505,"comment_status":"","ping_status":"","sticky":false,"template":"","format":"standard","meta":{"footnotes":""},"categories":[1411],"tags":[1154,207,211,1011,27,209,60,43562,210,212,208,213],"class_list":{"0":"post-295504","1":"post","2":"type-post","3":"status-publish","4":"format-standard","5":"has-post-thumbnail","7":"category-cyclisme","8":"tag-cycling","9":"tag-cyclisme","10":"tag-ffc","11":"tag-fr","12":"tag-france","13":"tag-route","14":"tag-sports","15":"tag-tour-de-burgos","16":"tag-tour-de-france","17":"tag-uci","18":"tag-velo","19":"tag-world-tour"},"share_on_mastodon":{"url":"https:\/\/pubeurope.com\/@fr\/114970000500823895","error":""},"_links":{"self":[{"href":"https:\/\/www.europesays.com\/fr\/wp-json\/wp\/v2\/posts\/295504","targetHints":{"allow":["GET"]}}],"collection":[{"href":"https:\/\/www.europesays.com\/fr\/wp-json\/wp\/v2\/posts"}],"about":[{"href":"https:\/\/www.europesays.com\/fr\/wp-json\/wp\/v2\/types\/post"}],"author":[{"embeddable":true,"href":"https:\/\/www.europesays.com\/fr\/wp-json\/wp\/v2\/users\/2"}],"replies":[{"embeddable":true,"href":"https:\/\/www.europesays.com\/fr\/wp-json\/wp\/v2\/comments?post=295504"}],"version-history":[{"count":0,"href":"https:\/\/www.europesays.com\/fr\/wp-json\/wp\/v2\/posts\/295504\/revisions"}],"wp:featuredmedia":[{"embeddable":true,"href":"https:\/\/www.europesays.com\/fr\/wp-json\/wp\/v2\/media\/295505"}],"wp:attachment":[{"href":"https:\/\/www.europesays.com\/fr\/wp-json\/wp\/v2\/media?parent=295504"}],"wp:term":[{"taxonomy":"category","embeddable":true,"href":"https:\/\/www.europesays.com\/fr\/wp-json\/wp\/v2\/categories?post=295504"},{"taxonomy":"post_tag","embeddable":true,"href":"https:\/\/www.europesays.com\/fr\/wp-json\/wp\/v2\/tags?post=295504"}],"curies":[{"name":"wp","href":"https:\/\/api.w.org\/{rel}","templated":true}]}}