{"id":295506,"date":"2025-08-04T10:22:10","date_gmt":"2025-08-04T10:22:10","guid":{"rendered":"https:\/\/www.europesays.com\/fr\/295506\/"},"modified":"2025-08-04T10:22:10","modified_gmt":"2025-08-04T10:22:10","slug":"quatre-ans-apres-son-depart-de-lom-que-vaut-florian-thauvin-proche-de-signer-a-lens","status":"publish","type":"post","link":"https:\/\/www.europesays.com\/fr\/295506\/","title":{"rendered":"quatre ans apr\u00e8s son d\u00e9part de l\u2019OM, que vaut Florian Thauvin, proche de signer \u00e0 Lens\u00a0?"},"content":{"rendered":"<p>Le champion du monde Florian Thauvin pourrait faire son retour en Ligue\u00a01 sous les couleurs du RC Lens. Aujourd\u2019hui capitaine de l\u2019Udinese en Italie, l\u2019ancien ailier marseillais a encore la cote.<\/p>\n<p class=\"fig-paragraph\">Apr\u00e8s Paul Pogba et Olivier Giroud, un autre champion du monde pourrait garnir les rangs de la Ligue\u00a01 cet \u00e9t\u00e9. Florian Thauvin, membre de l\u2019\u00e9quipe de France lors de son p\u00e9riple russe en 2018,\u00a0<a href=\"http:\/\/www.lefigaro.fr\/sports\/football\/transferts\/mercato-les-tigres-mettent-fin-au-contrat-de-florian-thauvin-20230123\" data-fig-type=\"NewsFlash\" data-gtm-custom-categorie=\"navigation\" data-gtm-custom-action=\"crossclick\" data-gtm-custom-label=\"Contextuel\" data-gtm-event=\"customEventSPE\" data-fig-domain=\"LEFIGARO\" target=\"_blank\" rel=\"noopener\">serait proche de rejoindre le RC Lens<\/a>. L\u2019ailier tricolore avait quitt\u00e9 l\u2019Hexagone il y a quatre ans, apr\u00e8s la fin de son contrat \u00e0 l\u2019Olympique de Marseille.<\/p>\n<p class=\"fig-paragraph\">Il avait alors rejoint son ancien partenaire \u00e0 l\u2019OM, Andr\u00e9-Pierre Gignac, chez le club mexicain des Tigres, bas\u00e9 \u00e0 Monterrey. Le salaire, environ 6\u00a0M\u20ac par an, \u00e9tait un argument de poids. Thauvin y est rest\u00e9 un an et demi,\u00a0<a href=\"http:\/\/www.lefigaro.fr\/sports\/football\/transferts\/mercato-les-tigres-mettent-fin-au-contrat-de-florian-thauvin-20230123\" data-fig-type=\"NewsFlash\" data-gtm-custom-categorie=\"navigation\" data-gtm-custom-action=\"crossclick\" data-gtm-custom-label=\"Contextuel\" data-gtm-event=\"customEventSPE\" data-fig-domain=\"LEFIGARO\" target=\"_blank\" rel=\"noopener\">jusqu\u2019en janvier 2023<\/a>. Un calvaire. \u00abJ\u2019ai touch\u00e9 le fond\u00bb, a-t-il reconnu dans les colonnes de\u00a0<a href=\"https:\/\/www.lequipe.fr\/France-Football\/Article\/Florian-thauvin-j-aimerais-jouer-jusqu-a-40-ans\/1569073\" target=\"_blank\" rel=\"sponsored noopener\" data-gtm-custom-categorie=\"navigation\" data-gtm-custom-action=\"crossclick\" data-gtm-custom-label=\"Contextuel\" data-gtm-event=\"customEventSPE\">France Football<\/a> . Niveau de jeu en baisse, manque de confiance et un club qui se serait \u00abmal comport\u00e9\u00bb avec lui&#8230; Thauvin s\u2019est perdu.<\/p>\n<p>                                    <a class=\"fig-a11y-skip a11y-hidden\" href=\"#fig-a11y-skip-main-inarticle\"><br \/>\n        Passer la publicit\u00e9<br \/>\n    <\/a><\/p>\n<p>\u00abExp\u00e9rience\u00bb, \u00ableadership\u00bb, \u00abjoueur fondamental\u00bb \u00e0 l\u2019Udinese<\/p>\n<p class=\"fig-paragraph\">Perdu jusqu\u2019\u00e0 sa renaissance en Italie, o\u00f9 l\u2019Udinese s\u2019estimait capable de le relancer. Souvent rempla\u00e7ant lors de ses premiers mois, le natif d\u2019Orl\u00e9ans, qui a grandi sur les bords de la Loire, est mont\u00e9 en puissance. Il devient titulaire lors de la saison 2023-24, \u00e0 l\u2019issue de laquelle il est nomm\u00e9 capitaine des Bianconeri.<\/p>\n<p class=\"fig-paragraph\"><strong>\u00c0 VOIR AUSSI \u2013 <\/strong>Coup franc, frappe lointaine&#8230; Le top\u00a05 des buts de Florian Thauvin avec l\u2019OM (2013-2021)<\/p>\n<p class=\"fig-paragraph\">\u00abIl avait le bon profil, estimait son entra\u00eeneur allemand Kosta Runjaic. Entre l\u2019exp\u00e9rience, le leadership, les qualit\u00e9s footballistiques, c\u2019\u00e9tait plut\u00f4t simple de le d\u00e9signer capitaine. Florian veut prendre ses responsabilit\u00e9s et avoir un peu plus de pression sur ses \u00e9paules.\u00bb Thauvin entame alors ce qui sera sa meilleure saison statistique depuis son d\u00e9part de l\u2019OM\u00a0: 9 buts et 5 passes d\u00e9cisives en 26 matches.<\/p>\n<p class=\"fig-paragraph\">\u00abJ\u2019ai retrouv\u00e9 le niveau qui \u00e9tait le mien avant de quitter l\u2019Europe\u00bb, savourait-il au micro de TNT Sports en mars dernier, juste avant qu\u2019une blessure mette fin \u00e0 sa saison. Cela n\u2019a pas emp\u00each\u00e9 l\u2019Udinese d\u2019activer l\u2019option dans son contrat pour le prolonger d\u2019un an, jusqu\u2019en juin 2026. Thauvin est \u00abun joueur fondamental\u00bb pour le club du Frioul, a soutenu le directeur sportif G\u00f6khan Inler.<\/p>\n<p>L\u2019objectif des 100 buts en Ligue\u00a01<\/p>\n<p class=\"fig-paragraph\">Le gaucher de 32 ans, auparavant ailier dribbleur, a port\u00e9 le N.10 \u00e0 l\u2019Udinese la saison pass\u00e9e, et son style de jeu s\u2019est rapproch\u00e9 de ce qu\u2019\u00e9voque ce num\u00e9ro. Il a m\u00eame r\u00e9int\u00e9gr\u00e9 la liste d\u2019une cinquantaine de joueurs\u00a0<a href=\"http:\/\/www.lefigaro.fr\/sports\/football\/equipe-de-france\/equipe-de-france-thauvin-pre-convoque-pourquoi-ca-ne-veut-presque-rien-dire-20240923\" data-fig-type=\"NewsFlash\" data-gtm-custom-categorie=\"navigation\" data-gtm-custom-action=\"crossclick\" data-gtm-custom-label=\"Contextuel\" data-gtm-event=\"customEventSPE\" data-fig-domain=\"LEFIGARO\" target=\"_blank\" rel=\"noopener\">pr\u00e9-convoqu\u00e9s par Didier Deschamps<\/a>\u00a0\u00e0 chaque rassemblement des Bleus. Il reste tr\u00e8s loin de retrouver l\u2019\u00e9quipe de France (10 s\u00e9lections, un but), mais cela demeure un signal positif.<\/p>\n<p>                                    <a class=\"fig-a11y-skip a11y-hidden\" href=\"#fig-a11y-skip-main-inarticle_mtf\"><br \/>\n        Passer la publicit\u00e9<br \/>\n    <\/a><\/p>\n<p class=\"fig-paragraph\">Quant \u00e0 sa motivation, elle devrait s\u2019av\u00e9rer intacte, surtout s\u2019il revient au pays. \u00abLa France, c\u2019est un championnat important pour moi. Je suis fran\u00e7ais, et il ne me manque pas grand-chose pour atteindre les 100 buts en Ligue\u00a01. Donc c\u2019est vrai que j\u2019aimerais revenir pour atteindre cet objectif\u00bb, confiait-il en mars. \u00c9galement pass\u00e9 par Bastia, Thauvin compte 86 buts en 259 matches de L1. Des chiffres qui pourraient \u00e9voluer d\u00e8s le 16 ao\u00fbt, avec la r\u00e9ception de l\u2019Olympique Lyonnais par le RC Lens.<\/p>\n","protected":false},"excerpt":{"rendered":"Le champion du monde Florian Thauvin pourrait faire son retour en Ligue\u00a01 sous les couleurs du RC Lens.&hellip;\n","protected":false},"author":2,"featured_media":295507,"comment_status":"","ping_status":"","sticky":false,"template":"","format":"standard","meta":{"footnotes":""},"categories":[1410],"tags":[43563,63,1011,27,2264,60],"class_list":{"0":"post-295506","1":"post","2":"type-post","3":"status-publish","4":"format-standard","5":"has-post-thumbnail","7":"category-football","8":"tag-florian-thauvin","9":"tag-football","10":"tag-fr","11":"tag-france","12":"tag-rc-lens","13":"tag-sports"},"share_on_mastodon":{"url":"https:\/\/pubeurope.com\/@fr\/114970004323462174","error":""},"_links":{"self":[{"href":"https:\/\/www.europesays.com\/fr\/wp-json\/wp\/v2\/posts\/295506","targetHints":{"allow":["GET"]}}],"collection":[{"href":"https:\/\/www.europesays.com\/fr\/wp-json\/wp\/v2\/posts"}],"about":[{"href":"https:\/\/www.europesays.com\/fr\/wp-json\/wp\/v2\/types\/post"}],"author":[{"embeddable":true,"href":"https:\/\/www.europesays.com\/fr\/wp-json\/wp\/v2\/users\/2"}],"replies":[{"embeddable":true,"href":"https:\/\/www.europesays.com\/fr\/wp-json\/wp\/v2\/comments?post=295506"}],"version-history":[{"count":0,"href":"https:\/\/www.europesays.com\/fr\/wp-json\/wp\/v2\/posts\/295506\/revisions"}],"wp:featuredmedia":[{"embeddable":true,"href":"https:\/\/www.europesays.com\/fr\/wp-json\/wp\/v2\/media\/295507"}],"wp:attachment":[{"href":"https:\/\/www.europesays.com\/fr\/wp-json\/wp\/v2\/media?parent=295506"}],"wp:term":[{"taxonomy":"category","embeddable":true,"href":"https:\/\/www.europesays.com\/fr\/wp-json\/wp\/v2\/categories?post=295506"},{"taxonomy":"post_tag","embeddable":true,"href":"https:\/\/www.europesays.com\/fr\/wp-json\/wp\/v2\/tags?post=295506"}],"curies":[{"name":"wp","href":"https:\/\/api.w.org\/{rel}","templated":true}]}}