{"id":29551,"date":"2025-04-16T16:20:14","date_gmt":"2025-04-16T16:20:14","guid":{"rendered":"https:\/\/www.europesays.com\/fr\/29551\/"},"modified":"2025-04-16T16:20:14","modified_gmt":"2025-04-16T16:20:14","slug":"ladolescent-autiste-crible-de-balles-par-des-policiers-en-idaho-meurt-apres-avoir-ete-debranche-2","status":"publish","type":"post","link":"https:\/\/www.europesays.com\/fr\/29551\/","title":{"rendered":"L\u2019adolescent autiste cribl\u00e9 de balles par des policiers en Idaho meurt apr\u00e8s avoir \u00e9t\u00e9 d\u00e9branch\u00e9"},"content":{"rendered":"<p>Victor Perez, un adolescent <a href=\"https:\/\/www.20minutes.fr\/dossier\/autisme\" target=\"_blank\" class=\"color-ultramarine c-link\" rel=\"noopener\">autiste<\/a> et non verbal de 17 ans, <a href=\"https:\/\/www.20minutes.fr\/monde\/etats-unis\/4147999-20250410-etats-unis-indignation-apres-tirs-police-adolescent-autiste-portant-couteau\" target=\"_blank\" class=\"color-ultramarine c-link\" rel=\"noopener\">gri\u00e8vement bless\u00e9 par balles par la police de Pocatello<\/a> (Idaho) le 5\u00a0avril, est d\u00e9c\u00e9d\u00e9 samedi apr\u00e8s avoir \u00e9t\u00e9 d\u00e9branch\u00e9 de l\u2019assistance respiratoire, a annonc\u00e9 sa famille. L\u2019affaire, rapport\u00e9e par <a href=\"https:\/\/edition.cnn.com\/2025\/04\/12\/us\/autistic-teen-idaho-police-shooting-dies\/index.html\" rel=\"nofollow noopener\" target=\"_blank\" class=\"color-ultramarine c-link\">CNN<\/a>, a d\u00e9clench\u00e9 une vive \u00e9motion aux <a href=\"https:\/\/www.20minutes.fr\/monde\/etats-unis\/\" target=\"_blank\" class=\"color-ultramarine c-link\" rel=\"noopener\">Etats-Unis<\/a>, tout en relan\u00e7ant le d\u00e9bat sur l\u2019usage disproportionn\u00e9 de la force polici\u00e8re envers les personnes en situation de handicap.<\/p>\n<p>Victor Perez, \u00e9galement atteint de paralysie c\u00e9r\u00e9brale, avait \u00e9t\u00e9 hospitalis\u00e9 dans le <a href=\"https:\/\/www.20minutes.fr\/dossier\/coma\" target=\"_blank\" class=\"color-ultramarine c-link\" rel=\"noopener\">coma<\/a> apr\u00e8s avoir re\u00e7u neuf balles. Il a subi plusieurs op\u00e9rations, dont une amputation de la jambe. Des tests pratiqu\u00e9s vendredi ont confirm\u00e9 l\u2019absence d\u2019activit\u00e9 c\u00e9r\u00e9brale, selon sa tante Ana Vazquez.<\/p>\n<p>Une vid\u00e9o montre l\u2019intervention des agents<\/p>\n<p>Les faits se sont d\u00e9roul\u00e9s dans un quartier r\u00e9sidentiel de Pocatello. Selon la <a href=\"https:\/\/www.20minutes.fr\/dossier\/police\" target=\"_blank\" class=\"color-ultramarine c-link\" rel=\"noopener\">police<\/a>, les agents avaient \u00e9t\u00e9 appel\u00e9s pour une urgence impliquant un homme \u00ab\u00a0apparemment ivre\u00a0\u00bb muni d\u2019un <a href=\"https:\/\/www.20minutes.fr\/dossier\/couteau\" target=\"_blank\" class=\"color-ultramarine c-link\" rel=\"noopener\">couteau<\/a>. Mais la famille de Victor Perez explique qu\u2019il n\u2019\u00e9tait pas sous l\u2019emprise de l\u2019alcool et que sa d\u00e9marche chancelante \u00e9tait li\u00e9e \u00e0 ses handicaps. Les proches tentaient alors de lui \u00f4ter un grand couteau de cuisine qu\u2019il tenait.<\/p>\n<\/p>\n<p>Une vid\u00e9o capt\u00e9e par un voisin montre l\u2019adolescent allong\u00e9 au sol apr\u00e8s une chute, lorsque quatre policiers arrivent sur place. Ils s\u2019approchent de la cl\u00f4ture s\u00e9parant la rue de la cour. Moins de 12 secondes apr\u00e8s \u00eatre sortis de leurs v\u00e9hicules, les agents ouvrent le feu, sans tentative visible de d\u00e9sescalade, alors que Victor Perez se rel\u00e8ve maladroitement et s\u2019approche en titubant. \u00ab\u00a0Tout le monde criait aux policiers d\u2019arr\u00eater, de ne pas tirer\u00a0\u00bb, raconte Ana Vazquez \u00e0 CNN. \u00ab\u00a0Ils n\u2019ont pos\u00e9 aucune question. Ils ont juste tir\u00e9.\u00a0\u00bb<\/p>\n<p>Poursuites contre les quatre policiers\u00a0?<\/p>\n<p>Les quatre agents impliqu\u00e9s, dont l\u2019identit\u00e9 n\u2019a pas \u00e9t\u00e9 communiqu\u00e9e, ont \u00e9t\u00e9 plac\u00e9s en cong\u00e9 administratif. Une enqu\u00eate ind\u00e9pendante a \u00e9t\u00e9 confi\u00e9e \u00e0 l\u2019Eastern Idaho Critical Incident Team. Selon le procureur du comt\u00e9 de Bannock, Ian Johnson, la d\u00e9cision d\u2019\u00e9ventuelles poursuites sera prise apr\u00e8s l\u2019analyse du rapport final, qui sera examin\u00e9 par une juridiction ext\u00e9rieure pour garantir une \u00e9valuation objective.<\/p>\n<p><a href=\"https:\/\/www.20minutes.fr\/search?q=etats-unis+actualite#gsc.tab=0&amp;gsc.q=etats-unis%20actualite&amp;gsc.page=1\" target=\"_blank\" class=\"c-link c-btn c-btn--primary\" rel=\"noopener\">Toute l&rsquo;actualit\u00e9s des Etats-Unis<\/a><\/p>\n<p>Face \u00e0 la col\u00e8re croissante de la communaut\u00e9, une veill\u00e9e en hommage \u00e0 Victor Perez a \u00e9t\u00e9 organis\u00e9e samedi devant l\u2019h\u00f4pital de Pocatello. La mairie, par la voix du maire Brian Blad, a exprim\u00e9 ses \u00ab\u00a0pens\u00e9es et pri\u00e8res\u00a0\u00bb \u00e0 la famille. \u00ab\u00a0Nous comprenons la douleur que cet \u00e9v\u00e9nement a caus\u00e9e \u00e0 notre communaut\u00e9\u00a0\u00bb, a-t-il d\u00e9clar\u00e9. Il a assur\u00e9 que l\u2019affaire serait trait\u00e9e avec \u00ab\u00a0tout le s\u00e9rieux qu\u2019elle m\u00e9rite\u00a0\u00bb.<\/p>\n","protected":false},"excerpt":{"rendered":"Victor Perez, un adolescent autiste et non verbal de 17 ans, gri\u00e8vement bless\u00e9 par balles par la police&hellip;\n","protected":false},"author":2,"featured_media":29552,"comment_status":"","ping_status":"","sticky":false,"template":"","format":"standard","meta":{"footnotes":""},"categories":[5],"tags":[47,11,8187,3983,1067,73,118,1011,27,3832,14,12,1072,28],"class_list":{"0":"post-29551","1":"post","2":"type-post","3":"status-publish","4":"format-standard","5":"has-post-thumbnail","7":"category-international","8":"tag-actualite","9":"tag-actualites","10":"tag-autisme","11":"tag-deces","12":"tag-enquete","13":"tag-etats-unis","14":"tag-faits-divers","15":"tag-fr","16":"tag-france","17":"tag-fusillade","18":"tag-international","19":"tag-news","20":"tag-police","21":"tag-world"},"share_on_mastodon":{"url":"https:\/\/pubeurope.com\/@fr\/114348557756586315","error":""},"_links":{"self":[{"href":"https:\/\/www.europesays.com\/fr\/wp-json\/wp\/v2\/posts\/29551","targetHints":{"allow":["GET"]}}],"collection":[{"href":"https:\/\/www.europesays.com\/fr\/wp-json\/wp\/v2\/posts"}],"about":[{"href":"https:\/\/www.europesays.com\/fr\/wp-json\/wp\/v2\/types\/post"}],"author":[{"embeddable":true,"href":"https:\/\/www.europesays.com\/fr\/wp-json\/wp\/v2\/users\/2"}],"replies":[{"embeddable":true,"href":"https:\/\/www.europesays.com\/fr\/wp-json\/wp\/v2\/comments?post=29551"}],"version-history":[{"count":0,"href":"https:\/\/www.europesays.com\/fr\/wp-json\/wp\/v2\/posts\/29551\/revisions"}],"wp:featuredmedia":[{"embeddable":true,"href":"https:\/\/www.europesays.com\/fr\/wp-json\/wp\/v2\/media\/29552"}],"wp:attachment":[{"href":"https:\/\/www.europesays.com\/fr\/wp-json\/wp\/v2\/media?parent=29551"}],"wp:term":[{"taxonomy":"category","embeddable":true,"href":"https:\/\/www.europesays.com\/fr\/wp-json\/wp\/v2\/categories?post=29551"},{"taxonomy":"post_tag","embeddable":true,"href":"https:\/\/www.europesays.com\/fr\/wp-json\/wp\/v2\/tags?post=29551"}],"curies":[{"name":"wp","href":"https:\/\/api.w.org\/{rel}","templated":true}]}}