{"id":295510,"date":"2025-08-04T10:24:09","date_gmt":"2025-08-04T10:24:09","guid":{"rendered":"https:\/\/www.europesays.com\/fr\/295510\/"},"modified":"2025-08-04T10:24:09","modified_gmt":"2025-08-04T10:24:09","slug":"pourquoi-un-arbre-en-metal-a-t-il-ete-plante-dans-cette-ville-pres-de-caen","status":"publish","type":"post","link":"https:\/\/www.europesays.com\/fr\/295510\/","title":{"rendered":"Pourquoi un arbre en m\u00e9tal a-t-il \u00e9t\u00e9 \u00ab plant\u00e9 \u00bb dans cette ville pr\u00e8s de Caen\u00a0?"},"content":{"rendered":"<p>            Par<br \/>\n        <strong><br \/>\n            <a href=\"https:\/\/actu.fr\/auteur\/margaux-rousset\" title=\"Consulter tous les articles de Margaux Rousset\" target=\"_blank\" rel=\"noopener\">Margaux Rousset<\/a><br \/>\n        <\/strong><\/p>\n<p>        Publi\u00e9 le<\/p>\n<p>            4 ao\u00fbt 2025 \u00e0 7h10        <\/p>\n<p>C\u2019est <b>un arbre symbolique<\/b> qui a \u00e9t\u00e9 \u00ab\u2009plant\u00e9\u2009\u00bb au terminus du tramway \u00e0 <a href=\"https:\/\/actu.fr\/normandie\/herouville-saint-clair_14327\" target=\"_blank\" rel=\"noopener\">H\u00e9rouville Saint-Clair (Calvados)<\/a>. En m\u00e9tal, cet arbre a \u00e9t\u00e9 r\u00e9alis\u00e9 par 15\u00a0\u00e9l\u00e8ves de la <a href=\"https:\/\/actu.fr\/normandie\/colombelles_14167\/agglo-de-caen-la-nouvelle-ecole-metal-academy-forme-les-jeunes-au-metier-de-soudeur_60387287.html\" target=\"_blank\" rel=\"noopener\">Metal Academy bas\u00e9e \u00e0 Colombelles<\/a> et qui sp\u00e9cialise les jeunes au m\u00e9tier de soudeur. Ils ont travaill\u00e9 sur cette sculpture pendant une ann\u00e9e.<\/p>\n<p class=\" wall-content\">Install\u00e9 <b>sur un axe de fort passage<\/b>, entre le terminus du tramway et le commissariat, cet arbre est aussi bien symbolique qu\u2019un outil d\u2019informations.<\/p>\n<p>Un arbre pour la lutte contre les violences conjugales<\/p>\n<p class=\" wall-content\">Symbolique par le th\u00e8me qu\u2019il porte. En effet, en travaillant dessus, les \u00e9l\u00e8ves ont \u00e9t\u00e9 \u00e9galement \u00e9t\u00e9 <b>sensibilis\u00e9s \u00e0 la lutte contre les violences conjugales<\/b>. Aux racines de l\u2019arbre se trouvent des mots \u00e9voquant les souffrances et les cons\u00e9quences des violences. Puis sur les branches, des fleurs apparaissent, accompagn\u00e9es de mots porteurs d\u2019espoir et de reconstruction. Cet arbre a \u00e9t\u00e9 r\u00e9alis\u00e9 \u00e0 l\u2019initiative de Sylvie Dumont Prieux, conseill\u00e8re d\u00e9l\u00e9gu\u00e9e aux violences conjugales et intrafamiliales \u00e0 H\u00e9rouville Saint-Clair. Elle a d\u2019ailleurs rencontr\u00e9 les \u00e9l\u00e8ves plusieurs fois durant leur ann\u00e9e.<\/p>\n<p class=\" wall-content\">Sur le socle de l\u2019arbre, un QR code a \u00e9t\u00e9 int\u00e9gr\u00e9. Il renvoie directement \u00e0<a href=\"https:\/\/www.herouville.net\/services\/sante-solidarite-logement\/sante\/lutte-contre-les-violences-conjugales-et-intrafamiliales\" target=\"_blank\" rel=\"noopener\"> la page d\u00e9di\u00e9e aux violences conjugales<\/a> sur le site internet de la ville d\u2019H\u00e9rouville offrant ainsi des ressources sur le sujet.<\/p>\n<p class=\" wall-content\">Suivez toute l\u2019actualit\u00e9 de vos villes et m\u00e9dias favoris en vous inscrivant \u00e0 <a href=\"https:\/\/moncompte.actu.fr\" title=\"D\u00e9couvez Mon Actu\" rel=\"nofollow noopener\" data-trk=\"{&quot;cta&quot;:{&quot;action&quot;:&quot;https:\\\/\\\/moncompte.actu.fr&quot;,&quot;category&quot;:&quot;mon compte&quot;,&quot;from&quot;:&quot;article footer&quot;,&quot;name&quot;:&quot;Mon actu&quot;,&quot;type&quot;:&quot;cta&quot;}}\" target=\"_blank\">Mon Actu<\/a>.<\/p>\n<ul class=\"ac-article-tag wall-content\">\n<li><a href=\"https:\/\/actu.fr\/tag\/caen\" data-trk=\"{&quot;cta&quot;:{&quot;action&quot;:&quot;Caen&quot;,&quot;category&quot;:&quot;tag&quot;,&quot;from&quot;:&quot;article footer&quot;,&quot;name&quot;:&quot;Caen&quot;,&quot;type&quot;:&quot;cta&quot;}}\" target=\"_blank\" rel=\"noopener\">#Caen<\/a><\/li>\n<li><a href=\"https:\/\/actu.fr\/tag\/violences-conjugales\" data-trk=\"{&quot;cta&quot;:{&quot;action&quot;:&quot;Violences conjugales&quot;,&quot;category&quot;:&quot;tag&quot;,&quot;from&quot;:&quot;article footer&quot;,&quot;name&quot;:&quot;Violences conjugales&quot;,&quot;type&quot;:&quot;cta&quot;}}\" target=\"_blank\" rel=\"noopener\">#Violences conjugales<\/a><\/li>\n<\/ul>\n","protected":false},"excerpt":{"rendered":"Par Margaux Rousset Publi\u00e9 le 4 ao\u00fbt 2025 \u00e0 7h10 C\u2019est un arbre symbolique qui a \u00e9t\u00e9 \u00ab\u2009plant\u00e9\u2009\u00bb&hellip;\n","protected":false},"author":2,"featured_media":295511,"comment_status":"","ping_status":"","sticky":false,"template":"","format":"standard","meta":{"footnotes":""},"categories":[1358],"tags":[1348,1384,1385,5492,1386,58,59,1011,27,104,798],"class_list":{"0":"post-295510","1":"post","2":"type-post","3":"status-publish","4":"format-standard","5":"has-post-thumbnail","7":"category-arts-et-design","8":"tag-arts","9":"tag-arts-and-design","10":"tag-arts-et-design","11":"tag-caen","12":"tag-design","13":"tag-divertissement","14":"tag-entertainment","15":"tag-fr","16":"tag-france","17":"tag-societe","18":"tag-violences-conjugales"},"share_on_mastodon":{"url":"https:\/\/pubeurope.com\/@fr\/114970012173852961","error":""},"_links":{"self":[{"href":"https:\/\/www.europesays.com\/fr\/wp-json\/wp\/v2\/posts\/295510","targetHints":{"allow":["GET"]}}],"collection":[{"href":"https:\/\/www.europesays.com\/fr\/wp-json\/wp\/v2\/posts"}],"about":[{"href":"https:\/\/www.europesays.com\/fr\/wp-json\/wp\/v2\/types\/post"}],"author":[{"embeddable":true,"href":"https:\/\/www.europesays.com\/fr\/wp-json\/wp\/v2\/users\/2"}],"replies":[{"embeddable":true,"href":"https:\/\/www.europesays.com\/fr\/wp-json\/wp\/v2\/comments?post=295510"}],"version-history":[{"count":0,"href":"https:\/\/www.europesays.com\/fr\/wp-json\/wp\/v2\/posts\/295510\/revisions"}],"wp:featuredmedia":[{"embeddable":true,"href":"https:\/\/www.europesays.com\/fr\/wp-json\/wp\/v2\/media\/295511"}],"wp:attachment":[{"href":"https:\/\/www.europesays.com\/fr\/wp-json\/wp\/v2\/media?parent=295510"}],"wp:term":[{"taxonomy":"category","embeddable":true,"href":"https:\/\/www.europesays.com\/fr\/wp-json\/wp\/v2\/categories?post=295510"},{"taxonomy":"post_tag","embeddable":true,"href":"https:\/\/www.europesays.com\/fr\/wp-json\/wp\/v2\/tags?post=295510"}],"curies":[{"name":"wp","href":"https:\/\/api.w.org\/{rel}","templated":true}]}}