{"id":295514,"date":"2025-08-04T10:26:15","date_gmt":"2025-08-04T10:26:15","guid":{"rendered":"https:\/\/www.europesays.com\/fr\/295514\/"},"modified":"2025-08-04T10:26:15","modified_gmt":"2025-08-04T10:26:15","slug":"cyril-hanouna-donne-des-nouvelles-de-tout-beau-tout-9","status":"publish","type":"post","link":"https:\/\/www.europesays.com\/fr\/295514\/","title":{"rendered":"Cyril Hanouna donne des nouvelles de \u00abTout beau tout 9\u00bb"},"content":{"rendered":"<p><strong>VID\u00c9O &#8211;<\/strong> Le 1er septembre prochain, le trublion du PAF sera de retour \u00e0 l\u2019antenne, celle de W9 cette fois-ci. Il se confie sur l\u2019\u00e9quipe qui l\u2019entourera.<\/p>\n<p class=\"fig-paragraph\">Apr\u00e8s un grand final en beaut\u00e9 avant la fermeture de C8, suivi d\u2019un bref passage sur YouTube,\u00a0<a href=\"http:\/\/tvmag.lefigaro.fr\/programme-tv\/actu-tele\/je-n-ai-pas-la-culture-de-ce-genre-de-plateau-norbert-tarayre-dement-rejoindre-cyril-hanouna-sur-w9-20250725\" target=\"_blank\" data-fig-type=\"Article\" rel=\"noopener\" data-gtm-custom-categorie=\"navigation\" data-gtm-custom-action=\"crossclick\" data-gtm-custom-label=\"Contextuel\" data-gtm-event=\"customEventSPE\" data-fig-domain=\"TVMAG\"><strong>Cyril Hanouna<\/strong><\/a> \u00a0fera sa rentr\u00e9e sur W9 le 1er septembre. En amont de ce retour en fanfare avec sa future \u00e9mission\u00a0<a href=\"http:\/\/tvmag.lefigaro.fr\/programme-tv\/actu-tele\/c-est-fini-la-gaudriole-la-premiere-bande-annonce-de-tout-beau-tout-9-la-nouvelle-emission-de-cyril-hanouna-20250625\" target=\"_blank\" data-fig-type=\"Article\" rel=\"noopener\" data-gtm-custom-categorie=\"navigation\" data-gtm-custom-action=\"crossclick\" data-gtm-custom-label=\"Contextuel\" data-gtm-event=\"customEventSPE\" data-fig-domain=\"TVMAG\">\u00abTout beau tout 9\u00bb<\/a>, l\u2019homme de t\u00e9l\u00e9vision annonce qu\u2019il livrera quelques indices sur son projet depuis son compte X. \u00abLes ch\u00e9ris, demain on sera \u00e0 30 jours pile de la premi\u00e8re de \u201cTBT9\u201d sur W9 \u00e0 18H45\u00bb, \u00e9crivait-il sur la plateforme d\u2019Elon Musk ce samedi 2 ao\u00fbt. \u00abJe ne vous cache pas que je suis trop heureux de vous retrouver et trop impatient! \u00c0 partir de demain je vous donnerai tous les jours \u00e0 18h45 une information sur l\u2019\u00e9mission. Je vous aime fort et merci.\u00bb<\/p>\n<p class=\"fig-paragraph\">Le trublion du PAF a tenu parole\u00a0: ce dimanche soir \u00e0 18H49, il s\u2019est confi\u00e9 sur la composition de sa future \u00e9quipe en plateau. \u00abMes ch\u00e9ris! J-30 avant la premi\u00e8re sur W9\u00a0! Petite info, il y aura comme avant pour d\u00e9marrer neuf chroniqueurs \u00e0 la table\u00bb, entame-t-il,\u00a0<a href=\"https:\/\/x.com\/Cyrilhanouna\/status\/1952049075307876809\" target=\"_blank\" rel=\"sponsored noopener\" data-gtm-custom-categorie=\"navigation\" data-gtm-custom-action=\"crossclick\" data-gtm-custom-label=\"Contextuel\" data-gtm-event=\"customEventSPE\">toujours sur X<\/a>. \u00abParmi ces neuf il y aura cinq \u201canciens\u201det quatre nouveaux. Faites vos jeux Je vous aime fort, vous me manquez\u00a0! 30 jours, je n\u2019arrive pas \u00e0 y croire\u00a0!\u00bb<\/p>\n<p class=\"fig-body-link\">\n            \u00c0 lire aussi<br \/>\n        <a class=\"fig-body-link__link\" href=\"http:\/\/tvmag.lefigaro.fr\/programme-tv\/actu-tele\/chroniqueurs-nouvelles-sequences-cyril-hanouna-fait-des-revelations-sur-sa-future-emission-tout-beau-tout-9-sur-w9-20250613\" target=\"_blank\" data-fig-type=\"Article\" rel=\"noopener\" data-gtm-custom-categorie=\"navigation\" data-gtm-custom-action=\"crossclick\" data-gtm-custom-label=\"Contextuel\" data-gtm-event=\"customEventSPE\" data-fig-domain=\"TVMAG\">Chroniqueurs, nouvelles s\u00e9quences&#8230; Les r\u00e9v\u00e9lations de Cyril Hanouna sur sa future \u00e9mission \u00abTout beau tout 9\u00bb sur W9<br \/>\n    <\/a>\n<\/p>\n<p>                                    <a class=\"fig-a11y-skip a11y-hidden\" href=\"#fig-a11y-skip-main-inarticle\"><br \/>\n        Passer la publicit\u00e9<br \/>\n    <\/a><\/p>\n<p class=\"fig-paragraph\">Le 12 juin dernier, \u00e0 l\u2019antenne d\u2019Europe 1 pour son \u00e9mission \u00abOn marche sur la t\u00eate\u00bb,\u00a0<a href=\"http:\/\/tvmag.lefigaro.fr\/programme-tv\/actu-tele\/cyril-hanouna-impatient-de-retrouver-ses-cheries-sur-le-plateau-de-tout-beau-tout-9-20250722\" target=\"_blank\" data-fig-type=\"Article\" rel=\"noopener\" data-gtm-custom-categorie=\"navigation\" data-gtm-custom-action=\"crossclick\" data-gtm-custom-label=\"Contextuel\" data-gtm-event=\"customEventSPE\" data-fig-domain=\"TVMAG\">Cyril Hanouna<\/a>\u00a0d\u00e9taillait le concept de \u00abTout beau tout 9\u00bb. \u00abForc\u00e9ment, \u00e7a va fortement ressembler \u00e0 \u201cTPMP\u201d, on va beaucoup rigoler et on va beaucoup apprendre de choses\u00bb, livrait-il, avant d\u2019ajouter\u00a0: \u00ab On ne va pas changer une formule qui marche, \u00e7a va ressembler \u00e9norm\u00e9ment \u00e0 ce que l\u2019on faisait avant, avec beaucoup de divertissements\u00a0\u00bb.<\/p>\n<p class=\"fig-paragraph\">L\u2019animateur et producteur mentionnait d\u00e9j\u00e0 l\u2019arriv\u00e9e de nouveaux chroniqueurs \u00e0 ses c\u00f4t\u00e9s sur le plateau de W9. \u00abC\u2019est compliqu\u00e9 d\u2019arr\u00eater des gens, de prendre de nouvelles personnes, mais \u00e0 un moment il faut se renouveler\u00bb, assurait\u00a0<a href=\"http:\/\/tvmag.lefigaro.fr\/programme-tv\/actu-tele\/cyril-hanouna-impatient-de-retrouver-ses-cheries-sur-le-plateau-de-tout-beau-tout-9-20250722\" target=\"_blank\" data-fig-type=\"Article\" rel=\"noopener\" data-gtm-custom-categorie=\"navigation\" data-gtm-custom-action=\"crossclick\" data-gtm-custom-label=\"Contextuel\" data-gtm-event=\"customEventSPE\" data-fig-domain=\"TVMAG\">Cyril Hanouna<\/a>. \u00abOn va essayer de faire le maximum pour int\u00e9grer le plus de talents de M6 possible (&#8230;) Mais ceux dont je suis d\u00e9j\u00e0 s\u00fbr qu\u2019ils seront avec moi, c\u2019est clair, c\u2019est Val\u00e9rie Bena\u00efm, G\u00e9raldine Maillet, Raymond et Olivier Dartigolles.\u00bb<\/p>\n","protected":false},"excerpt":{"rendered":"VID\u00c9O &#8211; Le 1er septembre prochain, le trublion du PAF sera de retour \u00e0 l\u2019antenne, celle de W9&hellip;\n","protected":false},"author":2,"featured_media":295515,"comment_status":"","ping_status":"","sticky":false,"template":"","format":"standard","meta":{"footnotes":""},"categories":[1356],"tags":[1083,58,59,1011,27,252,1364,2395],"class_list":{"0":"post-295514","1":"post","2":"type-post","3":"status-publish","4":"format-standard","5":"has-post-thumbnail","7":"category-television","8":"tag-cyril-hanouna","9":"tag-divertissement","10":"tag-entertainment","11":"tag-fr","12":"tag-france","13":"tag-television","14":"tag-tv","15":"tag-w9"},"share_on_mastodon":{"url":"https:\/\/pubeurope.com\/@fr\/114970020098714714","error":""},"_links":{"self":[{"href":"https:\/\/www.europesays.com\/fr\/wp-json\/wp\/v2\/posts\/295514","targetHints":{"allow":["GET"]}}],"collection":[{"href":"https:\/\/www.europesays.com\/fr\/wp-json\/wp\/v2\/posts"}],"about":[{"href":"https:\/\/www.europesays.com\/fr\/wp-json\/wp\/v2\/types\/post"}],"author":[{"embeddable":true,"href":"https:\/\/www.europesays.com\/fr\/wp-json\/wp\/v2\/users\/2"}],"replies":[{"embeddable":true,"href":"https:\/\/www.europesays.com\/fr\/wp-json\/wp\/v2\/comments?post=295514"}],"version-history":[{"count":0,"href":"https:\/\/www.europesays.com\/fr\/wp-json\/wp\/v2\/posts\/295514\/revisions"}],"wp:featuredmedia":[{"embeddable":true,"href":"https:\/\/www.europesays.com\/fr\/wp-json\/wp\/v2\/media\/295515"}],"wp:attachment":[{"href":"https:\/\/www.europesays.com\/fr\/wp-json\/wp\/v2\/media?parent=295514"}],"wp:term":[{"taxonomy":"category","embeddable":true,"href":"https:\/\/www.europesays.com\/fr\/wp-json\/wp\/v2\/categories?post=295514"},{"taxonomy":"post_tag","embeddable":true,"href":"https:\/\/www.europesays.com\/fr\/wp-json\/wp\/v2\/tags?post=295514"}],"curies":[{"name":"wp","href":"https:\/\/api.w.org\/{rel}","templated":true}]}}