{"id":295516,"date":"2025-08-04T10:27:10","date_gmt":"2025-08-04T10:27:10","guid":{"rendered":"https:\/\/www.europesays.com\/fr\/295516\/"},"modified":"2025-08-04T10:27:10","modified_gmt":"2025-08-04T10:27:10","slug":"le-rappeur-soupconne-par-ses-fans-davoir-utilise-lia-dans-son-dernier-titre","status":"publish","type":"post","link":"https:\/\/www.europesays.com\/fr\/295516\/","title":{"rendered":"le rappeur soup\u00e7onn\u00e9 par ses fans d&rsquo;avoir utilis\u00e9 l&rsquo;IA dans son dernier titre"},"content":{"rendered":"<p class=\"article__intro\">Le dernier titre du rappeur marseillais publi\u00e9 ce vendredi 1er ao\u00fbt, \u00ab\u00a0Toi et moi\u00a0\u00bb, fait l&rsquo;objet de soup\u00e7ons de la part des internautes. Beaucoup accusent l&rsquo;artiste d&rsquo;avoir g\u00e9n\u00e9r\u00e9 ce nouveau single, tr\u00e8s diff\u00e9rent de ses productions habituelles, avec l&rsquo;intelligence artificielle.<\/p>\n<p>\n      L\u2019actu des r\u00e9gions\n    <\/p>\n<p>\n      Chaque jour, un tour d\u2019horizon des principales infos de toutes les r\u00e9gions.\n    <\/p>\n<p>    France T\u00e9l\u00e9visions utilise votre adresse e-mail afin de vous envoyer la newsletter \u00ab\u00a0L\u2019actu des r\u00e9gions\u00a0\u00bb. Vous pouvez vous d\u00e9sinscrire \u00e0 tout moment via le lien en bas de cette newsletter. <a target=\"_blank\" href=\"https:\/\/www.francetelevisions.fr\/groupe\/confidentialite\/politique-de-confidentialite\/politique-de-confidentialite-de-france-televisions-6503\" rel=\"nofollow noopener\">Notre politique de confidentialit\u00e9<\/a><\/p>\n<p>Il ne se passe pas un \u00e9t\u00e9 sans qu&rsquo;un des titres du rappeur marseillais Jul fasse le buzz sur les r\u00e9seaux sociaux. Cette ann\u00e9e ne d\u00e9roge pas \u00e0 la r\u00e8gle, mais cette fois, m\u00eame parmi les fans absolus de l&rsquo;artiste, un doute s&rsquo;installe. Depuis la publication ce vendredi 1er ao\u00fbt 2025 du single \u00ab\u00a0Toi et moi\u00a0\u00bb sur les r\u00e9seaux sociaux, de nombreux commentaires pointent des sonorit\u00e9s \u00e9tranges, faisant penser \u00e0 un usage de l&rsquo;intelligence artificielle pour cr\u00e9er le titre.<\/p>\n<\/p>\n<p>Il faut dire que le style du morceau porte \u00e9galement \u00e0 confusion : la voix du rappeur est pos\u00e9e sur un rythme aux sonorit\u00e9s gitanes, accompagn\u00e9e par de la guitare. De quoi produire un r\u00e9sultat tr\u00e8s diff\u00e9rent des compositions habituelles du rappeur, qui peut faire penser aux chansons de Kendji Girac par exemple.<\/p>\n<p>Un changement qui interpelle forc\u00e9ment les habitu\u00e9s, qui avaient pu d\u00e9couvrir seulement deux jours auparavant \u00ab\u00a0O\u00f9 on va ?\u00a0\u00bb, titre dans le style habituel de l&rsquo;artiste marseillais.<\/p>\n<blockquote class=\"twitter-tweet\">\n<p dir=\"ltr\" lang=\"fr\">Tu nous fait du Kendji maintenant ?<br \/>Non vraiment le J l\u00e0 je descends du train.. et ce vocodeur c&rsquo;est inaudible<\/p>\n<p>\u2014 MitchB13 (@B13Mitch) <a href=\"https:\/\/twitter.com\/B13Mitch\/status\/1950987882140934485?ref_src=twsrc%5Etfw\" rel=\"nofollow noopener\" target=\"_blank\">July 31, 2025<\/a><\/p><\/blockquote>\n<blockquote class=\"twitter-tweet\">\n<p dir=\"ltr\" lang=\"fr\">Oh le J, tu as mis l\u2019IA ?<\/p>\n<p>\u2014 JustZevitsh (@DimitriMullot) <a href=\"https:\/\/twitter.com\/DimitriMullot\/status\/1951615409318486527?ref_src=twsrc%5Etfw\" rel=\"nofollow noopener\" target=\"_blank\">August 2, 2025<\/a><\/p><\/blockquote>\n<p>Le doute autour de l&rsquo;utilisation de l&rsquo;intelligence artificielle par Jul, d\u00e9j\u00e0 pr\u00e9sent dans les commentaires d&rsquo;internautes sur Youtube, Instagram et X, s&rsquo;est encore renforc\u00e9 apr\u00e8s la publication sur les r\u00e9seaux sociaux d&rsquo;une vid\u00e9o d\u00e9cortiquant le morceau. \u00ab\u00a0Lnkhey\u00a0\u00bb, qui se pr\u00e9sente notamment comme beatmaker et ing\u00e9nieur du son, d\u00e9veloppe pendant pr\u00e8s de trois minutes les indices qui d\u00e9montrent selon lui que le morceau a bien \u00e9t\u00e9 g\u00e9n\u00e9r\u00e9 artificiellement.<\/p>\n<p>L&rsquo;auteur de la vid\u00e9o pointe notamment la faible qualit\u00e9 sonore du fichier audio de \u00ab\u00a0Toi et moi\u00a0\u00bb, symptomatique selon lui des productions r\u00e9alis\u00e9es par intelligence artificielle. \u00ab\u00a0Je pense que ce qu&rsquo;ils ont fait, c&rsquo;est qu&rsquo;ils ont g\u00e9n\u00e9r\u00e9 un son entier par Suno\u00a0\u00bb, \u00e9quivalent de Chat GPT pour la cr\u00e9ation de musique, \u00ab\u00a0sauf que de base ce n\u2019\u00e9tait pas la voix de Jul\u00a0\u00bb, assure dans sa vid\u00e9o le beatmaker, pour qui d&rsquo;autres IA ont \u00e9t\u00e9 utilis\u00e9es par la suite. \u00ab\u00a0Il y a plein de petits bugs structurels\u00a0\u00bb, r\u00e9sume-t-il encore.<\/p>\n<p>Une d\u00e9monstration valid\u00e9e par de nombreux internautes, tandis que Jul lui-m\u00eame semble laisser planer le doute, presque volontairement. Sur son compte Instagram, qui ne comporte plus que six publications, l&rsquo;artiste a publi\u00e9 trois messages vocaux qui semblent eux aussi g\u00e9n\u00e9r\u00e9s artificiellement.<\/p>\n<p>Et ce dimanche, une photo artificielle du rappeur grim\u00e9 en chanteur gitan, guitare \u00e0 la main, accompagn\u00e9e du \u00ab\u00a0#IASPORTS\u00a0\u00bb, a encore un peu plus sem\u00e9 le doute. Alors, est-ce un \u00ab\u00a0prank\u00a0\u00bb, une blague, comme se le demandent de nombreux commentaires, ou bien un vrai coup de communication, en laissant volontairement planer le doute ?<\/p>\n<p>Le rappeur est en effet un habitu\u00e9 des strat\u00e9gies marketing bien huil\u00e9es, cr\u00e9\u00e9es pour susciter le buzz sur les r\u00e9seaux sociaux.<\/p>\n<p>Outre l&rsquo;ouverture r\u00e9guli\u00e8re de \u00ab\u00a0Jul stores\u00a0\u00bb temporaires \u00e0 Marseille et \u00e0 Paris, ses collaborations avec l&rsquo;Olympique de Marseille ou encore le soda Oasis par exemple, permettent \u00e0 l&rsquo;artiste de se maintenir toujours au c\u0153ur des discussions. Le buzz autour de la potentielle utilisation de l&rsquo;IA a permis au single \u00ab\u00a0Toi et moi\u00a0\u00bb d&rsquo;atteindre plus de 830.000 vues sur Youtube ce lundi 4 ao\u00fbt, soit 200.000 de plus que pour l&rsquo;autre titre \u00ab\u00a0O\u00f9 on va ?\u00a0\u00bb, pourtant sorti deux jours avant.<\/p>\n<p>En parall\u00e8le, l&rsquo;industrie musicale semble aussi s&#8217;emparer du sujet de l&rsquo;IA, qui occupe de plus en plus de place dans les catalogues des plateformes de streaming. Fin juin 2025, <a href=\"https:\/\/cnm.fr\/actus\/etude-sur-lia-dans-la-filiere-musicale\/\" rel=\"nofollow noopener\" target=\"_blank\">le Centre National de la Musique<\/a> estimait dans une \u00e9tude que \u00ab\u00a0l\u2019int\u00e9gration progressive et contr\u00f4l\u00e9e de l\u2019IA dans la fili\u00e8re musicale ouvre des opportunit\u00e9s prometteuses\u00a0\u00bb, <a href=\"https:\/\/france3-regions.franceinfo.fr\/occitanie\/herault\/montpellier\/le-risque-c-est-que-l-on-ne-puisse-plus-exercer-400-artistes-se-mobilisent-contre-l-utilisation-de-l-ia-generative-par-cette-ville-3190368.html\" rel=\"nofollow noopener\" target=\"_blank\">malgr\u00e9 les r\u00e9ticences encore tr\u00e8s nombreuses dans les milieux artistique<\/a>s.<\/p>\n<p>  <script async src=\"https:\/\/platform.twitter.com\/widgets.js\" charset=\"utf-8\"><\/script><\/p>\n","protected":false},"excerpt":{"rendered":"Le dernier titre du rappeur marseillais publi\u00e9 ce vendredi 1er ao\u00fbt, \u00ab\u00a0Toi et moi\u00a0\u00bb, fait l&rsquo;objet de soup\u00e7ons&hellip;\n","protected":false},"author":2,"featured_media":295517,"comment_status":"","ping_status":"","sticky":false,"template":"","format":"standard","meta":{"footnotes":""},"categories":[1355],"tags":[58,59,1011,27,1361,873],"class_list":{"0":"post-295516","1":"post","2":"type-post","3":"status-publish","4":"format-standard","5":"has-post-thumbnail","7":"category-musique","8":"tag-divertissement","9":"tag-entertainment","10":"tag-fr","11":"tag-france","12":"tag-music","13":"tag-musique"},"share_on_mastodon":{"url":"https:\/\/pubeurope.com\/@fr\/114970023947689992","error":""},"_links":{"self":[{"href":"https:\/\/www.europesays.com\/fr\/wp-json\/wp\/v2\/posts\/295516","targetHints":{"allow":["GET"]}}],"collection":[{"href":"https:\/\/www.europesays.com\/fr\/wp-json\/wp\/v2\/posts"}],"about":[{"href":"https:\/\/www.europesays.com\/fr\/wp-json\/wp\/v2\/types\/post"}],"author":[{"embeddable":true,"href":"https:\/\/www.europesays.com\/fr\/wp-json\/wp\/v2\/users\/2"}],"replies":[{"embeddable":true,"href":"https:\/\/www.europesays.com\/fr\/wp-json\/wp\/v2\/comments?post=295516"}],"version-history":[{"count":0,"href":"https:\/\/www.europesays.com\/fr\/wp-json\/wp\/v2\/posts\/295516\/revisions"}],"wp:featuredmedia":[{"embeddable":true,"href":"https:\/\/www.europesays.com\/fr\/wp-json\/wp\/v2\/media\/295517"}],"wp:attachment":[{"href":"https:\/\/www.europesays.com\/fr\/wp-json\/wp\/v2\/media?parent=295516"}],"wp:term":[{"taxonomy":"category","embeddable":true,"href":"https:\/\/www.europesays.com\/fr\/wp-json\/wp\/v2\/categories?post=295516"},{"taxonomy":"post_tag","embeddable":true,"href":"https:\/\/www.europesays.com\/fr\/wp-json\/wp\/v2\/tags?post=295516"}],"curies":[{"name":"wp","href":"https:\/\/api.w.org\/{rel}","templated":true}]}}