{"id":295518,"date":"2025-08-04T10:28:18","date_gmt":"2025-08-04T10:28:18","guid":{"rendered":"https:\/\/www.europesays.com\/fr\/295518\/"},"modified":"2025-08-04T10:28:18","modified_gmt":"2025-08-04T10:28:18","slug":"tom-holland-a-renfile-son-costume-de-spider-man-un-an-avant-de-revenir-sur-nos-ecrans","status":"publish","type":"post","link":"https:\/\/www.europesays.com\/fr\/295518\/","title":{"rendered":"Tom Holland a renfil\u00e9 son costume de Spider-Man, un an avant de revenir sur nos \u00e9crans"},"content":{"rendered":"<p>        <img decoding=\"async\" loading=\"lazy\" src=\"https:\/\/www.europesays.com\/fr\/wp-content\/uploads\/2025\/08\/2946fe0_upload-1-kftwdjj4y5a6-2566869.jpg\"  width=\"728\" height=\"410\" alt=\"Zendaya et Tom Holland, ici dans \u00ab\u00a0Spider-Man\u00a0: No Way Home\u00a0\u00bb, sorti en salles en 2021.\"\/>  <\/p>\n<p>Copyright 2021\u00a0CTMG. All Rights Reserved. MARVEL and all related character names\u00a0: \u00a9 &amp; \u2122 2021\u00a0MARVEL<\/p>\n<p>Zendaya et Tom Holland, ici dans \u00ab\u00a0Spider-Man\u00a0: No Way Home\u00a0\u00bb, sorti en salles en 2021.<\/p>\n<p class=\"asset asset-text\">CIN\u00c9MA &#8211; Des nouvelles de l\u2019homme araign\u00e9e. Quatre ans apr\u00e8s la sortie au <a href=\"https:\/\/www.huffingtonpost.fr\/culture\/article\/une-mini-serie-the-holiday-est-en-preparation-adaptee-de-la-comedie-romantique-culte_253217.html\" target=\"_blank\" rel=\"noopener\">cin\u00e9ma<\/a> du dernier volet des aventures de Peter Parker, <a href=\"https:\/\/www.huffingtonpost.fr\/people\/article\/tom-holland-arretera-sa-carriere-le-jour-ou-il-deviendra-pere-je-disparaitrai-de-la-surface-de-la-terre_244307.html\" target=\"_blank\" rel=\"noopener\">Tom Holland<\/a>, qui interpr\u00e8te <a href=\"https:\/\/www.huffingtonpost.fr\/culture\/article\/spider-man-a-60-ans-et-il-n-est-pas-pret-de-nous-lacher-la-toile_206396.html\" target=\"_blank\" rel=\"noopener\">le c\u00e9l\u00e8bre superh\u00e9ros<\/a> dans la franchise de films d\u2019action, a publi\u00e9 dimanche des photos sur Instagram en plein tournage de Spider-Man\u00a0: Brand New Day.<\/p>\n<p class=\"asset asset-text\">Deux photos le montrent ainsi sur le toit de ce qui semble \u00eatre un tank, dans son nouveau costume. Celui-ci ressemble davantage \u00e0 celui des comics que ses pr\u00e9c\u00e9dents\u00a0: les couleurs rouge et bleu sont plus vives et l\u2019araign\u00e9e sur son torse plus grande. \u00ab\u00a0Spider-Man\u00a0: Brand New Day 1\u00a0\u00bb, a simplement \u00e9crit en l\u00e9gende le com\u00e9dien de 29\u00a0ans.<\/p>\n<p> La lecture de ce contenu est susceptible d\u2019entra\u00eener un d\u00e9p\u00f4t de cookies de la part de l\u2019op\u00e9rateur tiers qui l\u2019h\u00e9berge. Compte-tenu des choix que vous avez exprim\u00e9s en mati\u00e8re de d\u00e9p\u00f4t de cookies, nous avons bloqu\u00e9 l\u2019affichage de ce contenu. Si vous souhaitez y acc\u00e9der, vous devez accepter la cat\u00e9gorie de cookies \u201cContenus tiers\u201d en cliquant sur le bouton ci-dessous. <\/p>\n<p> Lire la Vid\u00e9o        Encore un an de patience    <\/p>\n<p class=\"asset asset-text\">Sa publication nous parvient au lendemain d\u2019une vid\u00e9o promotionnelle partag\u00e9e sur les r\u00e9seaux sociaux de la suite de films pour r\u00e9v\u00e9ler la date de sortie de ce prochain opus. Elle est fix\u00e9e au 31\u00a0juillet de l\u2019ann\u00e9e prochaine. \u00ab\u00a0Vous \u00eates pr\u00eats\u00a0?\u00a0\u00bb demande l\u2019acteur, qu\u2019on voit \u00e9merger dans la p\u00e9nombre de ce court teaser.<\/p>\n<p> La lecture de ce contenu est susceptible d\u2019entra\u00eener un d\u00e9p\u00f4t de cookies de la part de l\u2019op\u00e9rateur tiers qui l\u2019h\u00e9berge. Compte-tenu des choix que vous avez exprim\u00e9s en mati\u00e8re de d\u00e9p\u00f4t de cookies, nous avons bloqu\u00e9 l\u2019affichage de ce contenu. Si vous souhaitez y acc\u00e9der, vous devez accepter la cat\u00e9gorie de cookies \u201cContenus tiers\u201d en cliquant sur le bouton ci-dessous. <\/p>\n<p> Lire la Vid\u00e9o        <\/p>\n<p class=\"asset asset-text\">Brand New Day est le quatri\u00e8me volet des aventures du super-h\u00e9ros avec Tom Holland dans le r\u00f4le-titre, apr\u00e8s avoir succ\u00e9d\u00e9 \u00e0 Andrew Garfield et Tobey Maguire. Les deux acteurs avaient fait une apparition surprise dans No Way Home, dernier \u00e9pisode en date de Spider-Man, au cours duquel l\u2019homme araign\u00e9e se retrouve dans un monde alternatif en pr\u00e9sence d\u2019autres lanceurs de toile et leurs m\u00e9chants respectifs.<\/p>\n<p class=\"asset asset-text\">R\u00e9alis\u00e9 par Destin Daniel Cretton (States of Grace, Shang-Chi), le nouveau long-m\u00e9trage est pour sa part tir\u00e9 d\u2019une bande dessin\u00e9e du m\u00eame nom dans laquelle Spider-Man conclut un pacte avec M\u00e9phisto pour faire oublier au monde son identit\u00e9 et ressusciter tante May. Au programme, aussi, son mariage avec MJ, interpr\u00e9t\u00e9e par Zendaya, avec qui Tom Holland s\u2019est lui-m\u00eame r\u00e9cemment fianc\u00e9 dans la vraie vie. D\u2019une pierre deux coups\u00a0? La r\u00e9ponse dans un an.<\/p>\n","protected":false},"excerpt":{"rendered":"Copyright 2021\u00a0CTMG. All Rights Reserved. MARVEL and all related character names\u00a0: \u00a9 &amp; \u2122 2021\u00a0MARVEL Zendaya et Tom&hellip;\n","protected":false},"author":2,"featured_media":295519,"comment_status":"","ping_status":"","sticky":false,"template":"","format":"standard","meta":{"footnotes":""},"categories":[1354],"tags":[650,251,58,59,1346,1011,27,1360,33923,35103],"class_list":{"0":"post-295518","1":"post","2":"type-post","3":"status-publish","4":"format-standard","5":"has-post-thumbnail","7":"category-films","8":"tag-cinema","9":"tag-culture","10":"tag-divertissement","11":"tag-entertainment","12":"tag-films","13":"tag-fr","14":"tag-france","15":"tag-movies","16":"tag-spider-man","17":"tag-tom-holland"},"share_on_mastodon":{"url":"https:\/\/pubeurope.com\/@fr\/114970028226186634","error":""},"_links":{"self":[{"href":"https:\/\/www.europesays.com\/fr\/wp-json\/wp\/v2\/posts\/295518","targetHints":{"allow":["GET"]}}],"collection":[{"href":"https:\/\/www.europesays.com\/fr\/wp-json\/wp\/v2\/posts"}],"about":[{"href":"https:\/\/www.europesays.com\/fr\/wp-json\/wp\/v2\/types\/post"}],"author":[{"embeddable":true,"href":"https:\/\/www.europesays.com\/fr\/wp-json\/wp\/v2\/users\/2"}],"replies":[{"embeddable":true,"href":"https:\/\/www.europesays.com\/fr\/wp-json\/wp\/v2\/comments?post=295518"}],"version-history":[{"count":0,"href":"https:\/\/www.europesays.com\/fr\/wp-json\/wp\/v2\/posts\/295518\/revisions"}],"wp:featuredmedia":[{"embeddable":true,"href":"https:\/\/www.europesays.com\/fr\/wp-json\/wp\/v2\/media\/295519"}],"wp:attachment":[{"href":"https:\/\/www.europesays.com\/fr\/wp-json\/wp\/v2\/media?parent=295518"}],"wp:term":[{"taxonomy":"category","embeddable":true,"href":"https:\/\/www.europesays.com\/fr\/wp-json\/wp\/v2\/categories?post=295518"},{"taxonomy":"post_tag","embeddable":true,"href":"https:\/\/www.europesays.com\/fr\/wp-json\/wp\/v2\/tags?post=295518"}],"curies":[{"name":"wp","href":"https:\/\/api.w.org\/{rel}","templated":true}]}}