{"id":295520,"date":"2025-08-04T10:29:14","date_gmt":"2025-08-04T10:29:14","guid":{"rendered":"https:\/\/www.europesays.com\/fr\/295520\/"},"modified":"2025-08-04T10:29:14","modified_gmt":"2025-08-04T10:29:14","slug":"il-touche-chaque-annee-plus-de-47-000-personnes","status":"publish","type":"post","link":"https:\/\/www.europesays.com\/fr\/295520\/","title":{"rendered":"il touche chaque ann\u00e9e plus de 47 000 personnes"},"content":{"rendered":"<p><img decoding=\"async\" class=\"caas-img\" bad-src=\"https:\/\/www.europesays.com\/fr\/wp-content\/uploads\/2025\/08\/a3778200112e66ad3fae82e6f9b0d7d4.jpeg\" fetchpriority=\"high\" src=\"https:\/\/www.europesays.com\/fr\/wp-content\/uploads\/2025\/08\/a3778200112e66ad3fae82e6f9b0d7d4.jpeg\"\/><\/p>\n<p>Avec le tabagisme, la consommation excessive d&rsquo;alcool constitue un facteur de risque important du cancer : \u00ab\u00a0il ne s&rsquo;agit pas de faire une croix d\u00e9finitive sur le vin, l&rsquo;ap\u00e9ritif, la bi\u00e8re&#8230; qui font partie des plaisirs de la vie, remarque le Dr. Larrouy. En revanche, il est pr\u00e9f\u00e9rable de se limiter \u00e0 10 verres d&rsquo;alcool dans la semaine avec 2 jours o\u00f9 on ne boit pas : cette bonne habitude, qui n&rsquo;est pas compliqu\u00e9e \u00e0 mettre en place, r\u00e9duit r\u00e9ellement le risque de cancer du foie, de l\u2019\u0153sophage, de la gorge et du sein.\u00a0\u00bb L\u00e0 encore, il ne faut pas h\u00e9siter \u00e0 demander de l&rsquo;aide \u00e0 un(e) pro : \u00ab\u00a0les m\u00e9decins ne jugent pas, ils sont l\u00e0 pour vous aider, avec bienveillance et discr\u00e9tion.\u00a0\u00bb<\/p>\n<p>Sans grande surprise, la recherche scientifique a d\u00e9j\u00e0 \u00e9tabli que ce que l&rsquo;on mange et ce que l&rsquo;on boit a un impact sur les cancers que l&rsquo;on est susceptible de d\u00e9velopper. Y compris le cancer colorectal. Dans une r\u00e9cente \u00e9tude parue dans Nature Communications, des chercheurs ont examin\u00e9 les donn\u00e9es de 542 778 femmes au Royaume-Uni, d&rsquo;apr\u00e8s la cohorte Million Women, pendant une moyenne de 16,6 ans, p\u00e9riode au cours de laquelle 12 251 femmes ont \u00e9t\u00e9 diagnostiqu\u00e9es de ce cancer. Ils sont arriv\u00e9s \u00e0 deux conclusions :<strong> l&rsquo;alcool est un facteur de cancer colorectal, le calcium et les produits laitiers auraient tendance \u00e0 nous en prot\u00e9ger<\/strong>. Explications. Pour rappel, d&rsquo;apr\u00e8s l&rsquo;Institut National du cancer : \u00ab\u00a0Le cancer colorectal, ou cancer du c\u00f4lon et du rectum, est l\u2019un des plus fr\u00e9quents en France. Il touche chaque ann\u00e9e plus de 47 000 personnes et cause 17 000 d\u00e9c\u00e8s. Dans plus de 80 % des cas, il provient d\u2019une tumeur b\u00e9nigne qui \u00e9volue lentement et finit par devenir canc\u00e9reuse.\u00a0\u00bb Il constitue la deuxi\u00e8me cause de d\u00e9c\u00e8s par cancer en France. L&rsquo;\u00e2ge m\u00e9dian du d\u00e9c\u00e8s est de 77 ans chez l&rsquo;homme et de 81 ans chez la femme. Le taux de survie \u00e0 5 ans est de 62% pour les hommes et de 65% pour les femmes.<\/p>\n<p>Alcool, viande rouge et calcium<\/p>\n<p>On le savait d\u00e9j\u00e0, mais la viande rouge transform\u00e9e et l&rsquo;alcool, font partie des facteurs \u00e0 risque de ce type de cancer. <strong>Ils estiment que boire deux verres d&rsquo;alcool par jour augmenterait les risques de cancer colorectal (&#8230;)<a href=\"https:\/\/www.topsante.com\/medecine\/cancers\/cancer_colorectal\/une-etude-accuse-cette-boisson-daugmenter-le-risque-de-cancer-colorectal-904876?utm_campaign=partenariat&amp;utm_source=yahoo-articles&amp;utm_medium=flux\" rel=\"nofollow noopener\" target=\"_blank\" data-ylk=\"slk:Lire la suite sur Top Sant\u00e9;elm:context_link;itc:0;sec:content-canvas\" class=\"link \">Lire la suite sur Top Sant\u00e9<\/a><a href=\"https:\/\/www.topsante.com\/medecine\/troubles_du_sommeil\/des-chercheurs-decouvrent-que-cette-habitude-le-soir-favorise-parkinson-le-diabete-et-la-depression-922945?utm_campaign=partenariat&amp;utm_source=yahoo-articles&amp;utm_medium=flux\" rel=\"nofollow noopener\" target=\"_blank\" data-ylk=\"slk:Des chercheurs d\u00e9couvrent que cette habitude le soir favorise Parkinson, le diab\u00e8te et la d\u00e9pression;elm:context_link;itc:0;sec:content-canvas\" class=\"link \">Des chercheurs d\u00e9couvrent que cette habitude le soir favorise Parkinson, le diab\u00e8te et la d\u00e9pression<\/a><br \/><a href=\"https:\/\/www.topsante.com\/medecine\/cancers\/des-medecins-alertent-ce-signe-visible-sur-vos-draps-peut-etre-un-indicateur-precoce-de-cancer-917190?utm_campaign=partenariat&amp;utm_source=yahoo-articles&amp;utm_medium=flux\" rel=\"nofollow noopener\" target=\"_blank\" data-ylk=\"slk:Des m\u00e9decins alertent : ce signe visible sur vos draps peut \u00eatre un indicateur pr\u00e9coce de cancer;elm:context_link;itc:0;sec:content-canvas\" class=\"link \">Des m\u00e9decins alertent : ce signe visible sur vos draps peut \u00eatre un indicateur pr\u00e9coce de cancer<\/a><br \/><a href=\"https:\/\/www.topsante.com\/nutrition_et_recettes\/les_bons_aliments\/viandes\/boeuf-poulet-porc-voici-la-viande-qui-contient-le-plus-de-proteines-mefiez-vous-des-apparences-923000?utm_campaign=partenariat&amp;utm_source=yahoo-articles&amp;utm_medium=flux\" rel=\"nofollow noopener\" target=\"_blank\" data-ylk=\"slk:Boeuf, poulet, porc : voici la viande qui contient le plus de prot\u00e9ines (m\u00e9fiez-vous des apparences);elm:context_link;itc:0;sec:content-canvas\" class=\"link \">Boeuf, poulet, porc : voici la viande qui contient le plus de prot\u00e9ines (m\u00e9fiez-vous des apparences)<\/a><br \/><a href=\"https:\/\/www.topsante.com\/medecine\/digestion_et_transit\/pour-eviter-les-ballonnements-au-cours-de-la-journee-une-dieteticienne-recommande-cette-boisson-boire-un-a-deux-verres-des-le-reveil-922930?utm_campaign=partenariat&amp;utm_source=yahoo-articles&amp;utm_medium=flux\" rel=\"nofollow noopener\" target=\"_blank\" data-ylk=\"slk:Pour \u00e9viter les ballonnements au cours de la journ\u00e9e, une di\u00e9t\u00e9ticienne recommande cette boisson : &quot;...boire un \u00e0 deux verres d\u00e8s le r\u00e9veil&quot;;elm:context_link;itc:0;sec:content-canvas\" class=\"link \">Pour \u00e9viter les ballonnements au cours de la journ\u00e9e, une di\u00e9t\u00e9ticienne recommande cette boisson : \u00ab\u00a0&#8230;boire un \u00e0 deux verres d\u00e8s le r\u00e9veil\u00a0\u00bb<\/a><br \/><a href=\"https:\/\/www.topsante.com\/nutrition_et_recettes\/bien_choisir_ses_aliments\/il-y-a-6-marques-de-sauces-tomates-a-eviter-au-supermarche-selon-60-millions-de-consommateurs-922923?utm_campaign=partenariat&amp;utm_source=yahoo-articles&amp;utm_medium=flux\" rel=\"nofollow noopener\" target=\"_blank\" data-ylk=\"slk:Il y a 6 marques de sauces tomates \u00e0 \u00e9viter au supermarch\u00e9 selon 60 Millions de consommateurs;elm:context_link;itc:0;sec:content-canvas\" class=\"link \">Il y a 6 marques de sauces tomates \u00e0 \u00e9viter au supermarch\u00e9 selon 60 Millions de consommateurs<\/a><br \/><\/strong><\/p>\n","protected":false},"excerpt":{"rendered":"Avec le tabagisme, la consommation excessive d&rsquo;alcool constitue un facteur de risque important du cancer : \u00ab\u00a0il ne&hellip;\n","protected":false},"author":2,"featured_media":295521,"comment_status":"","ping_status":"","sticky":false,"template":"","format":"standard","meta":{"footnotes":""},"categories":[10],"tags":[14845,6520,1011,27,72,43564,9303,71,2451],"class_list":{"0":"post-295520","1":"post","2":"type-post","3":"status-publish","4":"format-standard","5":"has-post-thumbnail","7":"category-sante","8":"tag-cancer-colorectal","9":"tag-cancers","10":"tag-fr","11":"tag-france","12":"tag-health","13":"tag-nature-communications","14":"tag-recherche-scientifique","15":"tag-sante","16":"tag-taux-de-survie"},"share_on_mastodon":{"url":"https:\/\/pubeurope.com\/@fr\/114970031859084365","error":""},"_links":{"self":[{"href":"https:\/\/www.europesays.com\/fr\/wp-json\/wp\/v2\/posts\/295520","targetHints":{"allow":["GET"]}}],"collection":[{"href":"https:\/\/www.europesays.com\/fr\/wp-json\/wp\/v2\/posts"}],"about":[{"href":"https:\/\/www.europesays.com\/fr\/wp-json\/wp\/v2\/types\/post"}],"author":[{"embeddable":true,"href":"https:\/\/www.europesays.com\/fr\/wp-json\/wp\/v2\/users\/2"}],"replies":[{"embeddable":true,"href":"https:\/\/www.europesays.com\/fr\/wp-json\/wp\/v2\/comments?post=295520"}],"version-history":[{"count":0,"href":"https:\/\/www.europesays.com\/fr\/wp-json\/wp\/v2\/posts\/295520\/revisions"}],"wp:featuredmedia":[{"embeddable":true,"href":"https:\/\/www.europesays.com\/fr\/wp-json\/wp\/v2\/media\/295521"}],"wp:attachment":[{"href":"https:\/\/www.europesays.com\/fr\/wp-json\/wp\/v2\/media?parent=295520"}],"wp:term":[{"taxonomy":"category","embeddable":true,"href":"https:\/\/www.europesays.com\/fr\/wp-json\/wp\/v2\/categories?post=295520"},{"taxonomy":"post_tag","embeddable":true,"href":"https:\/\/www.europesays.com\/fr\/wp-json\/wp\/v2\/tags?post=295520"}],"curies":[{"name":"wp","href":"https:\/\/api.w.org\/{rel}","templated":true}]}}