{"id":295523,"date":"2025-08-04T10:31:10","date_gmt":"2025-08-04T10:31:10","guid":{"rendered":"https:\/\/www.europesays.com\/fr\/295523\/"},"modified":"2025-08-04T10:31:10","modified_gmt":"2025-08-04T10:31:10","slug":"rien-a-foutre-de-ta-depression-bertrand-cantat-atomise-par-le-youtubeur-francais-le-plus-suivi","status":"publish","type":"post","link":"https:\/\/www.europesays.com\/fr\/295523\/","title":{"rendered":"\u00ab\u00a0Rien \u00e0 foutre de ta d\u00e9pression\u00a0\u00bb, Bertrand Cantat atomis\u00e9 par le youtubeur fran\u00e7ais le plus suivi"},"content":{"rendered":"<p>      R\u00e9sum\u00e9<\/p>\n<p>Suite \u00e0 un documentaire r\u00e9cent, Bertrand Cantat fait face \u00e0 une r\u00e9ouverture judiciaire et un repli sur lui-m\u00eame, tandis qu&rsquo;une pol\u00e9mique \u00e9clate autour de la r\u00e9action d&rsquo;un influenceur c\u00e9l\u00e8bre.<\/p>\n<p>        Sommaire<\/p>\n<p>Le 27 mars dernier, Netflix d\u00e9voilait un tout nouveau documentaire baptis\u00e9 <strong>De rockstar \u00e0 tueur : le Cas Cantat<\/strong>. <\/p>\n<p>\u00c0 travers <strong>3 \u00e9pisodes<\/strong>, Anne-Sophie Jahn, Nicolas Lartigue, Zo\u00e9 de Bussierre et Karine Dusfour sont revenus sur le <strong>meurtre de Marie Trintignant<\/strong>, survenu dans la nuit du 26 au 27 juillet 2003\u00a0dans la chambre d&rsquo;h\u00f4tel du Domina Plaza de Vilnius, en Lituanie. <\/p>\n<p>Outre l&rsquo;assassinat de la jeune femme, le <strong>suicide de Krisztina R\u00e1dy<\/strong> en 2010 a \u00e9galement \u00e9t\u00e9 mis en lumi\u00e8re. <\/p>\n<p>Ce documentaire a eu un impact notable, au point de <a href=\"https:\/\/www.public.fr\/bertrand-cantat-lenquete-sur-la-mort-de-sa-femme-rouverte-les-documents-chocs-qui-pourraient-tout-faire-basculer\" rel=\"nofollow noopener\" target=\"_blank\">pousser le parquet de Bordeaux \u00e0 <strong>rouvrir le dossier <\/strong>concernant le d\u00e9c\u00e8s de l&rsquo;ex-\u00e9pouse de Bertrand Cantat<\/a>. Depuis, <a href=\"https:\/\/www.public.fr\/bertrand-cantat-complete-deprime-et-confine-a-son-domicile-sa-nouvelle-compagne-est-inquiete-pour-lui\" rel=\"nofollow noopener\" target=\"_blank\">le chanteur traverserait une p\u00e9riode particuli\u00e8rement difficile<\/a>. <\/p>\n<p>Bertrand Cantat au plus mal ?<\/p>\n<p>Selon Paris Match, l&rsquo;artiste ne sortirait plus de chez lui depuis plusieurs semaines. Le buraliste de Moustey (Landes), qui avait pour habitude de lui vendre des cigarettes quotidiennement, ne l&rsquo;a pas revu depuis la sortie des \u00e9pisodes&#8230;\u00a0<\/p>\n<p>\u00ab\u00a0<strong>Il ne sort plus de chez lui.\u00a0C&rsquo;est sa compagne qui vient acheter les cigarettes. Elle-m\u00eame dit qu&rsquo;il est compl\u00e8tement d\u00e9prim\u00e9, qu&rsquo;il ne veut m\u00eame pas aller dans le jardin<\/strong>\u00ab\u00a0, a-t-il confi\u00e9. <\/p>\n<p>S&rsquo;il b\u00e9n\u00e9ficiait d&rsquo;une certaine bienveillance de la part des habitants depuis sa sortie de prison, le climat aurait r\u00e9cemment chang\u00e9. La m\u00e9fiance serait revenue, poussant le chanteur \u00e0 se replier sur lui-m\u00eame et \u00e0 ne plus quitter son domicile. Un \u00e9tat qui ne semble pas attendrir Tibo InShape.<\/p>\n<p>Tibo InShape atomise l&rsquo;artiste<\/p>\n<p>Visiblement agac\u00e9, le c\u00e9l\u00e8bre youtubeur aux 17,8 millions d&rsquo;abonn\u00e9s sur Instagram a laiss\u00e9 \u00e9clater sa col\u00e8re sur <a href=\"https:\/\/x.com\/TiboInShape\" target=\"_blank\" rel=\"noreferrer noopener nofollow\">X (anciennement Twitter)<\/a>.<\/p>\n<p>\u00ab\u00a0<strong>Rien \u00e0 foutre de ta d\u00e9pression<\/strong>\u00ab\u00a0, a-t-il \u00e9crit en r\u00e9ponse \u00e0 un article titr\u00e9 \u00ab\u00a0Bertrand Cantat isol\u00e9 : son entourage inquiet\u00a0\u00bb et publi\u00e9 par nos confr\u00e8res de NextPlz. Un avis tranch\u00e9 qui n&rsquo;a pas manqu\u00e9 de faire r\u00e9agir.<\/p>\n<p>Si <strong>de nombreux internautes ont critiqu\u00e9 la prise de parole de Tibo InShape<\/strong>, jug\u00e9e maladroite ou malvenue, d&rsquo;autres ont pris son parti. <\/p>\n<p>Certains ont pr\u00e9f\u00e9r\u00e9 tourner leur regard vers Bertrand Cantat, rappelant son pass\u00e9 et exprimant leur col\u00e8re face \u00e0 l&rsquo;auteur des faits ayant co\u00fbt\u00e9 la vie \u00e0 Marie Trintignant. <\/p>\n<p>      Mentionn\u00e9s dans cet article<\/p>\n<p>      Sur le m\u00eame sujet<\/p>\n","protected":false},"excerpt":{"rendered":"R\u00e9sum\u00e9 Suite \u00e0 un documentaire r\u00e9cent, Bertrand Cantat fait face \u00e0 une r\u00e9ouverture judiciaire et un repli sur&hellip;\n","protected":false},"author":2,"featured_media":295524,"comment_status":"","ping_status":"","sticky":false,"template":"","format":"standard","meta":{"footnotes":""},"categories":[8],"tags":[456,2073,58,59,1011,27,19837],"class_list":{"0":"post-295523","1":"post","2":"type-post","3":"status-publish","4":"format-standard","5":"has-post-thumbnail","7":"category-divertissement","8":"tag-bertrand-cantat","9":"tag-depression","10":"tag-divertissement","11":"tag-entertainment","12":"tag-fr","13":"tag-france","14":"tag-tibo-inshape"},"share_on_mastodon":{"url":"https:\/\/pubeurope.com\/@fr\/114970040293420743","error":""},"_links":{"self":[{"href":"https:\/\/www.europesays.com\/fr\/wp-json\/wp\/v2\/posts\/295523","targetHints":{"allow":["GET"]}}],"collection":[{"href":"https:\/\/www.europesays.com\/fr\/wp-json\/wp\/v2\/posts"}],"about":[{"href":"https:\/\/www.europesays.com\/fr\/wp-json\/wp\/v2\/types\/post"}],"author":[{"embeddable":true,"href":"https:\/\/www.europesays.com\/fr\/wp-json\/wp\/v2\/users\/2"}],"replies":[{"embeddable":true,"href":"https:\/\/www.europesays.com\/fr\/wp-json\/wp\/v2\/comments?post=295523"}],"version-history":[{"count":0,"href":"https:\/\/www.europesays.com\/fr\/wp-json\/wp\/v2\/posts\/295523\/revisions"}],"wp:featuredmedia":[{"embeddable":true,"href":"https:\/\/www.europesays.com\/fr\/wp-json\/wp\/v2\/media\/295524"}],"wp:attachment":[{"href":"https:\/\/www.europesays.com\/fr\/wp-json\/wp\/v2\/media?parent=295523"}],"wp:term":[{"taxonomy":"category","embeddable":true,"href":"https:\/\/www.europesays.com\/fr\/wp-json\/wp\/v2\/categories?post=295523"},{"taxonomy":"post_tag","embeddable":true,"href":"https:\/\/www.europesays.com\/fr\/wp-json\/wp\/v2\/tags?post=295523"}],"curies":[{"name":"wp","href":"https:\/\/api.w.org\/{rel}","templated":true}]}}