{"id":295528,"date":"2025-08-04T10:34:13","date_gmt":"2025-08-04T10:34:13","guid":{"rendered":"https:\/\/www.europesays.com\/fr\/295528\/"},"modified":"2025-08-04T10:34:13","modified_gmt":"2025-08-04T10:34:13","slug":"ukraine-lemissaire-de-trump-attendu-en-russie-cette-semaine-04-08-2025-a-1217","status":"publish","type":"post","link":"https:\/\/www.europesays.com\/fr\/295528\/","title":{"rendered":"Ukraine: l&rsquo;\u00e9missaire de Trump attendu en Russie cette semaine &#8211; 04\/08\/2025 \u00e0 12:17"},"content":{"rendered":"<p>        <img fetchpriority=\"high\" decoding=\"async\" src=\"https:\/\/www.europesays.com\/fr\/wp-content\/uploads\/2025\/08\/558ac0f8dc0e8ade7241d906ffc6066b-760x463.jpg\" alt=\"Le pr\u00e9sident am\u00e9ricain Donald Trump s'adresse aux journalistes \u00e0 Allentown, en Pennsylvanie (Etats-Unis), le 3 ao\u00fbt 2025 ( AFP \/ Brendan SMIALOWSKI )\" loading=\"eager\" width=\"760\" height=\"463\" style=\"max-width: 100%!important; height: auto;\"\/><\/p>\n<p class=\"c-image-news__legend\">Le pr\u00e9sident am\u00e9ricain Donald Trump s&rsquo;adresse aux journalistes \u00e0 Allentown, en Pennsylvanie (Etats-Unis), le 3 ao\u00fbt 2025 ( AFP \/ Brendan SMIALOWSKI )<\/p>\n<p>\n L&rsquo;\u00e9missaire de Donald Trump, Steve Witkoff, est attendu en Russie en milieu de semaine, \u00e0 quelques jours de l&rsquo;expiration de l&rsquo;ultimatum pos\u00e9 par le pr\u00e9sident am\u00e9ricain \u00e0 son homologue russe Vladimir Poutine pour qu&rsquo;il arr\u00eate la guerre en Ukraine.\n<\/p>\n<p>\n Cette visite a \u00e9t\u00e9 jug\u00e9e lundi \u00ab\u00a0importante et utile\u00a0\u00bb par le Kremlin, alors que les relations entre Moscou et Washington connaissent un soudain pic de tensions avec le d\u00e9ploiement vendredi par M. Trump de deux sous-marins nucl\u00e9aires, \u00e0 la suite d&rsquo;une dispute en ligne avec l&rsquo;ancien pr\u00e9sident russe Dmitri Medvedev (2008-2012).\n<\/p>\n<p>\n La visite de M. Witkoff aura lieu \u00ab\u00a0je pense la semaine prochaine, mercredi ou jeudi\u00a0\u00bb, a dit \u00e0 des journalistes dimanche soir le pr\u00e9sident am\u00e9ricain.\n<\/p>\n<p>\n Donald Trump a \u00e9galement d\u00e9clar\u00e9 que les deux sous-marins se trouvaient d\u00e9sormais \u00ab\u00a0dans la r\u00e9gion\u00a0\u00bb, sans pr\u00e9ciser laquelle. Il n&rsquo;a pas non plus pr\u00e9cis\u00e9 s&rsquo;il s&rsquo;agissait de sous-marins \u00e0 simple propulsion nucl\u00e9aire ou bien de sous-marins \u00e9quip\u00e9s d&rsquo;ogives nucl\u00e9aires.\n<\/p>\n<p>\n R\u00e9agissant \u00e0 ce d\u00e9ploiement, le porte-parole de la pr\u00e9sidence russe, Dmitri Peskov, a appel\u00e9 \u00ab\u00a0tout le monde (\u00e0) faire preuve d&rsquo;une grande prudence dans ses d\u00e9clarations sur le nucl\u00e9aire\u00a0\u00bb.\n<\/p>\n<p>\n Estimant que ces deux sous-marins \u00e9taient \u00ab\u00a0d\u00e9j\u00e0 en service\u00a0\u00bb en permanence, il a indiqu\u00e9 que Moscou ne souhaitait pas se \u00ab\u00a0laisser entra\u00eener dans une telle pol\u00e9mique\u00a0\u00bb.\n<\/p>\n<p>\n Le chef de cabinet du pr\u00e9sident ukrainien Volodymyr Zelensky, Andri\u00ef Iermak, a lui estim\u00e9 que \u00ab\u00a0la Russie ne comprend qu&rsquo;une chose: la force\u00a0\u00bb.\n<\/p>\n<p> &#8211; Dialogue infructueux &#8211;<\/p>\n<p>\n Cette d\u00e9monstration de force intervient alors que Donald Trump a donn\u00e9 la semaine derni\u00e8re 10 jours, soit jusqu&rsquo;\u00e0 vendredi prochain, \u00e0 la Russie pour qu&rsquo;elle mette fin \u00e0 la guerre en Ukraine, sous peine de nouvelles sanctions non pr\u00e9cis\u00e9es.\n<\/p>\n<p>\n Le pr\u00e9sident russe a d\u00e9j\u00e0 rencontr\u00e9 Steve Witkoff \u00e0 plusieurs reprises \u00e0 Moscou, mais les efforts de Donald Trump pour r\u00e9tablir le dialogue avec le Kremlin n&rsquo;ont pas port\u00e9 de fruits.\n<\/p>\n<p>        <img decoding=\"async\" src=\"https:\/\/www.europesays.com\/fr\/wp-content\/uploads\/2025\/08\/13a9561136b7806ad4d857a2ec0e982d-760x507.jpg\" alt=\"L'\u00e9missaire am\u00e9ricain Steve Witkoff, le 6 mars 2025 \u00e0 Washington ( AFP \/ Mandel NGAN )\" loading=\"eager\" width=\"760\" height=\"507\" style=\"max-width: 100%!important; height: auto;\"\/><\/p>\n<p class=\"c-image-news__legend\">L&rsquo;\u00e9missaire am\u00e9ricain Steve Witkoff, le 6 mars 2025 \u00e0 Washington ( AFP \/ Mandel NGAN )<\/p>\n<p>\n \u00ab\u00a0Nous sommes toujours heureux de voir M. Witkoff \u00e0 Moscou et toujours ravis d&rsquo;\u00eatre en contact avec lui. Nous pensons que ces contacts sont importants, constructifs et utiles\u00a0\u00bb, a malgr\u00e9 tout indiqu\u00e9 lundi M. Peskov, ajoutant qu&rsquo;une rencontre avec M. Poutine n&rsquo;\u00e9tait \u00ab\u00a0pas exclue\u00a0\u00bb.\n<\/p>\n<p>\n Le milliardaire r\u00e9publicain Donald Trump, qui avait entam\u00e9 son deuxi\u00e8me mandat d\u00e9but 2025 en se targuant de pouvoir arr\u00eater la guerre en Ukraine en quelques jours, exprime d\u00e9sormais de plus en plus ouvertement sa frustration \u00e0 l&rsquo;\u00e9gard de Vladimir Poutine.\n<\/p>\n<p>\n Aux journalistes qui lui ont demand\u00e9 quel sera le message de M. Witkoff \u00e0 Moscou et s&rsquo;il y avait quelque chose que la Russie pouvait faire pour \u00e9viter les sanctions, Trump a r\u00e9pondu: \u00ab\u00a0Oui, conclure un accord pour que les gens cessent d&rsquo;\u00eatre tu\u00e9s.\u00a0\u00bb\n<\/p>\n<p>\n M. Trump a menac\u00e9 d&rsquo;infliger des \u00ab\u00a0droits de douane secondaires\u00a0\u00bb aux pays qui continuent de faire commerce avec la Russie, tels que la Chine et l&rsquo;Inde.\n<\/p>\n<p> &#8211; Conditions irr\u00e9conciliables &#8211;<\/p>\n<p>\n Malgr\u00e9 la pression exerc\u00e9e par Washington, l&rsquo;offensive russe contre son voisin se poursuit. La Russie a tir\u00e9 au cours de la nuit 162 drones et un missile sur l&rsquo;Ukraine, dont la quasi-totalit\u00e9 ont \u00e9t\u00e9 abattus, a indiqu\u00e9 lundi l&rsquo;arm\u00e9e de l&rsquo;air ukrainienne.\n<\/p>\n<p>\n C\u00f4t\u00e9 russe, une attaque de drones ukrainiens a provoqu\u00e9 un incendie dans un d\u00e9p\u00f4t p\u00e9trolier de Sotchi, cit\u00e9 baln\u00e9aire connue pour avoir accueilli les Jeux olympiques de 2014, selon les autorit\u00e9s locales.\n<\/p>\n<p>\n Ces attaques crois\u00e9es ont fait des bless\u00e9s des deux c\u00f4t\u00e9s du front.\n<\/p>\n<p>\n Vladimir Poutine, qui a toujours rejet\u00e9 les appels au cessez-le-feu, a affirm\u00e9 vendredi qu&rsquo;il souhaitait la paix, mais que ses exigences pour mettre fin \u00e0 son invasion lanc\u00e9e en f\u00e9vrier 2022 restaient inchang\u00e9es.\n<\/p>\n<p>\n La Russie exige que l&rsquo;Ukraine lui c\u00e8de quatre r\u00e9gions partiellement occup\u00e9es (Donetsk, Lougansk, Zaporijjia, Kherson), en plus de la Crim\u00e9e annex\u00e9e en 2014, et qu&rsquo;elle renonce aux livraisons d&rsquo;armes occidentales et \u00e0 toute adh\u00e9sion \u00e0 l&rsquo;Otan.\n<\/p>\n<p>\n Des conditions inacceptables pour Kiev, qui veut le retrait des troupes russes et des garanties de s\u00e9curit\u00e9 occidentales, dont la poursuite des livraisons d&rsquo;armes et le d\u00e9ploiement d&rsquo;un contingent europ\u00e9en.\n<\/p>\n<p>\n Le pr\u00e9sident ukrainien Volodymyr Zelensky s&rsquo;est d\u00e9clar\u00e9 \u00e0 plusieurs reprises pr\u00eat \u00e0 rencontrer en personne Vladimir Poutine pour essayer de d\u00e9bloquer les discussions, une proposition pour l&rsquo;heure \u00e9cart\u00e9e par le Kremlin.<\/p>\n","protected":false},"excerpt":{"rendered":"Le pr\u00e9sident am\u00e9ricain Donald Trump s&rsquo;adresse aux journalistes \u00e0 Allentown, en Pennsylvanie (Etats-Unis), le 3 ao\u00fbt 2025 (&hellip;\n","protected":false},"author":2,"featured_media":295529,"comment_status":"","ping_status":"","sticky":false,"template":"","format":"standard","meta":{"footnotes":""},"categories":[5],"tags":[400,11,398,408,405,1011,27,403,14,402,399,404,12,401,406,407,28],"class_list":{"0":"post-295528","1":"post","2":"type-post","3":"status-publish","4":"format-standard","5":"has-post-thumbnail","7":"category-international","8":"tag-action-cac-40","9":"tag-actualites","10":"tag-bourse-de-paris","11":"tag-boursorama","12":"tag-cotations","13":"tag-fr","14":"tag-france","15":"tag-indices-devises","16":"tag-international","17":"tag-investir","18":"tag-investissement","19":"tag-marche-boursier","20":"tag-news","21":"tag-sicav","22":"tag-trackers","23":"tag-warrants","24":"tag-world"},"share_on_mastodon":{"url":"https:\/\/pubeurope.com\/@fr\/114970051604695601","error":""},"_links":{"self":[{"href":"https:\/\/www.europesays.com\/fr\/wp-json\/wp\/v2\/posts\/295528","targetHints":{"allow":["GET"]}}],"collection":[{"href":"https:\/\/www.europesays.com\/fr\/wp-json\/wp\/v2\/posts"}],"about":[{"href":"https:\/\/www.europesays.com\/fr\/wp-json\/wp\/v2\/types\/post"}],"author":[{"embeddable":true,"href":"https:\/\/www.europesays.com\/fr\/wp-json\/wp\/v2\/users\/2"}],"replies":[{"embeddable":true,"href":"https:\/\/www.europesays.com\/fr\/wp-json\/wp\/v2\/comments?post=295528"}],"version-history":[{"count":0,"href":"https:\/\/www.europesays.com\/fr\/wp-json\/wp\/v2\/posts\/295528\/revisions"}],"wp:featuredmedia":[{"embeddable":true,"href":"https:\/\/www.europesays.com\/fr\/wp-json\/wp\/v2\/media\/295529"}],"wp:attachment":[{"href":"https:\/\/www.europesays.com\/fr\/wp-json\/wp\/v2\/media?parent=295528"}],"wp:term":[{"taxonomy":"category","embeddable":true,"href":"https:\/\/www.europesays.com\/fr\/wp-json\/wp\/v2\/categories?post=295528"},{"taxonomy":"post_tag","embeddable":true,"href":"https:\/\/www.europesays.com\/fr\/wp-json\/wp\/v2\/tags?post=295528"}],"curies":[{"name":"wp","href":"https:\/\/api.w.org\/{rel}","templated":true}]}}