{"id":29553,"date":"2025-04-16T16:23:24","date_gmt":"2025-04-16T16:23:24","guid":{"rendered":"https:\/\/www.europesays.com\/fr\/29553\/"},"modified":"2025-04-16T16:23:24","modified_gmt":"2025-04-16T16:23:24","slug":"une-salle-de-sport-basic-fit-devrait-sy-installer","status":"publish","type":"post","link":"https:\/\/www.europesays.com\/fr\/29553\/","title":{"rendered":"une salle de sport Basic Fit devrait s\u2019y installer"},"content":{"rendered":"<p>Il y a du nouveau sur le terrain de l\u2019ancienne concession et garage Renault Thivolle \u00e0 Firminy. Les b\u00e2timents \u00e9taient inoccup\u00e9s depuis quelques ann\u00e9es et le d\u00e9part du c\u00e9l\u00e8bre constructeur de voitures fran\u00e7aises.<\/p>\n<p>D\u00e9sormais, ils retrouvent un peu d\u2019activit\u00e9.<\/p>\n<p>Des travaux plus importants ensuite<\/p>\n<p>Depuis quelques jours, des ouvriers s\u2019attellent \u00e0 un important chantier\u00a0: le d\u00e9samiantage du site, ce qui laisse pr\u00e9sager des travaux plus importants\u00a0par la suite. Et contrairement \u00e0 des rumeurs qui circulent, il ne s\u2019agirait pas de l\u2019ouverture d\u2019un restaurant ou du d\u00e9m\u00e9nagement d\u2019une entreprise d\u00e9j\u00e0 pr\u00e9sente \u00e0 Firminy.<\/p>\n<p>D\u2019apr\u00e8s nos informations, ce serait Basic Fit, la cha\u00eene n\u00e9erlandaise \u00e0 bas prix de salles de sport et de fitness, qui devrait s\u2019installer sur le site. Contact\u00e9e, l\u2019entreprise n\u2019a pas souhait\u00e9 commenter cette information.<\/p>\n","protected":false},"excerpt":{"rendered":"Il y a du nouveau sur le terrain de l\u2019ancienne concession et garage Renault Thivolle \u00e0 Firminy. Les&hellip;\n","protected":false},"author":2,"featured_media":29554,"comment_status":"","ping_status":"","sticky":false,"template":"","format":"standard","meta":{"footnotes":""},"categories":[9653],"tags":[1111,11,2430,4406,33,7539,1777,674,10282,10283,1011,27,12,25,4001],"class_list":{"0":"post-29553","1":"post","2":"type-post","3":"status-publish","4":"format-standard","5":"has-post-thumbnail","7":"category-saint-etienne","8":"tag-actu","9":"tag-actualites","10":"tag-auvergne-rhone-alpes","11":"tag-commerce-et-services","12":"tag-economie","13":"tag-edition-loire-sud","14":"tag-eu","15":"tag-europe","16":"tag-firminy","17":"tag-firminy-ville","18":"tag-fr","19":"tag-france","20":"tag-news","21":"tag-republique-francaise","22":"tag-saint-etienne"},"share_on_mastodon":{"url":"https:\/\/pubeurope.com\/@fr\/114348569676676630","error":""},"_links":{"self":[{"href":"https:\/\/www.europesays.com\/fr\/wp-json\/wp\/v2\/posts\/29553","targetHints":{"allow":["GET"]}}],"collection":[{"href":"https:\/\/www.europesays.com\/fr\/wp-json\/wp\/v2\/posts"}],"about":[{"href":"https:\/\/www.europesays.com\/fr\/wp-json\/wp\/v2\/types\/post"}],"author":[{"embeddable":true,"href":"https:\/\/www.europesays.com\/fr\/wp-json\/wp\/v2\/users\/2"}],"replies":[{"embeddable":true,"href":"https:\/\/www.europesays.com\/fr\/wp-json\/wp\/v2\/comments?post=29553"}],"version-history":[{"count":0,"href":"https:\/\/www.europesays.com\/fr\/wp-json\/wp\/v2\/posts\/29553\/revisions"}],"wp:featuredmedia":[{"embeddable":true,"href":"https:\/\/www.europesays.com\/fr\/wp-json\/wp\/v2\/media\/29554"}],"wp:attachment":[{"href":"https:\/\/www.europesays.com\/fr\/wp-json\/wp\/v2\/media?parent=29553"}],"wp:term":[{"taxonomy":"category","embeddable":true,"href":"https:\/\/www.europesays.com\/fr\/wp-json\/wp\/v2\/categories?post=29553"},{"taxonomy":"post_tag","embeddable":true,"href":"https:\/\/www.europesays.com\/fr\/wp-json\/wp\/v2\/tags?post=29553"}],"curies":[{"name":"wp","href":"https:\/\/api.w.org\/{rel}","templated":true}]}}