{"id":295530,"date":"2025-08-04T10:35:10","date_gmt":"2025-08-04T10:35:10","guid":{"rendered":"https:\/\/www.europesays.com\/fr\/295530\/"},"modified":"2025-08-04T10:35:10","modified_gmt":"2025-08-04T10:35:10","slug":"un-homme-tente-de-poignarder-un-inconnu-aux-cris-dallah-akbar-car-il-refuse-de-se-dire-musulman","status":"publish","type":"post","link":"https:\/\/www.europesays.com\/fr\/295530\/","title":{"rendered":"un homme tente de poignarder un inconnu aux cris d\u2019\u00abAllah Akbar\u00bb car il refuse de se dire \u00abmusulman\u00bb"},"content":{"rendered":"<p><strong>INFO LE FIGARO &#8211; <\/strong>L\u2019agression a eu lieu dimanche matin \u00e0 la gare d\u2019Ablon-sur-Seine. Le suspect a \u00e9t\u00e9 hospitalis\u00e9 aux urgences psychiatriques. La victime a eu un bras cass\u00e9.<\/p>\n<p class=\"fig-paragraph\">Un individu v\u00eatu d\u2019une\u00a0<a href=\"http:\/\/www.lefigaro.fr\/faits-divers\/toulouse-un-homme-en-djellaba-frappe-une-femme-dans-le-metro-car-il-n-aurait-pas-supporte-qu-elle-s-assoie-face-a-lui-20240830\" target=\"_blank\" data-fig-type=\"NewsFlash\" rel=\"noopener\" data-gtm-custom-categorie=\"navigation\" data-gtm-custom-action=\"crossclick\" data-gtm-custom-label=\"Contextuel\" data-gtm-event=\"customEventSPE\" data-fig-domain=\"LEFIGARO\">djellaba<\/a>\u00a0a \u00e9t\u00e9 interpell\u00e9 dimanche matin \u00e0 la gare d\u2019Ablon-sur-Seine (<a href=\"https:\/\/www.lefigaro.fr\/tag\/val-de-marne\" target=\"_blank\" rel=\"noopener\" data-gtm-custom-categorie=\"navigation\" data-gtm-custom-action=\"crossclick\" data-gtm-custom-label=\"Contextuel\" data-gtm-event=\"customEventSPE\">Val-de-Marne<\/a>), desservie par le RER C, apr\u00e8s avoir tent\u00e9 de poignarder un homme aux cris d\u2019\u00abAllah Akbar\u00bb, a appris Le Figaro de source polici\u00e8re.<\/p>\n<p class=\"fig-paragraph\">Vers 11 heures, l\u2019individu en djellaba a demand\u00e9 \u00e0 deux hommes \u00abs\u2019ils \u00e9taient musulmans\u00bb, d\u00e9taille notre source. Le premier a r\u00e9pondu par l\u2019affirmative tandis que le second a pr\u00e9f\u00e9r\u00e9 ne pas r\u00e9pondre. Ce silence aurait d\u00e9clench\u00e9 la col\u00e8re de l\u2019individu qui, tout en criant \u00abAllah Akbar\u00bb \u00e0 plusieurs reprises, a tent\u00e9 de le poignarder avec un cutter. Dans le m\u00eame temps, l\u2019agresseur a aussi frapp\u00e9 la victime avec un pied de table en bois, qu\u2019il tenait dans son autre main.<\/p>\n<p>Admis aux urgences psychiatriques<\/p>\n<p class=\"fig-paragraph\">L\u2019homme agress\u00e9 a eu un bras cass\u00e9 et de nombreuses ecchymoses. Son ami, qui a tent\u00e9 de lui porter secours, a \u00e9galement \u00e9t\u00e9 frapp\u00e9 \u00e0 coups de pied de table et l\u00e9g\u00e8rement bless\u00e9.<\/p>\n<p class=\"fig-paragraph\">L\u2019agresseur, lui a \u00e9t\u00e9 interpell\u00e9 par les policiers et plac\u00e9 en garde \u00e0 vue, avant d\u2019\u00eatre intern\u00e9. \u00abLe mis en cause\u2026<\/p>\n<p class=\"fig-premium-paywall__infos\">\n        Cet article est r\u00e9serv\u00e9 aux abonn\u00e9s.        Il vous reste 18% \u00e0 d\u00e9couvrir.\n    <\/p>\n<p>                <img  data- alt=\"Le Figaro\" class=\"fig-img--complete fig-img\"\/><\/p>\n<p class=\"fig-premium-paywall__title\">Vous avez envie de lire la suite ?<\/p>\n<p class=\"fig-premium-paywall__subtitle\">D\u00e9bloquez tous les articles imm\u00e9diatement.<\/p>\n<p class=\"fig-premium-paywall__connect\">\n                D\u00e9j\u00e0 abonn\u00e9\u00a0?                <a class=\"fig-premium-paywall__connect-link\" href=\"https:\/\/connect.lefigaro.fr\/login?client=horizon_web&amp;type=main&amp;redirect_uri=https%3A%2F%2Fwww.lefigaro.fr%2Ffaits-divers%2Fval-de-marne-un-homme-tente-de-poignarder-un-inconnu-aux-cris-d-allah-akbar-car-il-refuse-de-se-dire-musulman-20250804\" data-js-gtm=\"{&quot;customCategorie&quot;: &quot;conversion&quot;, &quot;customAction&quot;: &quot;before_Landing_Connexion_paywall_auto&quot;, &quot;customLabel&quot;: &quot;bGVmaWdhcm8uZnJfXzFmMDcxMGYwLWI5ODEtNjExYS1hZTcwLTMxMGVkNDhmMjU1NV9fTmV3c0ZsYXNo_Val-de-Marne\u00a0: un homme tente de poignarder un inconnu aux cris d\u2019\u00abAllah Akbar\u00bb car il refuse de se dire \u00abmusulman\u00bb_114&quot;, &quot;customIDSPE&quot;: &quot;bGVmaWdhcm8uZnJfXzFmMDcxMGYwLWI5ODEtNjExYS1hZTcwLTMxMGVkNDhmMjU1NV9fTmV3c0ZsYXNo&quot;, &quot;event&quot;: &quot;customEventSPE&quot;}\" target=\"_blank\" rel=\"noopener\"><br \/>\n                    Connectez-vous<br \/>\n                <\/a>\n            <\/p>\n","protected":false},"excerpt":{"rendered":"INFO LE FIGARO &#8211; L\u2019agression a eu lieu dimanche matin \u00e0 la gare d\u2019Ablon-sur-Seine. Le suspect a \u00e9t\u00e9&hellip;\n","protected":false},"author":2,"featured_media":295531,"comment_status":"","ping_status":"","sticky":false,"template":"","format":"standard","meta":{"footnotes":""},"categories":[4],"tags":[11,9405,1011,27,12,4020,25,1125],"class_list":{"0":"post-295530","1":"post","2":"type-post","3":"status-publish","4":"format-standard","5":"has-post-thumbnail","7":"category-france","8":"tag-actualites","9":"tag-arme-blanche","10":"tag-fr","11":"tag-france","12":"tag-news","13":"tag-religion","14":"tag-republique-francaise","15":"tag-val-de-marne"},"share_on_mastodon":{"url":"https:\/\/pubeurope.com\/@fr\/114970055373336302","error":""},"_links":{"self":[{"href":"https:\/\/www.europesays.com\/fr\/wp-json\/wp\/v2\/posts\/295530","targetHints":{"allow":["GET"]}}],"collection":[{"href":"https:\/\/www.europesays.com\/fr\/wp-json\/wp\/v2\/posts"}],"about":[{"href":"https:\/\/www.europesays.com\/fr\/wp-json\/wp\/v2\/types\/post"}],"author":[{"embeddable":true,"href":"https:\/\/www.europesays.com\/fr\/wp-json\/wp\/v2\/users\/2"}],"replies":[{"embeddable":true,"href":"https:\/\/www.europesays.com\/fr\/wp-json\/wp\/v2\/comments?post=295530"}],"version-history":[{"count":0,"href":"https:\/\/www.europesays.com\/fr\/wp-json\/wp\/v2\/posts\/295530\/revisions"}],"wp:featuredmedia":[{"embeddable":true,"href":"https:\/\/www.europesays.com\/fr\/wp-json\/wp\/v2\/media\/295531"}],"wp:attachment":[{"href":"https:\/\/www.europesays.com\/fr\/wp-json\/wp\/v2\/media?parent=295530"}],"wp:term":[{"taxonomy":"category","embeddable":true,"href":"https:\/\/www.europesays.com\/fr\/wp-json\/wp\/v2\/categories?post=295530"},{"taxonomy":"post_tag","embeddable":true,"href":"https:\/\/www.europesays.com\/fr\/wp-json\/wp\/v2\/tags?post=295530"}],"curies":[{"name":"wp","href":"https:\/\/api.w.org\/{rel}","templated":true}]}}