{"id":295532,"date":"2025-08-04T10:36:13","date_gmt":"2025-08-04T10:36:13","guid":{"rendered":"https:\/\/www.europesays.com\/fr\/295532\/"},"modified":"2025-08-04T10:36:13","modified_gmt":"2025-08-04T10:36:13","slug":"altice-la-maison-mere-de-sfr-dans-lattente-dune-decision-de-justice-cruciale-liberation","status":"publish","type":"post","link":"https:\/\/www.europesays.com\/fr\/295532\/","title":{"rendered":"Altice, la maison m\u00e8re de SFR, dans l\u2019attente d\u2019une d\u00e9cision de justice cruciale \u2013 Lib\u00e9ration"},"content":{"rendered":"<p class=\"sc-ksZaOG ehjQrN text-element\">La maison m\u00e8re de l\u2019op\u00e9rateur t\u00e9l\u00e9phonique SFR, Altice France, est suspendue ce lundi 4 ao\u00fbt \u00e0 la d\u00e9cision des juges du tribunal des activit\u00e9s \u00e9conomiques de Paris. Ces derniers doivent se prononcer sur un dossier qui p\u00e8se plusieurs dizaines de milliards d\u2019euros : celui de la proc\u00e9dure de sauvegarde acc\u00e9l\u00e9r\u00e9e du groupe du milliardaire Patrick Drahi. Ils pourraient ainsi remettre en question la restructuration de<a href=\"https:\/\/www.liberation.fr\/economie\/medias\/dette-daltice-patrick-drahi-envisage-la-vente-dune-partie-du-capital-de-sfr-20230908_GTFUVTLGDZBVHNCC6XPTGQ2LXE\/\" target=\"_blank\" rel=\"noreferrer nofollow noopener\" title=\"https:\/\/www.liberation.fr\/economie\/medias\/dette-daltice-patrick-drahi-envisage-la-vente-dune-partie-du-capital-de-sfr-20230908_GTFUVTLGDZBVHNCC6XPTGQ2LXE\/\"> la dette d\u2019Altice<\/a>.<\/p>\n<p class=\"sc-ksZaOG ehjQrN text-element\">Au terme d\u2019un bras de fer de plusieurs mois, le groupe avait annonc\u00e9 en f\u00e9vrier \u00eatre parvenu \u00e0 un accord avec ses cr\u00e9anciers pour all\u00e9ger sa colossale dette de 24,1 milliards d\u2019euros. D\u2019apr\u00e8s les termes de l\u2019accord, les cr\u00e9ances du groupe doivent \u00eatre r\u00e9duites de plus de 8 milliards, pour atteindre 15,5 milliards d\u2019euros. Mais pour le mettre en \u0153uvre, Altice France doit encore obtenir la validation du tribunal.<\/p>\n<p class=\"sc-ksZaOG ehjQrN text-element\">Cette \u00e9tape, qui pouvait s\u2019apparenter \u00e0 une formalit\u00e9, s\u2019est transform\u00e9e en point d\u2019interrogation majeur. Lors de l\u2019audience relative \u00e0 la sauvegarde acc\u00e9l\u00e9r\u00e9e, le 22 juillet, le minist\u00e8re public a requis l\u2019adoption du plan, mais a demand\u00e9 que trois des soci\u00e9t\u00e9s du groupe, SFR, SFR Fibre et Completel (branche d\u00e9di\u00e9e aux entreprises) soient exclues du plan. De quoi remettre en question son \u00e9quilibre : pour la direction de l\u2019entreprise, l\u2019accord doit inclure toutes les soci\u00e9t\u00e9s du groupe. Une d\u00e9cision &#8211; m\u00eame en partie &#8211; d\u00e9favorable an\u00e9antirait la future transaction.<\/p>\n<p class=\"sc-ksZaOG ehjQrN text-element\">Le sc\u00e9nario d\u2019une adoption partielle du plan, et de l\u2019exclusion des trois filiales, irait dans le sens des demandes formul\u00e9es par les syndicats d\u2019Altice. De son c\u00f4t\u00e9, le groupe a r\u00e9affirm\u00e9 l\u2019importance de cette r\u00e9duction de dette record pour l\u2019avenir de l\u2019entreprise, et craint de se retrouver dans sa position pr\u00e9-n\u00e9gociation, avec une dette colossale qui menace sa viabilit\u00e9. \u00abL\u2019\u00e9quation \u00e9tait simple : le succ\u00e8s de la n\u00e9gociation ou la fin de l\u2019histoire\u00bb, a martel\u00e9 la direction d\u2019Altice France, qui rappelle avoir obtenu l\u2019accord de la totalit\u00e9 des cr\u00e9anciers.<\/p>\n","protected":false},"excerpt":{"rendered":"La maison m\u00e8re de l\u2019op\u00e9rateur t\u00e9l\u00e9phonique SFR, Altice France, est suspendue ce lundi 4 ao\u00fbt \u00e0 la d\u00e9cision&hellip;\n","protected":false},"author":2,"featured_media":295533,"comment_status":"","ping_status":"","sticky":false,"template":"","format":"standard","meta":{"footnotes":""},"categories":[2],"tags":[11,1011,27,12,740],"class_list":{"0":"post-295532","1":"post","2":"type-post","3":"status-publish","4":"format-standard","5":"has-post-thumbnail","7":"category-actualites","8":"tag-actualites","9":"tag-fr","10":"tag-france","11":"tag-news","12":"tag-sfr"},"share_on_mastodon":{"url":"https:\/\/pubeurope.com\/@fr\/114970059289810684","error":""},"_links":{"self":[{"href":"https:\/\/www.europesays.com\/fr\/wp-json\/wp\/v2\/posts\/295532","targetHints":{"allow":["GET"]}}],"collection":[{"href":"https:\/\/www.europesays.com\/fr\/wp-json\/wp\/v2\/posts"}],"about":[{"href":"https:\/\/www.europesays.com\/fr\/wp-json\/wp\/v2\/types\/post"}],"author":[{"embeddable":true,"href":"https:\/\/www.europesays.com\/fr\/wp-json\/wp\/v2\/users\/2"}],"replies":[{"embeddable":true,"href":"https:\/\/www.europesays.com\/fr\/wp-json\/wp\/v2\/comments?post=295532"}],"version-history":[{"count":0,"href":"https:\/\/www.europesays.com\/fr\/wp-json\/wp\/v2\/posts\/295532\/revisions"}],"wp:featuredmedia":[{"embeddable":true,"href":"https:\/\/www.europesays.com\/fr\/wp-json\/wp\/v2\/media\/295533"}],"wp:attachment":[{"href":"https:\/\/www.europesays.com\/fr\/wp-json\/wp\/v2\/media?parent=295532"}],"wp:term":[{"taxonomy":"category","embeddable":true,"href":"https:\/\/www.europesays.com\/fr\/wp-json\/wp\/v2\/categories?post=295532"},{"taxonomy":"post_tag","embeddable":true,"href":"https:\/\/www.europesays.com\/fr\/wp-json\/wp\/v2\/tags?post=295532"}],"curies":[{"name":"wp","href":"https:\/\/api.w.org\/{rel}","templated":true}]}}