{"id":295534,"date":"2025-08-04T10:37:11","date_gmt":"2025-08-04T10:37:11","guid":{"rendered":"https:\/\/www.europesays.com\/fr\/295534\/"},"modified":"2025-08-04T10:37:11","modified_gmt":"2025-08-04T10:37:11","slug":"saint-jean-bonnefonds-interpelles-lors-dune-remise-de-colis-par-drone-a-la-maison-darret-de-la-talaudiere","status":"publish","type":"post","link":"https:\/\/www.europesays.com\/fr\/295534\/","title":{"rendered":"Saint-Jean-Bonnefonds. Interpell\u00e9s lors d\u2019une remise de colis par drone \u00e0 la maison d\u2019arr\u00eat de La Talaudi\u00e8re"},"content":{"rendered":"<p>Samedi 1er \u00a0ao\u00fbt, \u00e0 1 heure du matin, plusieurs services de police (brigade anticriminalit\u00e9, police secours et brigade canine) sont en position de surveillance. Car face \u00e0 l\u2019explosion de livraisons de colis par drone \u00e0 la maison d\u2019arr\u00eat de La Talaudi\u00e8re, les forces de l\u2019ordre ont d\u00e9ploy\u00e9 les grands moyens.<\/p>\n<p>Ils n\u2019ont pas longtemps \u00e0 attendre pour constater la pr\u00e9sence d\u2019un drone qui effectue des allers-retours. Les policiers de la brigade anticriminalit\u00e9 d\u00e9terminent l\u2019endroit dont il part et se rendent sur place. Ils trouvent un v\u00e9hicule positionn\u00e9 sur la commune de Saint-Jean-Bonnefonds. C\u2019est l\u00e0 que le drone vient se poser.<\/p>\n<p>  Cannabis, t\u00e9l\u00e9phone, feuilles \u00e0 rouler et denr\u00e9es alimentaires<\/p>\n<p>Un des policiers s\u2019approche doucement de la voiture et voit un individu faire atterrir le drone. Le policier s\u2019identifie pour l\u2019interpeller le droniste mais celui-ci se pr\u00e9cipite sur le si\u00e8ge passager de la voiture et le conducteur met en contact. Le policier passe le bras par la fen\u00eatre pour saisir la cl\u00e9 mais le conducteur acc\u00e9l\u00e8re et maintient le bras du policier.<\/p>\n<p>Ce dernier sera tra\u00een\u00e9 sur une dizaine de m\u00e8tres avant que la voiture stoppe sa course. Il ne sera pas bless\u00e9 et re\u00e7oit le renfort de ses coll\u00e8gues. Les policiers vont trouver, accroch\u00e9s au drone, plusieurs sacs contenant de la r\u00e9sine et de l\u2019herbe de cannabis, un t\u00e9l\u00e9phone, du tabac et feuilles \u00e0 rouler et des denr\u00e9es alimentaires.<\/p>\n<p>Les deux suspects, des St\u00e9phanois de 23 et 24 ans, seront plac\u00e9s en garde \u00e0 vue. Suite \u00e0 leurs auditions, ils ont \u00e9t\u00e9 pr\u00e9sent\u00e9s \u00e0 un magistrat. Le conducteur sera poursuivi pour violences aggrav\u00e9es sur personne d\u00e9positaire de l\u2019autorit\u00e9 publique et plac\u00e9 sous contr\u00f4le judiciaire en attendant son proc\u00e8s. Son complice devra r\u00e9pondre de conduite d\u2019un a\u00e9ronef sans autorisation et remise irr\u00e9guli\u00e8re de correspondance \u00e0 d\u00e9tenu.<\/p>\n","protected":false},"excerpt":{"rendered":"Samedi 1er \u00a0ao\u00fbt, \u00e0 1 heure du matin, plusieurs services de police (brigade anticriminalit\u00e9, police secours et brigade&hellip;\n","protected":false},"author":2,"featured_media":295535,"comment_status":"","ping_status":"","sticky":false,"template":"","format":"standard","meta":{"footnotes":""},"categories":[9653],"tags":[1111,11,2430,271,272,7539,1777,674,274,107,1011,27,3367,12,25,4001,9664,9663],"class_list":{"0":"post-295534","1":"post","2":"type-post","3":"status-publish","4":"format-standard","5":"has-post-thumbnail","7":"category-saint-etienne","8":"tag-actu","9":"tag-actualites","10":"tag-auvergne-rhone-alpes","11":"tag-crime","12":"tag-delit-et-contravention","13":"tag-edition-loire-sud","14":"tag-eu","15":"tag-europe","16":"tag-faits-divers-justice","17":"tag-fil-info","18":"tag-fr","19":"tag-france","20":"tag-loire","21":"tag-news","22":"tag-republique-francaise","23":"tag-saint-etienne","24":"tag-saint-etienne-bassin","25":"tag-saint-jean-bonnefonds"},"share_on_mastodon":{"url":"https:\/\/pubeurope.com\/@fr\/114970063563886218","error":""},"_links":{"self":[{"href":"https:\/\/www.europesays.com\/fr\/wp-json\/wp\/v2\/posts\/295534","targetHints":{"allow":["GET"]}}],"collection":[{"href":"https:\/\/www.europesays.com\/fr\/wp-json\/wp\/v2\/posts"}],"about":[{"href":"https:\/\/www.europesays.com\/fr\/wp-json\/wp\/v2\/types\/post"}],"author":[{"embeddable":true,"href":"https:\/\/www.europesays.com\/fr\/wp-json\/wp\/v2\/users\/2"}],"replies":[{"embeddable":true,"href":"https:\/\/www.europesays.com\/fr\/wp-json\/wp\/v2\/comments?post=295534"}],"version-history":[{"count":0,"href":"https:\/\/www.europesays.com\/fr\/wp-json\/wp\/v2\/posts\/295534\/revisions"}],"wp:featuredmedia":[{"embeddable":true,"href":"https:\/\/www.europesays.com\/fr\/wp-json\/wp\/v2\/media\/295535"}],"wp:attachment":[{"href":"https:\/\/www.europesays.com\/fr\/wp-json\/wp\/v2\/media?parent=295534"}],"wp:term":[{"taxonomy":"category","embeddable":true,"href":"https:\/\/www.europesays.com\/fr\/wp-json\/wp\/v2\/categories?post=295534"},{"taxonomy":"post_tag","embeddable":true,"href":"https:\/\/www.europesays.com\/fr\/wp-json\/wp\/v2\/tags?post=295534"}],"curies":[{"name":"wp","href":"https:\/\/api.w.org\/{rel}","templated":true}]}}