{"id":295536,"date":"2025-08-04T10:38:17","date_gmt":"2025-08-04T10:38:17","guid":{"rendered":"https:\/\/www.europesays.com\/fr\/295536\/"},"modified":"2025-08-04T10:38:17","modified_gmt":"2025-08-04T10:38:17","slug":"voici-les-zones-de-controle","status":"publish","type":"post","link":"https:\/\/www.europesays.com\/fr\/295536\/","title":{"rendered":"voici les zones de contr\u00f4le"},"content":{"rendered":"<p>            Par<br \/>\n        <strong><br \/>\n            <a href=\"https:\/\/actu.fr\/auteur\/mathias-souteyrat\" title=\"Consulter tous les articles de Mathias Souteyrat\" target=\"_blank\" rel=\"noopener\">Mathias Souteyrat<\/a><br \/>\n        <\/strong><\/p>\n<p>        Publi\u00e9 le<\/p>\n<p>            4 ao\u00fbt 2025 \u00e0 10h30        <\/p>\n<p>Les voitures <a href=\"https:\/\/actu.fr\/auvergne-rhone-alpes\/saint-etienne_42218\/rn88-a47-voici-les-radars-qui-flashent-le-plus-a-saint-etienne-et-dans-la-loire_62112915.html\" target=\"_blank\" rel=\"noopener\">radars<\/a> priv\u00e9es vont flasher \u00e0 partir du 16\u00a0ao\u00fbt 2025 sur les routes de la <a href=\"https:\/\/actu.fr\/auvergne-rhone-alpes\/loire_42\" target=\"_blank\" rel=\"noopener\">Loire<\/a>. Externalis\u00e9 depuis 2018, ce d\u00e9ploiement a \u00e9t\u00e9 progressif en France. Apr\u00e8s huit r\u00e9gions o\u00f9 le programme appel\u00e9 \u00ab\u2009Dexter\u2009\u00bb est op\u00e9rationnel, il concerne aujourd\u2019hui l\u2019Auvergne-Rh\u00f4ne-Alpes.<br \/>Les autoroutes A47, A89, A72, les d\u00e9partementales\u2026 Voici la carte des itin\u00e9raires de contr\u00f4le de ces v\u00e9hicules dans le d\u00e9partement.<\/p>\n<p>\u00ab\u2009Ces itin\u00e9raires sont cr\u00e9\u00e9s sur les routes d\u00e9partementales et les autoroutes en fonction de l\u2019accidentalit\u00e9\u2009\u00bb<\/p>\n<p class=\" wall-content\">Selon le communiqu\u00e9 de la pr\u00e9fecture, \u00ab\u2009ces v\u00e9hicules pourront circuler sur des parcours de contr\u00f4le \u00e9tablis par l\u2019unit\u00e9 s\u00e9curit\u00e9 routi\u00e8re de la direction d\u00e9partementale des territoires (DDT), en lien avec les forces de l\u2019ordre et apr\u00e8s consultation des gestionnaires de voirie concern\u00e9s\u2009\u00bb.<\/p>\n<p><a class=\"jo-module-caroussel__img-container\" href=\"https:\/\/static.actu.fr\/uploads\/2025\/08\/carte-globale-dexter-maj-juin-2025-page-00011-1.jpg\" title=\"Agrandir la photo Voici les axes o\u00f9 les voitures priv\u00e9es vont flasher.  (\u00a9 Carte pr\u00e9fecture de la Loire)\" data-idx=\"1\" target=\"_blank\" rel=\"noopener\"><br \/>\n    <img decoding=\"async\" class=\"jo-module-caroussel__img\" loading=\"lazy\" src=\"https:\/\/www.europesays.com\/fr\/wp-content\/uploads\/2025\/08\/carte-globale-dexter-maj-juin-2025-page-00011-1-640x427.jpg\" alt=\"Voici les axes o\u00f9 les voitures priv\u00e9es vont flasher.  (\u00a9 Carte pr\u00e9fecture de la Loire)\" width=\"640\" height=\"427\"\/><\/a><\/p>\n<blockquote class=\"ac-article-quote wall-content\">\n<p>Ces itin\u00e9raires sont cr\u00e9\u00e9s sur les routes d\u00e9partementales et les autoroutes en fonction de l\u2019accidentalit\u00e9, du trafic et des contraintes techniques inh\u00e9rentes \u00e0 ces v\u00e9hicules. Ils sont r\u00e9partis de fa\u00e7on homog\u00e8ne sur notre d\u00e9partement et tiennent compte de sa topographie et de l\u2019augmentation de la population sur certains secteurs.<\/p>\n<p>    <strong>Pr\u00e9fecture de la Loire<\/strong>\n            <\/p><\/blockquote>\n<p>Dans la Loire, 36\u2009% des accidents mortels sont caus\u00e9s par la vitesse<\/p>\n<p class=\" wall-content\">Dans la Loire, 36\u2009% des accidents mortels impliquaient au moins un usager en exc\u00e8s de vitesse en 2024.<\/p>\n<p class=\" wall-content\">Pour rappel, la vitesse constitue le premier facteur de mortalit\u00e9 routi\u00e8re. En 2024 en France, une vitesse excessive ou inadapt\u00e9e a \u00e9t\u00e9 relev\u00e9e dans 29\u2009% des accidents mortels.<\/p>\n<p>\u00ab\u2009Lib\u00e9rer du temps que les forces de l\u2019ordre pourront consacrer \u00e0 leurs missions d\u2019intervention\u2009\u00bb<\/p>\n<p class=\" wall-content\">La d\u00e9cision de confier la conduite de v\u00e9hicules radars \u00e0 des op\u00e9rateurs priv\u00e9s a \u00e9t\u00e9 prise par le comit\u00e9 interminist\u00e9riel de la s\u00e9curit\u00e9 routi\u00e8re (CISR) du 2\u00a0octobre 2015, avec deux objectifs majeurs\u2009:<\/p>\n<ul class=\" wall-content\">\n<li>faire respecter les limitations de vitesse dans la dur\u00e9e en allongeant les plages horaires de circulation des voitures-radars sur les routes les plus accidentog\u00e8nes.<\/li>\n<li>lib\u00e9rer du temps que les forces de l\u2019ordre pourront consacrer \u00e0 leurs missions d\u2019intervention, d\u2019enqu\u00eate et de pr\u00e9vention, tout en renfor\u00e7ant la protection des usagers de la route.<\/li>\n<\/ul>\n<p class=\" wall-content\">Suivez toute l\u2019actualit\u00e9 de vos villes et m\u00e9dias favoris en vous inscrivant \u00e0 <a href=\"https:\/\/moncompte.actu.fr\" title=\"D\u00e9couvez Mon Actu\" rel=\"nofollow noopener\" data-trk=\"{&quot;cta&quot;:{&quot;action&quot;:&quot;https:\\\/\\\/moncompte.actu.fr&quot;,&quot;category&quot;:&quot;mon compte&quot;,&quot;from&quot;:&quot;article footer&quot;,&quot;name&quot;:&quot;Mon actu&quot;,&quot;type&quot;:&quot;cta&quot;}}\" target=\"_blank\">Mon Actu<\/a>.<\/p>\n","protected":false},"excerpt":{"rendered":"Par Mathias Souteyrat Publi\u00e9 le 4 ao\u00fbt 2025 \u00e0 10h30 Les voitures radars priv\u00e9es vont flasher \u00e0 partir&hellip;\n","protected":false},"author":2,"featured_media":219137,"comment_status":"","ping_status":"","sticky":false,"template":"","format":"standard","meta":{"footnotes":""},"categories":[9653],"tags":[119,1111,11,2430,1777,674,5915,1011,27,12,6957,25,4001,104],"class_list":{"0":"post-295536","1":"post","2":"type-post","3":"status-publish","4":"format-standard","5":"has-post-thumbnail","7":"category-saint-etienne","8":"tag-accident","9":"tag-actu","10":"tag-actualites","11":"tag-auvergne-rhone-alpes","12":"tag-eu","13":"tag-europe","14":"tag-exces-de-vitesse","15":"tag-fr","16":"tag-france","17":"tag-news","18":"tag-radars","19":"tag-republique-francaise","20":"tag-saint-etienne","21":"tag-societe"},"share_on_mastodon":{"url":"https:\/\/pubeurope.com\/@fr\/114970067192858068","error":""},"_links":{"self":[{"href":"https:\/\/www.europesays.com\/fr\/wp-json\/wp\/v2\/posts\/295536","targetHints":{"allow":["GET"]}}],"collection":[{"href":"https:\/\/www.europesays.com\/fr\/wp-json\/wp\/v2\/posts"}],"about":[{"href":"https:\/\/www.europesays.com\/fr\/wp-json\/wp\/v2\/types\/post"}],"author":[{"embeddable":true,"href":"https:\/\/www.europesays.com\/fr\/wp-json\/wp\/v2\/users\/2"}],"replies":[{"embeddable":true,"href":"https:\/\/www.europesays.com\/fr\/wp-json\/wp\/v2\/comments?post=295536"}],"version-history":[{"count":0,"href":"https:\/\/www.europesays.com\/fr\/wp-json\/wp\/v2\/posts\/295536\/revisions"}],"wp:featuredmedia":[{"embeddable":true,"href":"https:\/\/www.europesays.com\/fr\/wp-json\/wp\/v2\/media\/219137"}],"wp:attachment":[{"href":"https:\/\/www.europesays.com\/fr\/wp-json\/wp\/v2\/media?parent=295536"}],"wp:term":[{"taxonomy":"category","embeddable":true,"href":"https:\/\/www.europesays.com\/fr\/wp-json\/wp\/v2\/categories?post=295536"},{"taxonomy":"post_tag","embeddable":true,"href":"https:\/\/www.europesays.com\/fr\/wp-json\/wp\/v2\/tags?post=295536"}],"curies":[{"name":"wp","href":"https:\/\/api.w.org\/{rel}","templated":true}]}}