{"id":295541,"date":"2025-08-04T10:42:13","date_gmt":"2025-08-04T10:42:13","guid":{"rendered":"https:\/\/www.europesays.com\/fr\/295541\/"},"modified":"2025-08-04T10:42:13","modified_gmt":"2025-08-04T10:42:13","slug":"toulon-soffre-un-gros-coup-sur-le-mercato","status":"publish","type":"post","link":"https:\/\/www.europesays.com\/fr\/295541\/","title":{"rendered":"Toulon s&rsquo;offre un gros coup sur le mercato"},"content":{"rendered":"<p>Zapping Foot National \u00c0 la 93, le film <\/p>\n<p>Le Sporting d\u00e9marre fort sa semaine ! Actuellement en pleine pr\u00e9paration estivale \u00e0 l&rsquo;instar de ses homologues de National 2, Toulon, qui d\u00e9butera sa saison par un p\u00e9rilleux d\u00e9placement \u00e0 Bobigny le samedi 16 ao\u00fbt, a inform\u00e9 ce lundi de la signature d&rsquo;un nouveau renfort de poids.<\/p>\n<p>Pr\u00e8s de 50 matchs de Ligue 2<\/p>\n<p>Il s&rsquo;agit d&rsquo;Amir Nouri, milieu de terrain tr\u00e8s exp\u00e9riment\u00e9. \u00c2g\u00e9 de 31 ans, l&rsquo;Alg\u00e9rien est notamment pass\u00e9 par Ch\u00e2teauroux, Saint-Brieuc ou encore B\u00e9ziers durant sa carri\u00e8re. Il compte \u00e0 son actif 46 matchs de Ligue 2 et 51 matchs de National. Il d\u00e9barque en provenance de l&rsquo;ES S\u00e9tif, pensionnaire de premi\u00e8re division alg\u00e9rienne, o\u00f9 il aura disput\u00e9 32 matchs toutes comp\u00e9titions confondues en deux saisons. Le n\u00e9o-Toulonnais a d\u00e9j\u00e0 rejoint ses nouveaux co\u00e9quipiers \u00e0 Chambon-sur-Lignon, o\u00f9 le SCT est actuellement en stage avant de conclure sa pr\u00e9paration par une rencontre face \u00e0 Fr\u00e9jus (N2) en fin de semaine.<\/p>\n<blockquote class=\"twitter-tweet\">\n<p dir=\"ltr\" lang=\"fr\">\ud83d\udea8 \ud835\udc7a\ud835\udc6a\ud835\udc7b \ud835\udc74\ud835\udc6c\ud835\udc79\ud835\udc6a\ud835\udc68\ud835\udc7b\ud835\udc76<br \/>En provenance de l&rsquo;ES S\u00e9tif (premi\u00e8re division alg\u00e9rienne), Amir Nouri a notamment \u00e9volu\u00e9 \u00e0 B\u00e9ziers et Ch\u00e2teauroux en Ligue 2<br \/>Ce num\u00e9ro 8 d&rsquo;exp\u00e9rience vient renforcer le milieu de terrain et a directement int\u00e9gr\u00e9 le groupe Azur et Or au stage au Chambon <a href=\"https:\/\/t.co\/lOboTxX9sg\" rel=\"nofollow\">pic.twitter.com\/lOboTxX9sg<\/a><\/p>\n<p>\u2014 Sporting Club Toulon (@sportingtoulon) <a href=\"https:\/\/twitter.com\/sportingtoulon\/status\/1952264357414424856?ref_src=twsrc%5Etfw\" rel=\"nofollow noopener\" target=\"_blank\">August 4, 2025<\/a><\/p>\n<\/blockquote>\n<p>Partagez cette info avec vos amis et vos proches en cliquant ici<br \/>Pour r\u00e9sumer<\/p>\n<p>Le Sporting d\u00e9marre fort sa semaine ! Actuellement en pleine pr\u00e9paration estivale \u00e0 l&rsquo;instar de ses homologues de National 2, Toulon, qui d\u00e9butera sa saison par un p\u00e9rilleux d\u00e9placement \u00e0 Bobigny le samedi 16 ao\u00fbt, a inform\u00e9 ce lundi la signature d&rsquo;un nouveau renfort de poids.\u00a0<\/p>\n<p> <img decoding=\"async\" width=\"76\" height=\"76\" loading=\"lazy\" src=\"https:\/\/www.europesays.com\/fr\/wp-content\/uploads\/2025\/04\/logo-florian-sermaise.jpg\" alt=\"Florian Sermaise\"\/><script async src=\"https:\/\/platform.twitter.com\/widgets.js\" charset=\"utf-8\"><\/script><\/p>\n","protected":false},"excerpt":{"rendered":"Zapping Foot National \u00c0 la 93, le film Le Sporting d\u00e9marre fort sa semaine ! Actuellement en pleine&hellip;\n","protected":false},"author":2,"featured_media":295542,"comment_status":"","ping_status":"","sticky":false,"template":"","format":"standard","meta":{"footnotes":""},"categories":[9619],"tags":[1111,11,1777,674,1011,27,12,882,25,2310],"class_list":{"0":"post-295541","1":"post","2":"type-post","3":"status-publish","4":"format-standard","5":"has-post-thumbnail","7":"category-toulon","8":"tag-actu","9":"tag-actualites","10":"tag-eu","11":"tag-europe","12":"tag-fr","13":"tag-france","14":"tag-news","15":"tag-provence-alpes-cote-dazur","16":"tag-republique-francaise","17":"tag-toulon"},"share_on_mastodon":{"url":"https:\/\/pubeurope.com\/@fr\/114970083256596523","error":""},"_links":{"self":[{"href":"https:\/\/www.europesays.com\/fr\/wp-json\/wp\/v2\/posts\/295541","targetHints":{"allow":["GET"]}}],"collection":[{"href":"https:\/\/www.europesays.com\/fr\/wp-json\/wp\/v2\/posts"}],"about":[{"href":"https:\/\/www.europesays.com\/fr\/wp-json\/wp\/v2\/types\/post"}],"author":[{"embeddable":true,"href":"https:\/\/www.europesays.com\/fr\/wp-json\/wp\/v2\/users\/2"}],"replies":[{"embeddable":true,"href":"https:\/\/www.europesays.com\/fr\/wp-json\/wp\/v2\/comments?post=295541"}],"version-history":[{"count":0,"href":"https:\/\/www.europesays.com\/fr\/wp-json\/wp\/v2\/posts\/295541\/revisions"}],"wp:featuredmedia":[{"embeddable":true,"href":"https:\/\/www.europesays.com\/fr\/wp-json\/wp\/v2\/media\/295542"}],"wp:attachment":[{"href":"https:\/\/www.europesays.com\/fr\/wp-json\/wp\/v2\/media?parent=295541"}],"wp:term":[{"taxonomy":"category","embeddable":true,"href":"https:\/\/www.europesays.com\/fr\/wp-json\/wp\/v2\/categories?post=295541"},{"taxonomy":"post_tag","embeddable":true,"href":"https:\/\/www.europesays.com\/fr\/wp-json\/wp\/v2\/tags?post=295541"}],"curies":[{"name":"wp","href":"https:\/\/api.w.org\/{rel}","templated":true}]}}