{"id":295547,"date":"2025-08-04T10:49:16","date_gmt":"2025-08-04T10:49:16","guid":{"rendered":"https:\/\/www.europesays.com\/fr\/295547\/"},"modified":"2025-08-04T10:49:16","modified_gmt":"2025-08-04T10:49:16","slug":"la-ministre-rachida-dati-dans-le-viseur-dun-ancien-elu-ecologiste-de-grenoble","status":"publish","type":"post","link":"https:\/\/www.europesays.com\/fr\/295547\/","title":{"rendered":"la ministre Rachida Dati dans le viseur d&rsquo;un ancien \u00e9lu \u00e9cologiste de Grenoble"},"content":{"rendered":"<p>            Par<br \/>\n        <strong><br \/>\n            <a href=\"https:\/\/actu.fr\/auteur\/lisa-rodrigues\" title=\"Consulter tous les articles de Lisa Rodrigues\" target=\"_blank\" rel=\"noopener\">Lisa Rodrigues<\/a><br \/>\n        <\/strong><\/p>\n<p>        Publi\u00e9 le<\/p>\n<p>            4 ao\u00fbt 2025 \u00e0 11h51        <\/p>\n<p>Le dossier de l\u2019affaire dite Dati-Ghosn s\u2019\u00e9paissit, ou du moins, continue de faire parler, et ce, jusqu\u2019en <a href=\"https:\/\/actu.fr\/auvergne-rhone-alpes\/isere_38\" target=\"_blank\" rel=\"noopener\">Is\u00e8re<\/a>. Selon une information r\u00e9v\u00e9l\u00e9e par le journal <a href=\"https:\/\/www.lemonde.fr\/societe\/article\/2025\/08\/01\/rachida-dati-visee-par-un-signalement-a-la-justice-pour-outrage-a-magistrat_6626086_3224.html\" target=\"_blank\" rel=\"noopener\">Le Monde<\/a>, un ancien \u00e9lu \u00e9cologiste grenoblois et militant anticorruption, <strong>Raymond Avrillier<\/strong>, a \u00e9mis un signalement aupr\u00e8s du parquet de Paris le 28 juillet contre <a href=\"https:\/\/actu.fr\/tag\/rachida-dati\" target=\"_blank\" rel=\"noopener\">Rachida Dati<\/a>, actuelle ministre de la Culture.<\/p>\n<p>Des propos pol\u00e9miques contre des magistrats<\/p>\n<p class=\" wall-content\">Ce signalement fait suite aux propos de Rachida Dati sur le plateau de LCI quelques jours plus t\u00f4t, concernant des \u00ab\u00a0magistrats qui refusent de faire leur travail conform\u00e9ment (\u2026) au code de proc\u00e9dure \u00bb.<\/p>\n<p class=\" wall-content\">\n<p class=\" wall-content\">La ministre r\u00e9agissait \u00e0 son renvoi devant le tribunal correctionnel pour \u00ab <strong>corruption et trafic d\u2019influence<\/strong> <strong>passifs<\/strong> par personne investie d\u2019un mandat \u00e9lectif public au sein d\u2019une organisation internationale (en l\u2019esp\u00e8ce le Parlement europ\u00e9en) \u00bb et \u00ab recel d\u2019abus de pouvoir et d\u2019abus de confiance \u00bb.\u00a0<\/p>\n<p>Nouveau signalement apr\u00e8s l\u2019affaire des bijoux<\/p>\n<p class=\" wall-content\">Pour Raymond Avrillier, certains des propos tenus par la ministre s\u2019apparentent \u00e0 des \u00ab\u00a0attaques\u00a0\u00bb contre les magistrats en charge du dossier, \u00ab\u00a0susceptibles de tendre \u00e0 <strong>exercer des pressions<\/strong> en vue d\u2019influencer les d\u00e9clarations de t\u00e9moins ou la d\u00e9cisions des juridictions d\u2019instruction ou de jugement\u00a0\u00bb, comme indiqu\u00e9 dans le signalement que Le Monde s\u2019est procur\u00e9.<\/p>\n<p class=\" wall-content\">Ce n\u2019est d\u2019ailleurs pas la premi\u00e8re fois que le maire adjoint honoraire de <a href=\"https:\/\/actu.fr\/auvergne-rhone-alpes\/grenoble_38185\" target=\"_blank\" rel=\"noopener\">Grenoble<\/a> s\u2019attaque \u00e0 la ministre. En juin dernier, comme indiqu\u00e9 par <a href=\"https:\/\/www.liberation.fr\/societe\/police-justice\/affaire-des-bijoux-de-rachida-dati-le-parquet-de-paris-saisi-de-deux-signalements-20250630_3MR7VSWIQFDK3BJMPQVNHCIJJE\/\" target=\"_blank\" rel=\"noopener\">Lib\u00e9ration<\/a>, Raymond Avrillier a soumis un signalement au parquet de Paris concernant <strong>des bijoux de luxe<\/strong> offerts \u00e0 Rachida Dati par Henri Proglio, l\u2019ex-patron de Veolia et d\u2019EDF, entre 2017 et 2023 alors qu\u2019ils entretenaient une liaison. Cadeau repr\u00e9sentant un <a href=\"https:\/\/actu.fr\/politique\/la-ministre-de-la-culture-rachida-dati-aurait-oublie-de-declarer-420-000-euros-de-bijoux_62489867.html\" target=\"_blank\" rel=\"noopener\">montant de 420 000 euros<\/a> qui n\u2019a pas \u00e9t\u00e9 mentionn\u00e9 par la ministre lors de ses d\u00e9clarations \u00e0 la Haute Autorit\u00e9 pour la transparence de la vie publique (HATVP).<\/p>\n<p class=\" wall-content\">Sur cette affaire des bijoux \u2013 pour laquelle le s\u00e9nateur socialiste de Paris R\u00e9mi F\u00e9raud a aussi envoy\u00e9 un signalement \u00e0 la justice -, des proches de la ministre auraient assur\u00e9 qu\u2019elle s\u2019en est s\u00e9par\u00e9 avant sa nomination au gouvernement.<\/p>\n<p>Raymond Avrillier derri\u00e8re la r\u00e9v\u00e9lation de plusieurs scandales politiques<\/p>\n<p>L\u2019article 40 du code de proc\u00e9dure p\u00e9nale pr\u00e9cise que \u00ab toute autorit\u00e9 constitu\u00e9e, tout officier public ou fonctionnaire qui, dans l\u2019exercice de ses fonctions acquiert la connaissance d\u2019un crime ou d\u2019un d\u00e9lit est tenu d\u2019en donner avis sans d\u00e9lai au procureur \u00bb.<br \/>Raymond Avrillier a fait appel \u00e0 cet article pour d\u00e9noncer divers scandales, notamment les affaires de corruption de l&rsquo;ancien maire LR de Grenoble, Alain Carignon, dans les ann\u00e9es 1990, ou plus r\u00e9cemment dans l&rsquo;affaire des sondages de l&rsquo;\u00c9lys\u00e9e sous l&rsquo;\u00e8re Nicolas Sarkozy.<\/p>\n<p>Pas de jugement avant 2026<\/p>\n<p class=\" wall-content\">Concernant le renvoi de Rachida Dati dans le dossier Ghosn, la ministre a plusieurs fois assur\u00e9 qu\u2019elle ne d\u00e9missionnerait pas de son poste.<\/p>\n<p class=\" wall-content\">Dans cette affaire, elle est soup\u00e7onn\u00e9e d\u2019avoir per\u00e7u <strong>900 000 euros entre 2010 et 2012<\/strong> pour des prestations de conseil pour le compte de RNBV, filiale de l\u2019alliance Renault-Nissan, mais sans avoir r\u00e9ellement travaill\u00e9, alors qu\u2019elle \u00e9tait avocate et d\u00e9put\u00e9e europ\u00e9enne (2009-2019). Des accusations que la principale int\u00e9ress\u00e9e conteste.<\/p>\n<p class=\" wall-content\">Dans cette m\u00eame affaire, l\u2019ancien PDG de Renault-Nissan, <a href=\"https:\/\/actu.fr\/faits-divers\/affaire-renault-nissan-rachida-dati-et-carlos-ghosn-seront-juges-pour-corruption_62942887.html\" target=\"_blank\" rel=\"noopener\">Carlos Ghosn<\/a>, a \u00e9galement \u00e9t\u00e9 renvoy\u00e9 devant le tribunal correctionnel pour \u00ab abus de pouvoirs par dirigeant de soci\u00e9t\u00e9 \u00bb, \u00ab abus de confiance \u00bb et \u00ab corruption et trafic d\u2019influence actifs \u00bb.<\/p>\n<p class=\" wall-content\">Une premi\u00e8re audience est pr\u00e9vue le 29 septembre pour fixer la date du proc\u00e8s, qui d\u2019apr\u00e8s des sources de l\u2019AFP pourrait se tenir apr\u00e8s les <a href=\"https:\/\/actu.fr\/ile-de-france\/paris_75056\/municipales-2026-a-paris-lr-designe-rachida-dati-comme-etant-la-mieux-placee-pour-incarner-l-alternance_62971691.html\" target=\"_blank\" rel=\"noopener\">municipales de mars 2026<\/a> o\u00f9 Rachida Dati vise la mairie de Paris.<\/p>\n<p class=\" wall-content\">Suivez toute l\u2019actualit\u00e9 de vos villes et m\u00e9dias favoris en vous inscrivant \u00e0 <a href=\"https:\/\/moncompte.actu.fr\" title=\"D\u00e9couvez Mon Actu\" rel=\"nofollow noopener\" data-trk=\"{&quot;cta&quot;:{&quot;action&quot;:&quot;https:\\\/\\\/moncompte.actu.fr&quot;,&quot;category&quot;:&quot;mon compte&quot;,&quot;from&quot;:&quot;article footer&quot;,&quot;name&quot;:&quot;Mon actu&quot;,&quot;type&quot;:&quot;cta&quot;}}\" target=\"_blank\">Mon Actu<\/a>.<\/p>\n","protected":false},"excerpt":{"rendered":"Par Lisa Rodrigues Publi\u00e9 le 4 ao\u00fbt 2025 \u00e0 11h51 Le dossier de l\u2019affaire dite Dati-Ghosn s\u2019\u00e9paissit, ou&hellip;\n","protected":false},"author":2,"featured_media":286541,"comment_status":"","ping_status":"","sticky":false,"template":"","format":"standard","meta":{"footnotes":""},"categories":[9566],"tags":[1111,11,2430,1777,674,1011,27,2731,303,12,316,417,25],"class_list":{"0":"post-295547","1":"post","2":"type-post","3":"status-publish","4":"format-standard","5":"has-post-thumbnail","7":"category-grenoble","8":"tag-actu","9":"tag-actualites","10":"tag-auvergne-rhone-alpes","11":"tag-eu","12":"tag-europe","13":"tag-fr","14":"tag-france","15":"tag-grenoble","16":"tag-justice","17":"tag-news","18":"tag-politique","19":"tag-rachida-dati","20":"tag-republique-francaise"},"share_on_mastodon":{"url":"https:\/\/pubeurope.com\/@fr\/114970110513377371","error":""},"_links":{"self":[{"href":"https:\/\/www.europesays.com\/fr\/wp-json\/wp\/v2\/posts\/295547","targetHints":{"allow":["GET"]}}],"collection":[{"href":"https:\/\/www.europesays.com\/fr\/wp-json\/wp\/v2\/posts"}],"about":[{"href":"https:\/\/www.europesays.com\/fr\/wp-json\/wp\/v2\/types\/post"}],"author":[{"embeddable":true,"href":"https:\/\/www.europesays.com\/fr\/wp-json\/wp\/v2\/users\/2"}],"replies":[{"embeddable":true,"href":"https:\/\/www.europesays.com\/fr\/wp-json\/wp\/v2\/comments?post=295547"}],"version-history":[{"count":0,"href":"https:\/\/www.europesays.com\/fr\/wp-json\/wp\/v2\/posts\/295547\/revisions"}],"wp:featuredmedia":[{"embeddable":true,"href":"https:\/\/www.europesays.com\/fr\/wp-json\/wp\/v2\/media\/286541"}],"wp:attachment":[{"href":"https:\/\/www.europesays.com\/fr\/wp-json\/wp\/v2\/media?parent=295547"}],"wp:term":[{"taxonomy":"category","embeddable":true,"href":"https:\/\/www.europesays.com\/fr\/wp-json\/wp\/v2\/categories?post=295547"},{"taxonomy":"post_tag","embeddable":true,"href":"https:\/\/www.europesays.com\/fr\/wp-json\/wp\/v2\/tags?post=295547"}],"curies":[{"name":"wp","href":"https:\/\/api.w.org\/{rel}","templated":true}]}}