{"id":295549,"date":"2025-08-04T10:51:14","date_gmt":"2025-08-04T10:51:14","guid":{"rendered":"https:\/\/www.europesays.com\/fr\/295549\/"},"modified":"2025-08-04T10:51:14","modified_gmt":"2025-08-04T10:51:14","slug":"previsions-meteo-du-lundi-4-aout-2025-a-rennes-20-minutes","status":"publish","type":"post","link":"https:\/\/www.europesays.com\/fr\/295549\/","title":{"rendered":"Pr\u00e9visions m\u00e9t\u00e9o du lundi 4 ao\u00fbt 2025 \u00e0 Rennes &#8211; 20 Minutes"},"content":{"rendered":"<ol>\n<li><a href=\"https:\/\/news.google.com\/rss\/articles\/CBMilAFBVV95cUxPcUVtMkxYWG5fUU5kOGUyQnNpZWlMZTRRUzkxYkxEVEZJNVQtNVZNdjRfdm02aDNKSVV1cUllVi1OYTNJX0J0LVV6UlpEODhycHVwVTlCbjZzcGxiYmxHSXVHd0I2WnlfX1lJblVOSEZMcEZBdVJ6N3prSUxOX0FZR09mWjNjMVgzN0wyMVlfNmM0V1ZN?oc=5\" target=\"_blank\" rel=\"nofollow noopener\">Pr\u00e9visions m\u00e9t\u00e9o du lundi 4 ao\u00fbt 2025 \u00e0 Rennes<\/a>&nbsp;&nbsp;20 Minutes<\/li>\n<li><a href=\"https:\/\/news.google.com\/rss\/articles\/CBMiygFBVV95cUxQQXJUSmtGTmc4LW1YMzBJVGJiY3JPRXV5VEpsSzJjQjllYVMwNmd1bkxPQ1cwYS1aTFFqUnpTV0hvckVBcEZ3V1dLdzNHamxtb3hrdkFMWlNIcVFja1hzdk1KOEthOWJNLTEwVEdUazJQYWxvVkJJbnpuUUtaSl9qRFlqTXJFRVV2WEZKMWtwb0hWeXctYWg1RC1lYjNTQTIzVy1WUVF6Mmo1SUNPS1BWTWdqd3lMbGlsejRzUW9JeHFQT2ZHdzFCd3Fn?oc=5\" target=\"_blank\" rel=\"nofollow noopener\">Quel temps est-il pr\u00e9vu \u00e0 Plouguerneau et ses environs le lundi 4 ao\u00fbt 2025 ?<\/a>&nbsp;&nbsp;Ouest-France<\/li>\n<li><a href=\"https:\/\/news.google.com\/rss\/articles\/CBMitwFBVV95cUxQYUVKb0Z5RTNIS0F6djh3ZmJkS3BIVjJjVlRVLV9BMVRKSHlybTlyZTdGbUxSdnhEVDgtOWthY3RnMm5QeldDZTFSM2hlbDg2LXZRdkRFVVpPN1A2bWNWTDg3MFl1TjUydVJZanVnUkFvaWtUUHp3Z2tnbnBMLWo3NWU1TmY4b185em05TWptaTVCWnN6NVh3cUcyMU56RHFLcDY4YndJU0MzajIyZkdFLUptWW12dDg?oc=5\" target=\"_blank\" rel=\"nofollow noopener\">La m\u00e9t\u00e9o du lundi 4 ao\u00fbt 2025 \u00e0 Brest et ses environs<\/a>&nbsp;&nbsp;Ouest-France<\/li>\n<li><a href=\"https:\/\/news.google.com\/rss\/articles\/CBMiugFBVV95cUxNRzBQdDJVV0QzRGVva0lVTVBYSnJmOFpRYjRPdkdEaWRuZUJ1eTRyMHo1MGR0VXpYUmdYQWZVcUxHdmJpc1BRWS1KUjZTbGtMaDRLR1J0ZV9yMmlkMFV5ZzBlQkhIVWM2ZDllWS1ZZ1NVOTNSZlRqM3VybkdRVTF2Tmp5eVFiUnBrbFd6QWhiWExEc0dUSTBzb0prY0lMc3JzMDJiQTV0elZ5V2szQ1hGWnlVSmh6X3hEcVE?oc=5\" target=\"_blank\" rel=\"nofollow noopener\">Les pr\u00e9visions m\u00e9t\u00e9orologiques du dimanche 3 ao\u00fbt 2025 \u00e0 Rennes et ses environs<\/a>&nbsp;&nbsp;Ouest-France<\/li>\n<\/ol>\n","protected":false},"excerpt":{"rendered":"Pr\u00e9visions m\u00e9t\u00e9o du lundi 4 ao\u00fbt 2025 \u00e0 Rennes&nbsp;&nbsp;20 Minutes Quel temps est-il pr\u00e9vu \u00e0 Plouguerneau et ses&hellip;\n","protected":false},"author":2,"featured_media":295550,"comment_status":"","ping_status":"","sticky":false,"template":"","format":"standard","meta":{"footnotes":""},"categories":[2821],"tags":[1111,11,829,1777,674,1011,27,848,12,2119,584,25],"class_list":{"0":"post-295549","1":"post","2":"type-post","3":"status-publish","4":"format-standard","5":"has-post-thumbnail","7":"category-rennes","8":"tag-actu","9":"tag-actualites","10":"tag-bretagne","11":"tag-eu","12":"tag-europe","13":"tag-fr","14":"tag-france","15":"tag-ille-et-vilaine","16":"tag-news","17":"tag-previsions-meteo","18":"tag-rennes","19":"tag-republique-francaise"},"share_on_mastodon":{"url":"https:\/\/pubeurope.com\/@fr\/114970118267387889","error":""},"_links":{"self":[{"href":"https:\/\/www.europesays.com\/fr\/wp-json\/wp\/v2\/posts\/295549","targetHints":{"allow":["GET"]}}],"collection":[{"href":"https:\/\/www.europesays.com\/fr\/wp-json\/wp\/v2\/posts"}],"about":[{"href":"https:\/\/www.europesays.com\/fr\/wp-json\/wp\/v2\/types\/post"}],"author":[{"embeddable":true,"href":"https:\/\/www.europesays.com\/fr\/wp-json\/wp\/v2\/users\/2"}],"replies":[{"embeddable":true,"href":"https:\/\/www.europesays.com\/fr\/wp-json\/wp\/v2\/comments?post=295549"}],"version-history":[{"count":0,"href":"https:\/\/www.europesays.com\/fr\/wp-json\/wp\/v2\/posts\/295549\/revisions"}],"wp:featuredmedia":[{"embeddable":true,"href":"https:\/\/www.europesays.com\/fr\/wp-json\/wp\/v2\/media\/295550"}],"wp:attachment":[{"href":"https:\/\/www.europesays.com\/fr\/wp-json\/wp\/v2\/media?parent=295549"}],"wp:term":[{"taxonomy":"category","embeddable":true,"href":"https:\/\/www.europesays.com\/fr\/wp-json\/wp\/v2\/categories?post=295549"},{"taxonomy":"post_tag","embeddable":true,"href":"https:\/\/www.europesays.com\/fr\/wp-json\/wp\/v2\/tags?post=295549"}],"curies":[{"name":"wp","href":"https:\/\/api.w.org\/{rel}","templated":true}]}}