{"id":295551,"date":"2025-08-04T10:52:10","date_gmt":"2025-08-04T10:52:10","guid":{"rendered":"https:\/\/www.europesays.com\/fr\/295551\/"},"modified":"2025-08-04T10:52:10","modified_gmt":"2025-08-04T10:52:10","slug":"stade-rennais-om-cest-bientot-le-premier-match-de-la-saison-voici-quand-la-billetterie-va-ouvrir","status":"publish","type":"post","link":"https:\/\/www.europesays.com\/fr\/295551\/","title":{"rendered":"Stade Rennais &#8211; OM : c&rsquo;est bient\u00f4t le premier match de la saison, voici quand la billetterie va ouvrir"},"content":{"rendered":"<p>            Par<br \/>\n        <strong><br \/>\n            <a href=\"https:\/\/actu.fr\/auteur\/clemence-pays02-actu-fr\" title=\"Consulter tous les articles de Cl\u00e9mence Pays\" target=\"_blank\" rel=\"noopener\">Cl\u00e9mence Pays<\/a><br \/>\n        <\/strong><\/p>\n<p>        Publi\u00e9 le<\/p>\n<p>            4 ao\u00fbt 2025 \u00e0 11h53        <\/p>\n<p>La p\u00e9riode de pr\u00e9paration touche \u00e0 sa fin et les joueurs du <a href=\"https:\/\/actu.fr\/tag\/stade-rennais\" target=\"_blank\" rel=\"noopener\">Stade Rennais F.C<\/a> vont bient\u00f4t faire officiellement leur rentr\u00e9e sur la pelouse du <a href=\"https:\/\/actu.fr\/tag\/roazhon-park\" target=\"_blank\" rel=\"noopener\">Roazhon Park<\/a>. Pour <strong>ouvrir la saison 2025-2026<\/strong> de la Ligue\u00a01, les Rouge et Noir recevront l\u2019<a href=\"https:\/\/actu.fr\/tag\/olympique-de-marseille-om\" target=\"_blank\" rel=\"noopener\">Olympique de Marseille<\/a>, <strong>vendredi 15\u00a0ao\u00fbt 2025, \u00e0 20h45.<\/strong><\/p>\n<p class=\" wall-content\">Si, fin juillet, le Stade Rennais a ouvert la billetterie durant quelques jours pour permettre <strong>aux abonn\u00e9s<\/strong> d\u2019acheter leurs places \u00e0 un tarif pr\u00e9f\u00e9rentiel, <strong>le grand public<\/strong> n\u2019a pas encore eu la possibilit\u00e9 d\u2019acc\u00e9der \u00e0 la billetterie.<\/p>\n<p>Ouverture tr\u00e8s prochaine\u2026<\/p>\n<p class=\" wall-content\">Il faudra se tenir pr\u00eat, <strong>mercredi 6\u00a0ao\u00fbt,<\/strong> si vous souhaitez assister au match. La billetterie sera disponible <strong>\u00e0 partir de 14h,<\/strong> sur <a href=\"https:\/\/billetterie.staderennais.com\/\" target=\"_blank\" rel=\"noopener\">le site du Stade Rennais<\/a>.<\/p>\n<p class=\" wall-content\">\n<p class=\" wall-content\">Le <strong>tarif<\/strong> des places n\u2019a en revanche pas \u00e9t\u00e9 communiqu\u00e9 \u00e0 ce jour.<\/p>\n<p class=\" wall-content\">Suivez toute l\u2019actualit\u00e9 de vos villes et m\u00e9dias favoris en vous inscrivant \u00e0 <a href=\"https:\/\/moncompte.actu.fr\" title=\"D\u00e9couvez Mon Actu\" rel=\"nofollow noopener\" data-trk=\"{&quot;cta&quot;:{&quot;action&quot;:&quot;https:\\\/\\\/moncompte.actu.fr&quot;,&quot;category&quot;:&quot;mon compte&quot;,&quot;from&quot;:&quot;article footer&quot;,&quot;name&quot;:&quot;Mon actu&quot;,&quot;type&quot;:&quot;cta&quot;}}\" target=\"_blank\">Mon Actu<\/a>.<\/p>\n","protected":false},"excerpt":{"rendered":"Par Cl\u00e9mence Pays Publi\u00e9 le 4 ao\u00fbt 2025 \u00e0 11h53 La p\u00e9riode de pr\u00e9paration touche \u00e0 sa fin&hellip;\n","protected":false},"author":2,"featured_media":295552,"comment_status":"","ping_status":"","sticky":false,"template":"","format":"standard","meta":{"footnotes":""},"categories":[2821],"tags":[1111,11,829,1777,674,1011,27,12,2333,584,25,7091,104,3087],"class_list":{"0":"post-295551","1":"post","2":"type-post","3":"status-publish","4":"format-standard","5":"has-post-thumbnail","7":"category-rennes","8":"tag-actu","9":"tag-actualites","10":"tag-bretagne","11":"tag-eu","12":"tag-europe","13":"tag-fr","14":"tag-france","15":"tag-news","16":"tag-olympique-de-marseille-om","17":"tag-rennes","18":"tag-republique-francaise","19":"tag-roazhon-park","20":"tag-societe","21":"tag-stade-rennais"},"share_on_mastodon":{"url":"https:\/\/pubeurope.com\/@fr\/114970122199781571","error":""},"_links":{"self":[{"href":"https:\/\/www.europesays.com\/fr\/wp-json\/wp\/v2\/posts\/295551","targetHints":{"allow":["GET"]}}],"collection":[{"href":"https:\/\/www.europesays.com\/fr\/wp-json\/wp\/v2\/posts"}],"about":[{"href":"https:\/\/www.europesays.com\/fr\/wp-json\/wp\/v2\/types\/post"}],"author":[{"embeddable":true,"href":"https:\/\/www.europesays.com\/fr\/wp-json\/wp\/v2\/users\/2"}],"replies":[{"embeddable":true,"href":"https:\/\/www.europesays.com\/fr\/wp-json\/wp\/v2\/comments?post=295551"}],"version-history":[{"count":0,"href":"https:\/\/www.europesays.com\/fr\/wp-json\/wp\/v2\/posts\/295551\/revisions"}],"wp:featuredmedia":[{"embeddable":true,"href":"https:\/\/www.europesays.com\/fr\/wp-json\/wp\/v2\/media\/295552"}],"wp:attachment":[{"href":"https:\/\/www.europesays.com\/fr\/wp-json\/wp\/v2\/media?parent=295551"}],"wp:term":[{"taxonomy":"category","embeddable":true,"href":"https:\/\/www.europesays.com\/fr\/wp-json\/wp\/v2\/categories?post=295551"},{"taxonomy":"post_tag","embeddable":true,"href":"https:\/\/www.europesays.com\/fr\/wp-json\/wp\/v2\/tags?post=295551"}],"curies":[{"name":"wp","href":"https:\/\/api.w.org\/{rel}","templated":true}]}}