{"id":295553,"date":"2025-08-04T10:53:11","date_gmt":"2025-08-04T10:53:11","guid":{"rendered":"https:\/\/www.europesays.com\/fr\/295553\/"},"modified":"2025-08-04T10:53:11","modified_gmt":"2025-08-04T10:53:11","slug":"a-la-decouverte-du-tres-patrimonial-village-saint-charles","status":"publish","type":"post","link":"https:\/\/www.europesays.com\/fr\/295553\/","title":{"rendered":"\u00e0 la d\u00e9couverte du tr\u00e8s patrimonial village Saint-Charles"},"content":{"rendered":"<p>Le <a href=\"https:\/\/www.dna.fr\/societe\/2022\/12\/06\/hebergement-la-prefete-en-visite-dans-le-village-saint-charles\" target=\"_blank\" rel=\"noopener\">village Saint-Charles est<\/a> un lieu singulier, charg\u00e9 de symbolisme et d\u2019histoire. Sa fondation remonte \u00e0 1845, \u00e0 l\u2019initiative du chanoine Spitz, alors sup\u00e9rieur de la congr\u00e9gation des S\u0153urs de la Charit\u00e9. Il accompagna ces derni\u00e8res dans leur remarquable essor, acqu\u00e9rant quelque 80 propri\u00e9t\u00e9s r\u00e9parties sur plus de 16 hectares.<\/p>\n<p>\u00c0 l\u2019\u00e9poque, le site \u00e9tait essentiellement compos\u00e9 d\u2019un couvent et de terres agricoles. Le chanoine y fit construire un orphelinat comprenant une \u00e9cole et une chapelle, et y installa durablement la congr\u00e9gation afin qu\u2019elle puisse y&#8230;<\/p>\n","protected":false},"excerpt":{"rendered":"Le village Saint-Charles est un lieu singulier, charg\u00e9 de symbolisme et d\u2019histoire. Sa fondation remonte \u00e0 1845, \u00e0&hellip;\n","protected":false},"author":2,"featured_media":295554,"comment_status":"","ping_status":"","sticky":false,"template":"","format":"standard","meta":{"footnotes":""},"categories":[2820],"tags":[1111,11,1687,2880,1777,674,107,1011,27,775,12,25,5512,640,3265],"class_list":{"0":"post-295553","1":"post","2":"type-post","3":"status-publish","4":"format-standard","5":"has-post-thumbnail","7":"category-strasbourg","8":"tag-actu","9":"tag-actualites","10":"tag-culture-loisirs","11":"tag-edition-strasbourg","12":"tag-eu","13":"tag-europe","14":"tag-fil-info","15":"tag-fr","16":"tag-france","17":"tag-grand-est","18":"tag-news","19":"tag-republique-francaise","20":"tag-schiltigheim","21":"tag-strasbourg","22":"tag-strasbourg-nord"},"share_on_mastodon":{"url":"https:\/\/pubeurope.com\/@fr\/114970126148747833","error":""},"_links":{"self":[{"href":"https:\/\/www.europesays.com\/fr\/wp-json\/wp\/v2\/posts\/295553","targetHints":{"allow":["GET"]}}],"collection":[{"href":"https:\/\/www.europesays.com\/fr\/wp-json\/wp\/v2\/posts"}],"about":[{"href":"https:\/\/www.europesays.com\/fr\/wp-json\/wp\/v2\/types\/post"}],"author":[{"embeddable":true,"href":"https:\/\/www.europesays.com\/fr\/wp-json\/wp\/v2\/users\/2"}],"replies":[{"embeddable":true,"href":"https:\/\/www.europesays.com\/fr\/wp-json\/wp\/v2\/comments?post=295553"}],"version-history":[{"count":0,"href":"https:\/\/www.europesays.com\/fr\/wp-json\/wp\/v2\/posts\/295553\/revisions"}],"wp:featuredmedia":[{"embeddable":true,"href":"https:\/\/www.europesays.com\/fr\/wp-json\/wp\/v2\/media\/295554"}],"wp:attachment":[{"href":"https:\/\/www.europesays.com\/fr\/wp-json\/wp\/v2\/media?parent=295553"}],"wp:term":[{"taxonomy":"category","embeddable":true,"href":"https:\/\/www.europesays.com\/fr\/wp-json\/wp\/v2\/categories?post=295553"},{"taxonomy":"post_tag","embeddable":true,"href":"https:\/\/www.europesays.com\/fr\/wp-json\/wp\/v2\/tags?post=295553"}],"curies":[{"name":"wp","href":"https:\/\/api.w.org\/{rel}","templated":true}]}}