{"id":295561,"date":"2025-08-04T10:57:12","date_gmt":"2025-08-04T10:57:12","guid":{"rendered":"https:\/\/www.europesays.com\/fr\/295561\/"},"modified":"2025-08-04T10:57:12","modified_gmt":"2025-08-04T10:57:12","slug":"qui-veut-decouvrir-lextraction-de-miel-une-recolte-ouverte-a-tous-au-nord-de-nantes","status":"publish","type":"post","link":"https:\/\/www.europesays.com\/fr\/295561\/","title":{"rendered":"Qui veut d\u00e9couvrir l\u2019extraction de miel\u00a0? Une r\u00e9colte ouverte \u00e0 tous au nord de Nantes"},"content":{"rendered":"<p>Depuis plusieurs ann\u00e9es, la commune de <a href=\"https:\/\/nantes.maville.com\/pays-de-la-loire\/loire-atlantique\/sautron\/\" target=\"_blank\" rel=\"noopener\">Sautron <\/a>a fait le choix d\u2019installer des ruches sur un terrain d\u2019\u00e9cop\u00e2turage. La r\u00e9colte estivale du miel approche et s\u2019annonce tr\u00e8s bonne.<\/p>\n<p><strong>?? \u00c0 lire aussi : <\/strong> <a href=\"https:\/\/nantes.maville.com\/actu\/actudet_-lenny-bihore-l-apiculteur-qui-s-occupe-des-abeilles-en-ville-_8-6912260_actu.Htm\" target=\"_blank\" rel=\"noopener\">Cet apiculteur s\u2019occupe des abeilles en ville au sud de Nantes<\/a><\/p>\n<p>Des b\u00e9n\u00e9voles sont charg\u00e9s du bon entretien de quatre ruches<\/p>\n<p>Dans le cadre du Sautron D\u00e9veloppement durable 2030 et de son action pour la pr\u00e9servation de la biodiversit\u00e9, la ville de Sautron a pass\u00e9 une convention avec le centre d\u2019\u00e9tudes technique apicole (CETA). Toute l\u2019ann\u00e9e, des b\u00e9n\u00e9voles sont ainsi charg\u00e9s du bon entretien des quatre ruches et de leurs nombreuses habitantes. Le miel est ensuite r\u00e9cup\u00e9r\u00e9 par la ville pour \u00eatre offert lors de diff\u00e9rents \u00e9v\u00e8nements. Lors de cette r\u00e9colte estivale 2025, la ville de Sautron propose aux Sautronnais de venir participer \u00e0 l\u2019extraction du miel et de visiter la miellerie du CETA le mardi 12\u00a0ao\u00fbt, \u00e0 14\u00a0h. L\u2019occasion de d\u00e9couvrir les coulisses de la r\u00e9colte, du cadre \u00e0 l\u2019extraction et d\u00e9guster un miel tout juste extrait.<\/p>\n<p>\u00c0 l\u2019issue de l\u2019apr\u00e8s-midi, chaque visiteur se verra offrir un \u00e9chantillon de miel r\u00e9colt\u00e9.<\/p>\n<p>??? Pratique. Inscription obligatoire aupr\u00e8s de CETA par mail \u00e0 resea@ceta44.fr \u2013 5, rue de la Syonni\u00e8re \u2013 Saint-Herblain \u2013 proche du lyc\u00e9e Jules Rieffel<\/p>\n<p>\u00a0<\/p>\n","protected":false},"excerpt":{"rendered":"Depuis plusieurs ann\u00e9es, la commune de Sautron a fait le choix d\u2019installer des ruches sur un terrain d\u2019\u00e9cop\u00e2turage.&hellip;\n","protected":false},"author":2,"featured_media":295562,"comment_status":"","ping_status":"","sticky":false,"template":"","format":"standard","meta":{"footnotes":""},"categories":[2818],"tags":[1111,11,3979,1777,674,43565,1011,27,34048,766,12,1308,12884,2636,43566,25],"class_list":{"0":"post-295561","1":"post","2":"type-post","3":"status-publish","4":"format-standard","5":"has-post-thumbnail","7":"category-nantes","8":"tag-actu","9":"tag-actualites","10":"tag-decouvrir","11":"tag-eu","12":"tag-europe","13":"tag-extraction","14":"tag-fr","15":"tag-france","16":"tag-miel","17":"tag-nantes","18":"tag-news","19":"tag-nord","20":"tag-ouverte","21":"tag-pays-de-la-loire","22":"tag-recolte","23":"tag-republique-francaise"},"share_on_mastodon":{"url":"https:\/\/pubeurope.com\/@fr\/114970141901005537","error":""},"_links":{"self":[{"href":"https:\/\/www.europesays.com\/fr\/wp-json\/wp\/v2\/posts\/295561","targetHints":{"allow":["GET"]}}],"collection":[{"href":"https:\/\/www.europesays.com\/fr\/wp-json\/wp\/v2\/posts"}],"about":[{"href":"https:\/\/www.europesays.com\/fr\/wp-json\/wp\/v2\/types\/post"}],"author":[{"embeddable":true,"href":"https:\/\/www.europesays.com\/fr\/wp-json\/wp\/v2\/users\/2"}],"replies":[{"embeddable":true,"href":"https:\/\/www.europesays.com\/fr\/wp-json\/wp\/v2\/comments?post=295561"}],"version-history":[{"count":0,"href":"https:\/\/www.europesays.com\/fr\/wp-json\/wp\/v2\/posts\/295561\/revisions"}],"wp:featuredmedia":[{"embeddable":true,"href":"https:\/\/www.europesays.com\/fr\/wp-json\/wp\/v2\/media\/295562"}],"wp:attachment":[{"href":"https:\/\/www.europesays.com\/fr\/wp-json\/wp\/v2\/media?parent=295561"}],"wp:term":[{"taxonomy":"category","embeddable":true,"href":"https:\/\/www.europesays.com\/fr\/wp-json\/wp\/v2\/categories?post=295561"},{"taxonomy":"post_tag","embeddable":true,"href":"https:\/\/www.europesays.com\/fr\/wp-json\/wp\/v2\/tags?post=295561"}],"curies":[{"name":"wp","href":"https:\/\/api.w.org\/{rel}","templated":true}]}}