{"id":295565,"date":"2025-08-04T10:59:13","date_gmt":"2025-08-04T10:59:13","guid":{"rendered":"https:\/\/www.europesays.com\/fr\/295565\/"},"modified":"2025-08-04T10:59:13","modified_gmt":"2025-08-04T10:59:13","slug":"a-bordeaux-ces-travaux-vont-perturber-la-circulation-pendant-huit-mois","status":"publish","type":"post","link":"https:\/\/www.europesays.com\/fr\/295565\/","title":{"rendered":"\u00c0 Bordeaux, ces travaux vont perturber la circulation pendant huit mois"},"content":{"rendered":"<p>            Par<br \/>\n        <strong><br \/>\n            <a href=\"https:\/\/actu.fr\/auteur\/redaction-bordeaux\" title=\"Consulter tous les articles de R\u00e9daction Bordeaux\" target=\"_blank\" rel=\"noopener\">R\u00e9daction Bordeaux<\/a><br \/>\n        <\/strong><\/p>\n<p>        Publi\u00e9 le<\/p>\n<p>            4 ao\u00fbt 2025 \u00e0 12h14        <\/p>\n<p>Ce lundi 4 ao\u00fbt 2025, un nouveau chantier est lanc\u00e9 <a href=\"https:\/\/actu.fr\/bordeaux\/\" target=\"_blank\" rel=\"noopener\">\u00e0 Bordeaux.<\/a> Pendant huit mois, la <strong>circulation sera modifi\u00e9e<\/strong> sur le cours de la Lib\u00e9ration et la rue du Tondu pour la cr\u00e9ation d\u2019une piste cyclable. Attention aux sens uniques, stationnements supprim\u00e9s et d\u00e9viations.\u00a0<\/p>\n<p class=\" wall-content\">Le premi\u00e8re phase de travaux a lieu \u00e0 partir de ce lundi et jusqu\u2019au samedi 4 octobre. Pendant deux mois, <strong>la rue du Tondu sera enti\u00e8rement ferm\u00e9e<\/strong> entre le cours d\u2019Albret et le cours de la Lib\u00e9ration.<\/p>\n<p class=\" wall-content\">\u00ab\u00a0Il est fortement recommand\u00e9 <strong>d\u2019\u00e9viter le secteur<\/strong> pendant toute la dur\u00e9e des travaux et d\u2019emprunter les itin\u00e9raires de d\u00e9viation balis\u00e9s\u00a0\u00bb, conseille Bordeaux M\u00e9tropole aux automobilistes.\u00a0<\/p>\n<p>Les autres perturbations<\/p>\n<p class=\" wall-content\">D\u2019autres mesures<a href=\"https:\/\/actu.fr\/tag\/circulation\" target=\"_blank\" rel=\"noopener\"> de circulation<\/a> sont prises depuis ce lundi 4 ao\u00fbt et <strong>jusqu\u2019en mars 2026 :<\/strong><\/p>\n<ul class=\" wall-content\">\n<li>le cours de la Lib\u00e9ration passe <strong>en sens unique,<\/strong> dans le sens rue Belfort vers place de la Victoire,<\/li>\n<li>des places de stationnement sont <strong>supprim\u00e9es<\/strong> sur la rue Lacorn\u00e9e (au niveau de la base de vie du chantier) et sur le cours de la Lib\u00e9ration \u2018au droit de l\u2019emprise chantier),<\/li>\n<li>les <strong>riverains, commerces,<\/strong> entreprises et services de secours verront leur acc\u00e8s maintenu.\u00a0<\/li>\n<\/ul>\n<p>    <img   decoding=\"async\" loading=\"lazy\" src=\"https:\/\/www.europesays.com\/fr\/wp-content\/uploads\/2025\/08\/bordeaux-metropole-travaux-960x640.png\" alt=\"Le chantier du cours de la Lib\u00e9ration et de la rue du Tondu, \u00e0 Bordeaux, \u00e0 partir de ce lundi 4 ao\u00fbt 2025.\" width=\"960\" height=\"640\"\/><br \/>\n    Le chantier du cours de la Lib\u00e9ration et de la rue du Tondu, \u00e0 Bordeaux, modifie la circulation \u00e0 partir de ce lundi 4 ao\u00fbt 2025. (\u00a9Bordeaux M\u00e9tropole)<\/p>\n<p class=\" wall-content\">Ce chantier \u00ab\u00a0s\u2019inscrit dans la volont\u00e9 de <a href=\"https:\/\/actu.fr\/tag\/bordeaux-metropole\" target=\"_blank\" rel=\"noopener\">Bordeaux M\u00e9tropole<\/a> de favoriser les mobilit\u00e9s actives et <strong>d\u2019am\u00e9liorer le cadre de vie urbain\u00a0\u00bb,<\/strong> explique la collectivit\u00e9.<\/p>\n<p class=\" wall-content\">En plus de la cr\u00e9ation d\u2019une piste et d\u2019une bande cyclable continue, il permettra la requalification des trottoirs et de la voirie, <strong>la v\u00e9g\u00e9talisation<\/strong> du cours et le r\u00e9am\u00e9nagement de deux arr\u00eats de bus.<\/p>\n<p class=\" wall-content\">Suivez toute l\u2019actualit\u00e9 de vos villes et m\u00e9dias favoris en vous inscrivant \u00e0 <a href=\"https:\/\/moncompte.actu.fr\" title=\"D\u00e9couvez Mon Actu\" rel=\"nofollow noopener\" data-trk=\"{&quot;cta&quot;:{&quot;action&quot;:&quot;https:\\\/\\\/moncompte.actu.fr&quot;,&quot;category&quot;:&quot;mon compte&quot;,&quot;from&quot;:&quot;article footer&quot;,&quot;name&quot;:&quot;Mon actu&quot;,&quot;type&quot;:&quot;cta&quot;}}\" target=\"_blank\">Mon Actu<\/a>.<\/p>\n","protected":false},"excerpt":{"rendered":"Par R\u00e9daction Bordeaux Publi\u00e9 le 4 ao\u00fbt 2025 \u00e0 12h14 Ce lundi 4 ao\u00fbt 2025, un nouveau chantier&hellip;\n","protected":false},"author":2,"featured_media":295566,"comment_status":"","ping_status":"","sticky":false,"template":"","format":"standard","meta":{"footnotes":""},"categories":[2817],"tags":[1111,11,1997,3542,1777,674,1011,27,12,2219,4798,25,104,2086],"class_list":{"0":"post-295565","1":"post","2":"type-post","3":"status-publish","4":"format-standard","5":"has-post-thumbnail","7":"category-bordeaux","8":"tag-actu","9":"tag-actualites","10":"tag-bordeaux","11":"tag-circulation","12":"tag-eu","13":"tag-europe","14":"tag-fr","15":"tag-france","16":"tag-news","17":"tag-nouvelle-aquitaine","18":"tag-pistes-cyclables","19":"tag-republique-francaise","20":"tag-societe","21":"tag-travaux"},"share_on_mastodon":{"url":"https:\/\/pubeurope.com\/@fr\/114970149837293049","error":""},"_links":{"self":[{"href":"https:\/\/www.europesays.com\/fr\/wp-json\/wp\/v2\/posts\/295565","targetHints":{"allow":["GET"]}}],"collection":[{"href":"https:\/\/www.europesays.com\/fr\/wp-json\/wp\/v2\/posts"}],"about":[{"href":"https:\/\/www.europesays.com\/fr\/wp-json\/wp\/v2\/types\/post"}],"author":[{"embeddable":true,"href":"https:\/\/www.europesays.com\/fr\/wp-json\/wp\/v2\/users\/2"}],"replies":[{"embeddable":true,"href":"https:\/\/www.europesays.com\/fr\/wp-json\/wp\/v2\/comments?post=295565"}],"version-history":[{"count":0,"href":"https:\/\/www.europesays.com\/fr\/wp-json\/wp\/v2\/posts\/295565\/revisions"}],"wp:featuredmedia":[{"embeddable":true,"href":"https:\/\/www.europesays.com\/fr\/wp-json\/wp\/v2\/media\/295566"}],"wp:attachment":[{"href":"https:\/\/www.europesays.com\/fr\/wp-json\/wp\/v2\/media?parent=295565"}],"wp:term":[{"taxonomy":"category","embeddable":true,"href":"https:\/\/www.europesays.com\/fr\/wp-json\/wp\/v2\/categories?post=295565"},{"taxonomy":"post_tag","embeddable":true,"href":"https:\/\/www.europesays.com\/fr\/wp-json\/wp\/v2\/tags?post=295565"}],"curies":[{"name":"wp","href":"https:\/\/api.w.org\/{rel}","templated":true}]}}