{"id":295587,"date":"2025-08-04T11:11:10","date_gmt":"2025-08-04T11:11:10","guid":{"rendered":"https:\/\/www.europesays.com\/fr\/295587\/"},"modified":"2025-08-04T11:11:10","modified_gmt":"2025-08-04T11:11:10","slug":"je-pourrais-etre-elu-president-de-la-republique","status":"publish","type":"post","link":"https:\/\/www.europesays.com\/fr\/295587\/","title":{"rendered":"Je pourrais \u00eatre \u00e9lu pr\u00e9sident de la R\u00e9publique"},"content":{"rendered":"<p class=\"article__intro\">Une semaine apr\u00e8s la pol\u00e9mique survenue dans un camping naturiste du Cap d\u2019Agde, Patrick S\u00e9bastien faisait partie des nombreux artistes \u00e0 se produire dans le cadre de la soir\u00e9e \u00ab\u00a0La FAV d\u00e9raille\u00a0\u00bb. Le public ne semble pas lui en vouloir\u00a0: le chanteur des Sardines a \u00e9t\u00e9 acclam\u00e9 sur sc\u00e8ne.<\/p>\n<p>\n      L\u2019actu des r\u00e9gions\n    <\/p>\n<p>\n      Chaque jour, un tour d\u2019horizon des principales infos de toutes les r\u00e9gions.\n    <\/p>\n<p>    France T\u00e9l\u00e9visions utilise votre adresse e-mail afin de vous envoyer la newsletter \u00ab\u00a0L\u2019actu des r\u00e9gions\u00a0\u00bb. Vous pouvez vous d\u00e9sinscrire \u00e0 tout moment via le lien en bas de cette newsletter. <a target=\"_blank\" href=\"https:\/\/www.francetelevisions.fr\/groupe\/confidentialite\/politique-de-confidentialite\/politique-de-confidentialite-de-france-televisions-6503\" rel=\"nofollow noopener\">Notre politique de confidentialit\u00e9<\/a><\/p>\n<p>\u00ab\u00a0Je pourrais \u00eatre \u00e9lu pr\u00e9sident de la R\u00e9publique\u00a0\u00bb : voil\u00e0 comment Patrick S\u00e9bastien r\u00e9agit face au public en feu dans le th\u00e9\u00e2tre de plein air pour la grande soir\u00e9e de cl\u00f4ture festive de <a href=\"https:\/\/www.foire-colmar.com\/fr\/le-festival\/concert\/la-fav-deraille-edition-2\" target=\"_blank\" rel=\"noopener nofollow\">\u00ab\u00a0la FAV d\u00e9raille\u00a0\u00bb<\/a>. \u00ab\u00a0Patoche pr\u00e9sident ! Patoche pr\u00e9sident !\u00a0\u00bb,\u00a0r\u00e9pond la foule. Les spectateurs sont tous d\u00e9guis\u00e9s et en grande forme pour venir reprendre en ch\u0153ur les tubes qui nous ont fait danser en soir\u00e9e avec leurs interpr\u00e8tes.<\/p>\n<p>\u00c0 l\u2019applaudim\u00e8tre, force est de reconna\u00eetre que l\u2019ancien animateur de t\u00e9l\u00e9vision fait un carton. Le public ne semble donc pas le bouder, malgr\u00e9 la pol\u00e9mique survenue quelques jours plus t\u00f4t, le 22 juillet, dans un camping naturiste du Cap d\u2019Agde.<\/p>\n<p>Des faits rapport\u00e9s par <a href=\"https:\/\/www.mediapart.fr\/journal\/france\/290725\/au-cap-d-agde-devant-des-familles-patrick-sebastien-offre-une-fellation-en-guise-de\" target=\"_blank\" rel=\"noopener nofollow\">Mediapart<\/a>, qui \u00e9voque une fellation (simul\u00e9e ou pas) par une spectatrice, lors d\u2019un show case de Patrick S\u00e9bastien, en pr\u00e9sence d\u2019enfants parmi les spectateurs. Un acte contest\u00e9 par l\u2019artiste qui se serait dit surpris par le comportement de cette femme.<\/p>\n<p>Colmar est la premi\u00e8re date de repr\u00e9sentation de Patrick S\u00e9bastien depuis que la pol\u00e9mique a \u00e9clat\u00e9. Entre les deux, l\u2019homme qui fait tourner les serviettes s\u2019est vu <a href=\"https:\/\/france3-regions.franceinfo.fr\/provence-alpes-cote-d-azur\/alpes-de-haute-provence\/patrick-sebastien-apres-l-affaire-de-la-scene-de-fellation-dans-un-camping-je-suis-embarrasse-des-dates-de-concert-en-suspens-3196458.html\" target=\"_blank\" rel=\"noopener nofollow\">d\u00e9programm\u00e9 <\/a>du festival \u00ab\u00a0Humour et danse\u00a0\u00bb de Roquebrune-Cap-Martin (Alpes-Maritimes). Sur la sc\u00e8ne colmarienne, s\u2019il n\u2019a pas \u00e9voqu\u00e9 les faits &#8211; \u00e9vitant au passage la traditionnelle conf\u00e9rence de presse avant spectacle des artistes \u2013 il a eu ces quelques mots sur sc\u00e8ne : \u00ab\u00a0Voil\u00e0 la France que j\u2019aime ! La France qui en a marre des interdits et qui veut \u00eatre libre !\u00a0\u00bb, a-t-il clam\u00e9, faisant entonner une Marseillaise reprise en ch\u0153ur par la coquille.<\/p>\n<p>Allusion aux faits du Cap d\u2019Agde ou au grand l\u00e2cher-prise du public pour cette soir\u00e9e d\u00e9jant\u00e9e ? Aucun spectateur que nous avons rencontr\u00e9 \u00e0 Colmar n\u2019\u00e9voque la pol\u00e9mique. Une fan, d\u00e9guis\u00e9e en sardine, en a une autre lecture : \u00a0\u00bb cette soir\u00e9e nous fait revivre nos grandes soir\u00e9es des ann\u00e9es 80, quand on savait faire la f\u00eate et s\u2019amuser sans interdits.\u00a0\u00bb\u00a0<\/p>\n<p>Le prochain passage de Patrick S\u00e9bastien en Alsace est pr\u00e9vu le 18 avril 2026, \u00e0 l\u2019occasion du Fruhling Fest, \u00e0 Bischwiller (Bas-Rhin).<\/p>\n<p>                    Foire aux vins de Colmar 2025<\/p>\n<p>                        Du 25 juillet<br \/>\n                        au 3 ao\u00fbt 2025<\/p>\n<p>La 76\u1d49 Foire aux vins d&rsquo;Alsace est organis\u00e9e du 25 juillet au 3 ao\u00fbt 2025, au parc des expositions et des congr\u00e8s de Colmar (Haut-Rhin). D\u00e9couvrez les actualit\u00e9s, le programme, les concerts et toutes les infos pratiques sur l&rsquo;\u00e9v\u00e9nement, avec sur sc\u00e8ne Julien Dor\u00e9, Gazo, Pascal Obispo, Jean-Louis Aubert, Santa, Luidji, In\u00e8s Reg. De nombreux exposants et artistes sont pr\u00e9vus. Suivez jour apr\u00e8s jour cette nouvelle \u00e9dition du festival \u00e0 la riche programmation avec France 3 Alsace.<br \/>\nPhoto : @Vincent_Besserer_ColmarExpo<\/p>\n<p>                voir plus<\/p>\n<p>\t\t\t\t\t\t\t\t\t\t\t\t\t\t\t\t\t\t\t\t\t\t\t\t\t<a class=\"btn btn--primary btn--large event_redirect btn--on-white\" href=\"https:\/\/france3-regions.franceinfo.fr\/culture\/gastronomie\/vins\/foire-aux-vins-colmar\" aria-label=\"Foire aux vins de Colmar 2025. Voir la page de l\u2019\u00e9v\u00e9nement\" rel=\"nofollow noopener\" target=\"_blank\"><\/p>\n<p>              Voir la page de l\u2019\u00e9v\u00e9nement<\/p>\n<p>\t<\/a><\/p>\n","protected":false},"excerpt":{"rendered":"Une semaine apr\u00e8s la pol\u00e9mique survenue dans un camping naturiste du Cap d\u2019Agde, Patrick S\u00e9bastien faisait partie des&hellip;\n","protected":false},"author":2,"featured_media":295588,"comment_status":"","ping_status":"","sticky":false,"template":"","format":"standard","meta":{"footnotes":""},"categories":[1888],"tags":[1111,1928,11,1927,1777,674,1011,27,12,1926,626,1925,25],"class_list":{"0":"post-295587","1":"post","2":"type-post","3":"status-publish","4":"format-standard","5":"has-post-thumbnail","7":"category-paris","8":"tag-actu","9":"tag-actu-paris","10":"tag-actualites","11":"tag-actualites-paris","12":"tag-eu","13":"tag-europe","14":"tag-fr","15":"tag-france","16":"tag-news","17":"tag-news-paris","18":"tag-paris","19":"tag-paris-news","20":"tag-republique-francaise"},"share_on_mastodon":{"url":"https:\/\/pubeurope.com\/@fr\/114970197124545036","error":""},"_links":{"self":[{"href":"https:\/\/www.europesays.com\/fr\/wp-json\/wp\/v2\/posts\/295587","targetHints":{"allow":["GET"]}}],"collection":[{"href":"https:\/\/www.europesays.com\/fr\/wp-json\/wp\/v2\/posts"}],"about":[{"href":"https:\/\/www.europesays.com\/fr\/wp-json\/wp\/v2\/types\/post"}],"author":[{"embeddable":true,"href":"https:\/\/www.europesays.com\/fr\/wp-json\/wp\/v2\/users\/2"}],"replies":[{"embeddable":true,"href":"https:\/\/www.europesays.com\/fr\/wp-json\/wp\/v2\/comments?post=295587"}],"version-history":[{"count":0,"href":"https:\/\/www.europesays.com\/fr\/wp-json\/wp\/v2\/posts\/295587\/revisions"}],"wp:featuredmedia":[{"embeddable":true,"href":"https:\/\/www.europesays.com\/fr\/wp-json\/wp\/v2\/media\/295588"}],"wp:attachment":[{"href":"https:\/\/www.europesays.com\/fr\/wp-json\/wp\/v2\/media?parent=295587"}],"wp:term":[{"taxonomy":"category","embeddable":true,"href":"https:\/\/www.europesays.com\/fr\/wp-json\/wp\/v2\/categories?post=295587"},{"taxonomy":"post_tag","embeddable":true,"href":"https:\/\/www.europesays.com\/fr\/wp-json\/wp\/v2\/tags?post=295587"}],"curies":[{"name":"wp","href":"https:\/\/api.w.org\/{rel}","templated":true}]}}