{"id":295589,"date":"2025-08-04T11:12:12","date_gmt":"2025-08-04T11:12:12","guid":{"rendered":"https:\/\/www.europesays.com\/fr\/295589\/"},"modified":"2025-08-04T11:12:12","modified_gmt":"2025-08-04T11:12:12","slug":"meteo-a-paris-enfin-le-retour-de-lete-cette-semaine","status":"publish","type":"post","link":"https:\/\/www.europesays.com\/fr\/295589\/","title":{"rendered":"M\u00e9t\u00e9o \u00e0 Paris\u00a0: enfin le retour de l\u2019\u00e9t\u00e9 cette semaine"},"content":{"rendered":"<p>On attendait le<strong> retour de la chaleur <\/strong>avec impatience, il semblerait que <strong>nos v\u0153ux aient \u00e9t\u00e9 exauc\u00e9s.<\/strong> D\u00e8s ce <strong>lundi<\/strong> <strong>4<\/strong> <strong>ao\u00fbt,<\/strong> le thermom\u00e8tre va <strong>remonter en fl\u00e8che<\/strong> pour nous offrir un<strong> week-end absolument splendide<\/strong>. Le <strong><a href=\"https:\/\/www.lebonbon.fr\/paris\/news\/france-route-vers-ete-caniculaire-previsions-meteo-france\/?preview=true\" rel=\"nofollow noopener\" target=\"_blank\">programme<\/a> <a href=\"https:\/\/www.lebonbon.fr\/paris\/news\/france-route-vers-ete-caniculaire-previsions-meteo-france\/?preview=true\" rel=\"nofollow noopener\" target=\"_blank\">m\u00e9t\u00e9orologique<\/a><\/strong> de la semaine\u00a0? Un temps de plus en plus chaud au fur et \u00e0 mesure que les jours progressent. Petit conseil\u00a0: pr\u00e9parez la panoplie<strong> \u00e9ventail-casquette-brumisateur <\/strong>au plus vite.<\/p>\n<p>&#13;<br \/>\n<br \/>Un d\u00e9but de semaine en demi-teinte&#13;<\/p>\n<p>Bon, on vous avoue qu\u2019<strong>on s\u2019est un peu emball\u00e9s<\/strong>, car avant d\u2019avoir droit \u00e0<strong> un \u00e9t\u00e9 digne de ce nom <\/strong>\u00e0 partir du <strong>milieu de semaine,<\/strong> il va falloir passer par une petite<strong> zone de turbulence <\/strong>dans les prochains jours. Si le thermostat est en <strong>r\u00e9elle am\u00e9lioration<\/strong> aujourd\u2019hui, avoisinant normalement les <strong>28\u00b0C<\/strong> dans l\u2019apr\u00e8s-midi, d\u00e8s <strong>demain,<\/strong> <strong>mardi 5 ao\u00fbt<\/strong>, c\u2019est le <strong>grand retour du \u201cfroid\u201d<\/strong>, de la grisaille, et potentiellement m\u00eame de la <strong>pluie.<\/strong> Et cette m\u00e9t\u00e9o printani\u00e8re devrait se poursuivre <strong>mercredi \u00e9galement,<\/strong> puisque sur les deux jours, nous <strong>ne d\u00e9passerons pas les 24\u00b0C<\/strong>. Le <a href=\"https:\/\/www.lebonbon.fr\/paris\/loisirs\/spots-gratuits-profiter-soleil-paris\/\" rel=\"nofollow noopener\" target=\"_blank\"><strong>soleil<\/strong><\/a> devrait \u00e9galement se faire rare, histoire de <strong>nous d\u00e9primer un bon petit coup<\/strong> avant d\u2019enfin repasser \u00e0 quelque chose de mieux.<\/p>\n<p>&#13;<\/p>\n<blockquote class=\"twitter-tweet\"><p>&#13;<\/p>\n<p lang=\"fr\" dir=\"ltr\">\ud83c\udf21\ufe0fLa <a href=\"https:\/\/twitter.com\/hashtag\/chaleur?src=hash&amp;ref_src=twsrc%5Etfw\" rel=\"nofollow noopener\" target=\"_blank\">#chaleur<\/a> va faire son retour sur la <a href=\"https:\/\/twitter.com\/hashtag\/France?src=hash&amp;ref_src=twsrc%5Etfw\" rel=\"nofollow noopener\" target=\"_blank\">#France<\/a> la semaine prochaine, notamment sur le sud du pays o\u00f9 elle s&rsquo;annonce plus marqu\u00e9e et plus durable avec un risque de <a href=\"https:\/\/twitter.com\/hashtag\/canicule?src=hash&amp;ref_src=twsrc%5Etfw\" rel=\"nofollow noopener\" target=\"_blank\">#canicule<\/a> de plus en plus notable.<br \/>Plus d&rsquo;infos dans notre article &gt;&gt; <a href=\"https:\/\/t.co\/QHy9JPBLCr\" rel=\"nofollow\">https:\/\/t.co\/QHy9JPBLCr<\/a> <a href=\"https:\/\/t.co\/euPEGkp49S\" rel=\"nofollow\">pic.twitter.com\/euPEGkp49S<\/a><\/p>\n<p>&#13;<br \/>\n\u2014 Guillaume S\u00e9chet (@Meteovilles) <a href=\"https:\/\/twitter.com\/Meteovilles\/status\/1951229351057375306?ref_src=twsrc%5Etfw\" rel=\"nofollow noopener\" target=\"_blank\">August 1, 2025<\/a><\/p><\/blockquote>\n<p>&#13;<br \/>\n&#13;<br \/>\n<br \/>Un \u00e9t\u00e9 enfin l\u00e0 pour rester\u00a0?&#13;<\/p>\n<p>Heureusement, d\u00e8s jeudi, c\u2019est le<strong> grand retour du bonheur.<\/strong> Grand ciel bleu, et <strong>entre 28 et 33\u00b0 <\/strong>annonc\u00e9s<strong> tous les jours jusqu\u2019\u00e0 la fin de la semaine<\/strong>. Cependant, une question demeure. Depuis le d\u00e9but de la saison estivale,<strong> canicule et semaine de d\u00e9prime alternent sans rel\u00e2che,<\/strong> jouant l\u00e9g\u00e8rement avec nos nerfs. Ce<strong> retour du soleil<\/strong> est-il donc l\u00e0 <strong>pour durer<\/strong> ou, comme ses pr\u00e9d\u00e9cesseurs, sera-t-il <strong>un nouveau faux espoir<\/strong>\u00a0? Et bien, chers lecteurs du Bonbon, bonne nouvelle, il semblerait que cette fois-ci, <strong>ce soit la bonne<\/strong>\u00a0! En effet, pour l\u2019instant, cette <strong>m\u00e9t\u00e9o plus qu\u2019appr\u00e9ciable<\/strong> devrait <strong>durer un petit moment<\/strong>, ce qui annonce de <strong>tr\u00e8s belles vacances<\/strong> pour tous nos ao\u00fbtiens, et une <strong><a href=\"https:\/\/www.lebonbon.fr\/paris\/les-tops-spots\/terrasse-paris-meilleures-de-la-capitale-plus-belle-plus-festive-plus-grande\/\" rel=\"nofollow noopener\" target=\"_blank\">capitale fort agr\u00e9able<\/a> pour les autres<\/strong>\u00a0!<\/p>\n<p>&#13;<\/p>\n<blockquote class=\"twitter-tweet\"><p>&#13;<\/p>\n<p lang=\"fr\" dir=\"ltr\">vous avez pr\u00e9vu quoi cette semaine\u00a0? perso la m\u00e9t\u00e9o est al\u00e9atoire \u00e0 paris je sais pas si faut tout annuler \ud83d\ude14<\/p>\n<p>&#13;<br \/>\n\u2014 \u22c6\u02da\u0fd4 \ud835\udc1a\ud835\udc33\ud835\udc2b\ud835\udc1e\ud835\udc1e\ud835\udc27 \ud835\udf17\ud835\udf1a\u02da\u22c6\ud83e\udeb7 (@fairyazou) <a href=\"https:\/\/twitter.com\/fairyazou\/status\/1950070782488416675?ref_src=twsrc%5Etfw\" rel=\"nofollow noopener\" target=\"_blank\">July 29, 2025<\/a><\/p><\/blockquote>\n<p>&#13;<br \/>\n<script async src=\"https:\/\/platform.twitter.com\/widgets.js\" charset=\"utf-8\"><\/script><\/p>\n","protected":false},"excerpt":{"rendered":"On attendait le retour de la chaleur avec impatience, il semblerait que nos v\u0153ux aient \u00e9t\u00e9 exauc\u00e9s. D\u00e8s&hellip;\n","protected":false},"author":2,"featured_media":295590,"comment_status":"","ping_status":"","sticky":false,"template":"","format":"standard","meta":{"footnotes":""},"categories":[1888],"tags":[1111,1928,11,1927,1777,674,1011,27,12,1926,626,1925,25],"class_list":{"0":"post-295589","1":"post","2":"type-post","3":"status-publish","4":"format-standard","5":"has-post-thumbnail","7":"category-paris","8":"tag-actu","9":"tag-actu-paris","10":"tag-actualites","11":"tag-actualites-paris","12":"tag-eu","13":"tag-europe","14":"tag-fr","15":"tag-france","16":"tag-news","17":"tag-news-paris","18":"tag-paris","19":"tag-paris-news","20":"tag-republique-francaise"},"share_on_mastodon":{"url":"https:\/\/pubeurope.com\/@fr\/114970200938314584","error":""},"_links":{"self":[{"href":"https:\/\/www.europesays.com\/fr\/wp-json\/wp\/v2\/posts\/295589","targetHints":{"allow":["GET"]}}],"collection":[{"href":"https:\/\/www.europesays.com\/fr\/wp-json\/wp\/v2\/posts"}],"about":[{"href":"https:\/\/www.europesays.com\/fr\/wp-json\/wp\/v2\/types\/post"}],"author":[{"embeddable":true,"href":"https:\/\/www.europesays.com\/fr\/wp-json\/wp\/v2\/users\/2"}],"replies":[{"embeddable":true,"href":"https:\/\/www.europesays.com\/fr\/wp-json\/wp\/v2\/comments?post=295589"}],"version-history":[{"count":0,"href":"https:\/\/www.europesays.com\/fr\/wp-json\/wp\/v2\/posts\/295589\/revisions"}],"wp:featuredmedia":[{"embeddable":true,"href":"https:\/\/www.europesays.com\/fr\/wp-json\/wp\/v2\/media\/295590"}],"wp:attachment":[{"href":"https:\/\/www.europesays.com\/fr\/wp-json\/wp\/v2\/media?parent=295589"}],"wp:term":[{"taxonomy":"category","embeddable":true,"href":"https:\/\/www.europesays.com\/fr\/wp-json\/wp\/v2\/categories?post=295589"},{"taxonomy":"post_tag","embeddable":true,"href":"https:\/\/www.europesays.com\/fr\/wp-json\/wp\/v2\/tags?post=295589"}],"curies":[{"name":"wp","href":"https:\/\/api.w.org\/{rel}","templated":true}]}}