{"id":295595,"date":"2025-08-04T11:15:11","date_gmt":"2025-08-04T11:15:11","guid":{"rendered":"https:\/\/www.europesays.com\/fr\/295595\/"},"modified":"2025-08-04T11:15:11","modified_gmt":"2025-08-04T11:15:11","slug":"sous-marins-americains-la-russie-appelle-a-faire-preuve-dune-grande-prudence-actualites","status":"publish","type":"post","link":"https:\/\/www.europesays.com\/fr\/295595\/","title":{"rendered":"Sous-marins am\u00e9ricains : la Russie appelle \u00e0 faire preuve d\u2019une \u00ab\u00a0grande prudence\u00a0\u00bb : Actualit\u00e9s"},"content":{"rendered":"<p class=\"lead \"><strong>Lundi 4 ao\u00fbt, le Kremlin a r\u00e9agi au d\u00e9ploiement de deux sous-marins nucl\u00e9aires am\u00e9ricains en sugg\u00e9rant \u00ab\u00a0une grande prudence\u00a0\u00bb concernant le sujet du nucl\u00e9aire.<\/strong><\/p>\n<p class=\"lead \">Trois jours apr\u00e8s l\u2019annonce du d\u00e9ploiement de deux sous-marins nucl\u00e9aires am\u00e9ricains par <a href=\"https:\/\/actu.orange.fr\/monde\/guerre-en-ukraine-donald-trump-envoie-son-emissaire-steve-witkoff-en-russie-magic-CNT000002jRkz9.html\" rel=\"nofollow noopener\" target=\"_blank\">Donald Trump<\/a>, la Russie temp\u00e8re publiquement lundi 4 ao\u00fbt, rapporte l\u2019AFP, cit\u00e9e par <a href=\"https:\/\/www.bfmtv.com\/international\/asie\/russie\/menace-nucleaire-le-kremlin-appelle-a-la-prudence-apres-le-deploiement-de-deux-sous-marins-americains_AD-202508040242.html\" target=\"_blank\" rel=\"nofollow noopener\">BFM TV<\/a>. \u00ab\u00a0Nous pensons que tout le monde doit faire preuve d&rsquo;une grande prudence dans ses d\u00e9clarations sur le nucl\u00e9aire\u00a0\u00bb, a ainsi d\u00e9clar\u00e9 Dmitri Peskov, porte-parole du gouvernement russe.<\/p>\n<p class=\"lead \">L\u2019initiative du locataire de la Maison-Blanche \u00e9tait survenue le 1er ao\u00fbt dernier en r\u00e9ponse aux propos tenus par l\u2019ancien pr\u00e9sident russe Dmitri Medvedev, jug\u00e9s provocateurs. Donald Trump avait pr\u00e9c\u00e9demment lanc\u00e9 un ultimatum au Kremlin, qui a jusqu\u2019au 8 ao\u00fbt pour mettre un terme \u00e0 son offensive en Ukraine par un cessez-le-feu.<\/p>\n<p>                                                                                                Des tensions mais des pr\u00e9cautions<\/p>\n<p class=\"lead \">Selon Dmitri Peskov, les sous-marins d\u00e9ploy\u00e9s par le pr\u00e9sident am\u00e9ricain \u00e9taient \u00ab\u00a0d\u00e9j\u00e0 en service\u00a0\u00bb de fa\u00e7on continue au moment de son annonce choc. \u00ab\u00a0Nous ne souhaitons pas nous laisser entra\u00eener dans une telle pol\u00e9mique\u00a0\u00bb, a-t-il ainsi poursuivi. Malgr\u00e9 le climat de tension qui r\u00e8gne entre les deux superpuissances, Steve Witkoff, l\u2019\u00e9missaire de Donald Trump, devrait se rendre en Russie \u00ab\u00a0la semaine prochaine, mercredi ou jeudi\u00a0\u00bb, d\u2019apr\u00e8s ce dernier.<\/p>\n<p class=\"lead \">Une visite \u00ab\u00a0importante et utile\u00a0\u00bb d\u2019apr\u00e8s le gouvernement russe, \u00e9galement salu\u00e9e lundi 4 ao\u00fbt par son porte-parole. \u00ab\u00a0Nous sommes toujours heureux de voir M. Witkoff \u00e0 Moscou et toujours ravis d&rsquo;\u00eatre en contact avec lui. Nous pensons que ces contacts sont importants, constructifs et utiles\u00a0\u00bb, a conclu Dmitri Peskov.<\/p>\n<p class=\"small font-weight-bold text-gray3 \"> publi\u00e9 le 4 ao\u00fbt \u00e0 13h00, Ma\u00ebl Narpon, 6Medias<\/p>\n<p>                             Partager<\/p>\n","protected":false},"excerpt":{"rendered":"Lundi 4 ao\u00fbt, le Kremlin a r\u00e9agi au d\u00e9ploiement de deux sous-marins nucl\u00e9aires am\u00e9ricains en sugg\u00e9rant \u00ab\u00a0une grande&hellip;\n","protected":false},"author":2,"featured_media":295596,"comment_status":"","ping_status":"","sticky":false,"template":"","format":"standard","meta":{"footnotes":""},"categories":[1591],"tags":[11,1887,12,1885,1886,132],"class_list":{"0":"post-295595","1":"post","2":"type-post","3":"status-publish","4":"format-standard","5":"has-post-thumbnail","7":"category-russie","8":"tag-actualites","9":"tag-federation-de-russie","10":"tag-news","11":"tag-russia","12":"tag-russian-federation","13":"tag-russie"},"share_on_mastodon":{"url":"https:\/\/pubeurope.com\/@fr\/114970212688386497","error":""},"_links":{"self":[{"href":"https:\/\/www.europesays.com\/fr\/wp-json\/wp\/v2\/posts\/295595","targetHints":{"allow":["GET"]}}],"collection":[{"href":"https:\/\/www.europesays.com\/fr\/wp-json\/wp\/v2\/posts"}],"about":[{"href":"https:\/\/www.europesays.com\/fr\/wp-json\/wp\/v2\/types\/post"}],"author":[{"embeddable":true,"href":"https:\/\/www.europesays.com\/fr\/wp-json\/wp\/v2\/users\/2"}],"replies":[{"embeddable":true,"href":"https:\/\/www.europesays.com\/fr\/wp-json\/wp\/v2\/comments?post=295595"}],"version-history":[{"count":0,"href":"https:\/\/www.europesays.com\/fr\/wp-json\/wp\/v2\/posts\/295595\/revisions"}],"wp:featuredmedia":[{"embeddable":true,"href":"https:\/\/www.europesays.com\/fr\/wp-json\/wp\/v2\/media\/295596"}],"wp:attachment":[{"href":"https:\/\/www.europesays.com\/fr\/wp-json\/wp\/v2\/media?parent=295595"}],"wp:term":[{"taxonomy":"category","embeddable":true,"href":"https:\/\/www.europesays.com\/fr\/wp-json\/wp\/v2\/categories?post=295595"},{"taxonomy":"post_tag","embeddable":true,"href":"https:\/\/www.europesays.com\/fr\/wp-json\/wp\/v2\/tags?post=295595"}],"curies":[{"name":"wp","href":"https:\/\/api.w.org\/{rel}","templated":true}]}}