{"id":295599,"date":"2025-08-04T11:17:23","date_gmt":"2025-08-04T11:17:23","guid":{"rendered":"https:\/\/www.europesays.com\/fr\/295599\/"},"modified":"2025-08-04T11:17:23","modified_gmt":"2025-08-04T11:17:23","slug":"pourquoi-le-film-fait-il-un-flop-aux-etats-unis","status":"publish","type":"post","link":"https:\/\/www.europesays.com\/fr\/295599\/","title":{"rendered":"pourquoi le film fait-il un flop aux \u00c9tats-Unis ?"},"content":{"rendered":"<p>Attendu comme le point de bascule d\u2019une nouvelle phase pour Marvel, Les quatre fantastiques : premiers pas signe plut\u00f4t l\u2019essoufflement d\u2019une formule qui ne s\u00e9duit plus vraiment le public am\u00e9ricain.<\/p>\n<p>Marvel en r\u00eavait comme d\u2019un nouveau d\u00e9part. <a href=\"https:\/\/leclaireur.fnac.com\/article\/612102-les-4-fantastiques-premiers-pas-que-vaut-le-nouveau-marvel-notre-avis\/\" target=\"_blank\" rel=\"noreferrer noopener\">Les quatre fantastiques : premiers pas<\/a> devait ouvrir la phase 6 du <a href=\"https:\/\/www.fnac.com\/Marvel-Universe\/si8160\" target=\"_blank\" rel=\"noreferrer noopener\">MCU<\/a> avec \u00e9clat, r\u00e9introduire la \u00ab\u00a0premi\u00e8re famille\u00a0\u00bb de la maison des id\u00e9es et panser les plaies des r\u00e9cents revers du studio. Pourtant, le film de Matt Shakman, salu\u00e9 pour sa r\u00e9alisation originale et <a href=\"https:\/\/leclaireur.fnac.com\/article\/611025-les-quatre-fantastiques-les-acteurs-se-confient-sur-le-film-et-le-tournage\/\" target=\"_blank\" rel=\"noreferrer noopener\">son casting<\/a> quatre \u00e9toiles (<a href=\"https:\/\/leclaireur.fnac.com\/selection\/cp60480-comment-pedro-pascal-a-mis-le-monde-a-ses-pieds\/\" target=\"_blank\" rel=\"noreferrer noopener\">Pedro Pascal<\/a>, Vanessa Kirby, Joseph Quinn, Ebon Moss-Bachrach), ne semble pas avoir tenu ses promesses de l\u2019autre c\u00f4t\u00e9 de l\u2019Atlantique.<\/p>\n<p>Un record en trompe-l\u2019\u0153il<\/p>\n<p>Avec 117,6 millions de dollars engrang\u00e9s lors de son week-end d\u2019ouverture, <a href=\"https:\/\/www.fnac.com\/video.asp\" target=\"_blank\" rel=\"noreferrer noopener\">le film<\/a> r\u00e9alise le meilleur lancement am\u00e9ricain d\u2019un Marvel non affili\u00e9 aux Avengers depuis <a href=\"https:\/\/leclaireur.fnac.com\/article\/187742-black-panther-2-wakanda-forever-le-deuil-facon-marvel\/\" target=\"_blank\" rel=\"noreferrer noopener\">Black Panther<\/a>. Mais ce triomphe apparent s\u2019effondre d\u00e8s la deuxi\u00e8me semaine, avec une d\u00e9gringolade de \u2013 66\u202f%. <\/p>\n<p>Malgr\u00e9 les critiques positives et l\u2019absence de concurrence directe, Premiers pas peine \u00e0 d\u00e9passer les 200 millions aux \u00c9tats-Unis apr\u00e8s deux semaines, selon <a href=\"https:\/\/www.premiere.fr\/Cinema\/News-Cinema\/Un-crash-inattendu-pour-Les-Quatre-Fantastiques-au-box-office-US\" target=\"_blank\" rel=\"noreferrer noopener nofollow\">Premiere<\/a>. Le march\u00e9 domestique ne repr\u00e9sente que 53 % des recettes mondiales.<\/p>\n<p><img fetchpriority=\"high\" decoding=\"async\" width=\"1000\" height=\"667\" src=\"https:\/\/www.europesays.com\/fr\/wp-content\/uploads\/2025\/08\/les-4-fantastiques.jpeg\" alt=\"\" class=\"wp-image-611032\"  \/>Ebon Moss-Bachrach dans Les quatre fantastiques. \u00a920th Century Studios\/Marvel<\/p>\n<p>L\u2019une des forces historiques du MCU \u2013 l\u2019interconnexion \u2013 fait ici d\u00e9faut. Le long-m\u00e9trage est pens\u00e9 comme une porte d\u2019entr\u00e9e autonome, sans lien imm\u00e9diat avec les Avengers ou les grands arcs narratifs du moment. Un choix assum\u00e9 par Kevin Feige (le pr\u00e9sident des studios Marvel), pr\u00e9cise un article de <a href=\"https:\/\/variety.com\/2025\/film\/box-office\/fantastic-four-box-office-ended-marvel-slump-1236471537\/\" target=\"_blank\" rel=\"noreferrer noopener nofollow\">Variety<\/a>. Mais cette strat\u00e9gie se heurte \u00e0 un public qui attend d\u00e9sormais plus qu\u2019un simple r\u00e9cit isol\u00e9\u202f: une direction claire, une promesse d\u2019encha\u00eenement.<\/p>\n<p>Un mod\u00e8le en perte de traction<\/p>\n<p>L\u2019\u00e9chec ne tient pas tant \u00e0 la qualit\u00e9 du film qu\u2019\u00e0 son absence de retentissement. Contrairement aux productions pr\u00e9c\u00e9dentes, Premiers pas ne g\u00e9n\u00e8re ni engouement culturel, ni ph\u00e9nom\u00e8ne d\u2019identification. Un constat qui, dans un univers comme celui du MCU, peut peser plus lourd qu\u2019un score d\u2019ouverture.<\/p>\n<p><img loading=\"lazy\" decoding=\"async\" width=\"800\" height=\"450\" src=\"https:\/\/www.europesays.com\/fr\/wp-content\/uploads\/2025\/08\/superman-2.webp.webp\" alt=\"\" class=\"wp-image-560922\"  \/>David Corenswet dans Superman.\u00a9Warner Bros.<\/p>\n<p>Le timing n\u2019a pas aid\u00e9. Lanc\u00e9 dans le sillage du <a href=\"https:\/\/leclaireur.fnac.com\/article\/608632-superman-que-vaut-vraiment-le-film-de-james-gunn-notre-avis\/\" target=\"_blank\" rel=\"noreferrer noopener\">Superman<\/a> de James Gunn \u2013 pl\u00e9biscit\u00e9 par la critique et en passe de franchir les 600 millions de dollars \u2013, le long-m\u00e9trage souffre d\u2019un d\u00e9ficit d\u2019aura, l\u00e0 o\u00f9 DC capitalise sur une mythologie forte et une relecture audacieuse.<\/p>\n<p>Streaming et d\u00e9sengagement<\/p>\n<p>Autre faiblesse structurelle : la politique de diffusion. Avec une mise en ligne pr\u00e9vue sous 45 jours sur Disney+, la perspective d\u2019un visionnage rapide \u00e0 domicile freine la fr\u00e9quentation. Comme le souligne le site <a href=\"https:\/\/comicbook.com\/movies\/news\/the-fantastic-four-first-steps-big-weekend-drop-avengers-doomsday\/\" target=\"_blank\" rel=\"noreferrer noopener nofollow\">Comic Book<\/a>, l\u2019\u00e9cosyst\u00e8me Marvel incite \u00e0 attendre plut\u00f4t qu\u2019\u00e0 se d\u00e9placer.<\/p>\n<p>\u00c0 travers ce semi-revers, c\u2019est la strat\u00e9gie du studio qui se trouve remise en cause. Les quatre fantastiques devait initier une nouvelle \u00e8re ; il confirme surtout que Marvel ne peut plus se reposer sur sa seule marque pour remplir les salles.<\/p>\n<p><strong class=\"small\">En stock<\/strong><\/p>\n<p>        Acheter sur Fnac.com<\/p>\n","protected":false},"excerpt":{"rendered":"Attendu comme le point de bascule d\u2019une nouvelle phase pour Marvel, Les quatre fantastiques : premiers pas signe&hellip;\n","protected":false},"author":2,"featured_media":295600,"comment_status":"","ping_status":"","sticky":false,"template":"","format":"standard","meta":{"footnotes":""},"categories":[1589],"tags":[11,11320,43569,73,1866,2135,43570,11224,12,10167,1864,1865,1863,308],"class_list":{"0":"post-295599","1":"post","2":"type-post","3":"status-publish","4":"format-standard","5":"has-post-thumbnail","7":"category-etats-unis","8":"tag-actualites","9":"tag-avengers","10":"tag-black-panther","11":"tag-etats-unis","12":"tag-etats-unis-damerique","13":"tag-marvel","14":"tag-marvel-universe","15":"tag-mcu","16":"tag-news","17":"tag-pedro-pascal","18":"tag-united-states","19":"tag-united-states-of-america","20":"tag-us","21":"tag-usa"},"share_on_mastodon":{"url":"https:\/\/pubeurope.com\/@fr\/114970220690952195","error":""},"_links":{"self":[{"href":"https:\/\/www.europesays.com\/fr\/wp-json\/wp\/v2\/posts\/295599","targetHints":{"allow":["GET"]}}],"collection":[{"href":"https:\/\/www.europesays.com\/fr\/wp-json\/wp\/v2\/posts"}],"about":[{"href":"https:\/\/www.europesays.com\/fr\/wp-json\/wp\/v2\/types\/post"}],"author":[{"embeddable":true,"href":"https:\/\/www.europesays.com\/fr\/wp-json\/wp\/v2\/users\/2"}],"replies":[{"embeddable":true,"href":"https:\/\/www.europesays.com\/fr\/wp-json\/wp\/v2\/comments?post=295599"}],"version-history":[{"count":0,"href":"https:\/\/www.europesays.com\/fr\/wp-json\/wp\/v2\/posts\/295599\/revisions"}],"wp:featuredmedia":[{"embeddable":true,"href":"https:\/\/www.europesays.com\/fr\/wp-json\/wp\/v2\/media\/295600"}],"wp:attachment":[{"href":"https:\/\/www.europesays.com\/fr\/wp-json\/wp\/v2\/media?parent=295599"}],"wp:term":[{"taxonomy":"category","embeddable":true,"href":"https:\/\/www.europesays.com\/fr\/wp-json\/wp\/v2\/categories?post=295599"},{"taxonomy":"post_tag","embeddable":true,"href":"https:\/\/www.europesays.com\/fr\/wp-json\/wp\/v2\/tags?post=295599"}],"curies":[{"name":"wp","href":"https:\/\/api.w.org\/{rel}","templated":true}]}}