{"id":295603,"date":"2025-08-04T11:19:12","date_gmt":"2025-08-04T11:19:12","guid":{"rendered":"https:\/\/www.europesays.com\/fr\/295603\/"},"modified":"2025-08-04T11:19:12","modified_gmt":"2025-08-04T11:19:12","slug":"trois-jeunes-loups-retrouves-morts-par-balle","status":"publish","type":"post","link":"https:\/\/www.europesays.com\/fr\/295603\/","title":{"rendered":"trois jeunes loups retrouv\u00e9s morts par balle"},"content":{"rendered":"<p>Un louveteau recherch\u00e9 :  <a rel=\"noreferrer noopener nofollow\" href=\"https:\/\/www.ndr.de\/nachrichten\/mecklenburg-vorpommern\/Drei-tote-Woelfe-in-MV-entdeckt-sie-wurden-offenbar-erschossen,wolf4578.html\" target=\"_blank\">les m\u00e9dias,<\/a> un louveteau abattu a \u00e9t\u00e9 d\u00e9couvert dimanche dernier dans un champ de ma\u00efs pr\u00e8s de Pl\u00f6wen, dans le Mecklembourg-Pom\u00e9ranie occidentale.<\/p>\n<p>Selon les informations actuelles, le jeune loup a \u00e9t\u00e9 tu\u00e9 il y a quelque temps. Deux autres loups, tous deux des louveteaux, ont \u00e9t\u00e9 retrouv\u00e9s morts mardi 28 septembre dans l&rsquo;Elbe, pr\u00e8s de Boizenburg. Les trois animaux auraient \u00e9t\u00e9 bless\u00e9s par balle. On ignore encore s&rsquo;il existe un lien entre les deux incidents, la provenance des animaux sauvages et la dur\u00e9e de leur s\u00e9jour dans l&rsquo;Elbe. Les carcasses ont \u00e9t\u00e9 remises aux experts de l&rsquo;Institut Leibniz de recherche sur les zoos et la faune sauvage pour un examen plus approfondi. La police et le parquet enqu\u00eatent sur une suspicion d&rsquo;infraction \u00e0 la loi f\u00e9d\u00e9rale sur la protection de la nature.<\/p>\n<p><strong>PETA offre une r\u00e9compense<\/strong><\/p>\n<p>PETA offre une r\u00e9compense de 3\u00a0000 \u20ac pour toute information permettant de retrouver le ou les auteurs. Les t\u00e9moins sont pri\u00e9s de contacter la police et peuvent contacter l&rsquo;association de protection des animaux  <a href=\"https:\/\/wildbeimwild.com\/fr\/allemagne-trois-jeunes-loups-retrouves-morts-par-balle\/mailto:whistleblower@peta.de\" rel=\"nofollow noopener\" target=\"_blank\">par courriel<\/a> <\/p>\n<blockquote class=\"wp-block-quote is-style-default is-layout-flow wp-block-quote-is-layout-flow\">\n<p>Malheureusement, les responsables politiques, dont l&rsquo;actuelle ministre f\u00e9d\u00e9rale de l&rsquo;Agriculture, Julia Kl\u00f6ckner, alimentent les pr\u00e9jug\u00e9s contre les loups en exigeant un assouplissement de la r\u00e9glementation de la chasse. Nous devons tous accepter que les loups font partie int\u00e9grante de notre environnement naturel et qu&rsquo;ils en sont un enrichissement. La coexistence pacifique doit \u00eatre l&rsquo;objectif. Nous esp\u00e9rons que les humains ont tir\u00e9 les le\u00e7ons du pass\u00e9 et que les loups qui reviennent ne seront pas chass\u00e9s et extermin\u00e9s une seconde fois.<\/p>\n<p>Peter H\u00f6ffken, sp\u00e9cialiste chez PETA<\/p><\/blockquote>\n<p>Apr\u00e8s l&rsquo;\u00e9radication des loups en Allemagne au XIXe si\u00e8cle par des chasseurs amateurs, il a fallu plus de 100 ans pour qu&rsquo;ils se r\u00e9installent. Depuis 2000, les loups sont de nouveau pr\u00e9sents, notamment gr\u00e2ce aux mesures de protection strictes mises en place depuis 1990. On y compte actuellement 128 meutes de loups. Le loup joue un r\u00f4le important dans l&rsquo;\u00e9cosyst\u00e8me.<\/p>\n<p>L&rsquo;abattage d&rsquo;esp\u00e8ces strictement prot\u00e9g\u00e9es comme le loup ou le lynx n&rsquo;est pas une infraction anodine et peut \u00eatre puni d&rsquo;une peine pouvant aller jusqu&rsquo;\u00e0 cinq ans de prison. Les chiffres de la F\u00e9d\u00e9ration allemande pour la protection de la nature montrent que le nombre de loups morts d\u00e9couverts au cours de l&rsquo;ann\u00e9e de surveillance 2019\/2020 a presque doubl\u00e9 par rapport \u00e0 l&rsquo;ann\u00e9e pr\u00e9c\u00e9dente. Apr\u00e8s les accidents de la route, la chasse ill\u00e9gale est la deuxi\u00e8me cause de mortalit\u00e9. Sur les 126 animaux retrouv\u00e9s morts, 98 sont morts dans la circulation. Onze loups ont \u00e9t\u00e9 tu\u00e9s ill\u00e9galement\u00a0; les enqu\u00eates ont \u00e9galement r\u00e9v\u00e9l\u00e9 que sept autres animaux avaient \u00e9t\u00e9 abattus ill\u00e9galement. Les auteurs de ces actes ne sont presque jamais arr\u00eat\u00e9s. <strong>PETA demande la mise en place d&rsquo;une autorit\u00e9 d&rsquo;enqu\u00eate sp\u00e9cialis\u00e9e et ind\u00e9pendante au niveau r\u00e9gional pour enqu\u00eater sur les abattages ill\u00e9gaux d&rsquo;esp\u00e8ces prot\u00e9g\u00e9es.<\/strong><\/p>\n","protected":false},"excerpt":{"rendered":"Un louveteau recherch\u00e9 : les m\u00e9dias, un louveteau abattu a \u00e9t\u00e9 d\u00e9couvert dimanche dernier dans un champ de&hellip;\n","protected":false},"author":2,"featured_media":295604,"comment_status":"","ping_status":"","sticky":false,"template":"","format":"standard","meta":{"footnotes":""},"categories":[1587],"tags":[11,672,1804,1805,1803,1777,674,1801,12,1802],"class_list":{"0":"post-295603","1":"post","2":"type-post","3":"status-publish","4":"format-standard","5":"has-post-thumbnail","7":"category-allemagne","8":"tag-actualites","9":"tag-allemagne","10":"tag-bundesrepublik-deutschland","11":"tag-de","12":"tag-deutschland","13":"tag-eu","14":"tag-europe","15":"tag-germany","16":"tag-news","17":"tag-republique-federale-dallemagne"},"share_on_mastodon":{"url":"https:\/\/pubeurope.com\/@fr\/114970228481698946","error":""},"_links":{"self":[{"href":"https:\/\/www.europesays.com\/fr\/wp-json\/wp\/v2\/posts\/295603","targetHints":{"allow":["GET"]}}],"collection":[{"href":"https:\/\/www.europesays.com\/fr\/wp-json\/wp\/v2\/posts"}],"about":[{"href":"https:\/\/www.europesays.com\/fr\/wp-json\/wp\/v2\/types\/post"}],"author":[{"embeddable":true,"href":"https:\/\/www.europesays.com\/fr\/wp-json\/wp\/v2\/users\/2"}],"replies":[{"embeddable":true,"href":"https:\/\/www.europesays.com\/fr\/wp-json\/wp\/v2\/comments?post=295603"}],"version-history":[{"count":0,"href":"https:\/\/www.europesays.com\/fr\/wp-json\/wp\/v2\/posts\/295603\/revisions"}],"wp:featuredmedia":[{"embeddable":true,"href":"https:\/\/www.europesays.com\/fr\/wp-json\/wp\/v2\/media\/295604"}],"wp:attachment":[{"href":"https:\/\/www.europesays.com\/fr\/wp-json\/wp\/v2\/media?parent=295603"}],"wp:term":[{"taxonomy":"category","embeddable":true,"href":"https:\/\/www.europesays.com\/fr\/wp-json\/wp\/v2\/categories?post=295603"},{"taxonomy":"post_tag","embeddable":true,"href":"https:\/\/www.europesays.com\/fr\/wp-json\/wp\/v2\/tags?post=295603"}],"curies":[{"name":"wp","href":"https:\/\/api.w.org\/{rel}","templated":true}]}}