{"id":295605,"date":"2025-08-04T11:20:13","date_gmt":"2025-08-04T11:20:13","guid":{"rendered":"https:\/\/www.europesays.com\/fr\/295605\/"},"modified":"2025-08-04T11:20:13","modified_gmt":"2025-08-04T11:20:13","slug":"leurope-sourit-la-suisse-decroche-les-marches-prennent-deux-directions","status":"publish","type":"post","link":"https:\/\/www.europesays.com\/fr\/295605\/","title":{"rendered":"L&rsquo;Europe sourit, la Suisse d\u00e9croche\u00a0: les march\u00e9s prennent deux directions"},"content":{"rendered":"<p class=\"ap-StoryElement ap-StoryElement--mb ap-StoryText\">Par contre, la Bourse de <b>Zurich<\/b>, elle, reculait de plus de 2\u00a0% dans les premiers \u00e9changes, r\u00e9agissant \u00e0 l&rsquo;annonce par Washington de l&rsquo;entr\u00e9e en vigueur<a href=\"https:\/\/www.lalibre.be\/economie\/conjoncture\/2025\/08\/01\/donald-trump-durcit-le-ton-de-nouvelles-surtaxes-douanieres-imposees-a-des-dizaines-de-pays-a-partir-du-7-aout-Y4ICPPKCZBALDFKC6DKGT2PUQE\/\" target=\"_blank\" rel=\"nofollow noopener\"> d\u00e8s le 7\u00a0ao\u00fbt d&rsquo;une surtaxe de 39\u00a0%<\/a> pour les produits suisses aux \u00c9tats-Unis, davantage que pr\u00e9vu. Vers 07H02 GMT, juste apr\u00e8s l&rsquo;ouverture, l&rsquo;indice vedette suisse SMI perdait 2,18\u00a0% \u00e0 11.577,20 points. Les march\u00e9s helv\u00e8tes \u00e9taient ferm\u00e9s vendredi, pour cause de jour f\u00e9ri\u00e9, et n&rsquo;avaient donc pas encore pu r\u00e9agir \u00e0 cette annonce.<\/p>\n<p><a href=\"https:\/\/www.lalibre.be\/economie\/placements\/2025\/08\/01\/orage-sur-les-marches-mondiaux-bruxelles-limite-les-degats-H4X2H3MDDNGM7JJZKBMK2RWRYQ\/\" target=\"_blank\" rel=\"noopener noreferrer nofollow\" class=\"ap-StoryInterstitialLink ap-StoryElement ap-StoryElement--mb\">Orage sur les march\u00e9s mondiaux, Bruxelles limite les d\u00e9g\u00e2ts<\/a>Lecture optimiste<\/p>\n<p class=\"ap-StoryElement ap-StoryElement--mb ap-StoryText\">Vendredi,<a href=\"https:\/\/www.lalibre.be\/economie\/placements\/2025\/08\/01\/vendredi-noir-sur-les-marches-europeens-YVU2QCCLHVDQHM55YWTQMQALJU\/\" target=\"_blank\" rel=\"nofollow noopener\"> les indices europ\u00e9ens avaient plong\u00e9<\/a> apr\u00e8s l&rsquo;annonce d&rsquo;une hausse du taux de ch\u00f4mage en juillet aux \u00c9tats-Unis, signe, selon certains investisseurs, que la politique protectionniste de Donald Trump commence \u00e0 plomber la premi\u00e8re \u00e9conomie mondiale.<\/p>\n<p class=\"ap-StoryElement ap-StoryElement--mb ap-StoryText\">Mais d\u00e9sormais, les march\u00e9s prennent la nouvelle du bon c\u00f4t\u00e9\u00a0: ce ralentissement attendu accro\u00eet la possibilit\u00e9 que la Fed baisse prochainement ses taux d&rsquo;int\u00e9r\u00eat pour relancer l&rsquo;activit\u00e9, ce qui est positif pour les actions. La prochaine r\u00e9union de la Fed aura lieu mi-septembre. \u00ab\u00a0Les investisseurs semblent privil\u00e9gier cette lecture optimiste de la situation, misant sur l&rsquo;augmentation des chances d&rsquo;un prochain assouplissement mon\u00e9taire\u00a0\u00bb, estime John Plassard, responsable de la strat\u00e9gie d&rsquo;investissement chez Cit\u00e9 Gestion Private Bank.<\/p>\n<p class=\"ap-StoryElement ap-StoryElement--mb ap-StoryText\">Ces consid\u00e9rations \u00e0 part, la s\u00e9ance s&rsquo;annonce calme, la saison des r\u00e9sultats d&rsquo;entreprises \u00e9tant quasi termin\u00e9e.<\/p>\n<p><a href=\"https:\/\/www.lalibre.be\/economie\/entreprises-startup\/2025\/08\/01\/les-resultats-des-meta-microsoft-ou-apple-provoquent-des-moments-graves-dans-lhistoire-des-marches-ZDGCKGPWDNBMVHPX6AR5WBAJ2A\/\" target=\"_blank\" rel=\"noopener noreferrer nofollow\" class=\"ap-StoryInterstitialLink ap-StoryElement ap-StoryElement--mb\">Les r\u00e9sultats de plusieurs \u00ab\u00a0Magnificent Seven\u00a0\u00bb provoquent des \u00ab\u00a0moments grav\u00e9s dans l&rsquo;histoire des march\u00e9s\u00a0\u00bb<\/a>Le p\u00e9trole terne, dig\u00e8re l&rsquo;Opep et guette l&rsquo;Inde<\/p>\n<p class=\"ap-StoryElement ap-StoryElement--mb ap-StoryText\">Le march\u00e9 p\u00e9trolier dig\u00e8re une d\u00e9cision des pays producteurs d&rsquo;or noir\u00a0: poursuivant leur strat\u00e9gie de reconqu\u00eate des parts de march\u00e9, Ryad, Moscou et six autres producteurs de l&rsquo;Opep +\u00a0ont, comme attendu, augment\u00e9 une nouvelle fois leurs quotas lors d&rsquo;une r\u00e9union dimanche.<\/p>\n<p class=\"ap-StoryElement ap-StoryElement--mb ap-StoryText\">Apr\u00e8s avoir entam\u00e9 les \u00e9changes dans le rouge, les cours ont rapidement effac\u00e9 leurs pertes. Vers 06H30 GMT, le baril de <b>WTI am\u00e9ricain<\/b> gagnait 0,13\u00a0% \u00e0 67,43\u00a0dollars et celui de<b> Brent de la mer du Nord <\/b>0,04\u00a0% \u00e0 69,70\u00a0dollars.<\/p>\n<p class=\"ap-StoryElement ap-StoryElement--mb ap-StoryText\">\u00ab\u00a0L&rsquo;Opep +\u00a0n&rsquo;a pas r\u00e9serv\u00e9 de surprises [\u2026] Nous pensons que le groupe en a termin\u00e9 avec ses augmentations d&rsquo;offre, alors que nous sortons de la p\u00e9riode de forte demande estivale et que les stocks commencent \u00e0 augmenter\u00a0\u00bb, commentent les analystes d&rsquo;ING. Mais, pr\u00e9viennent-ils, \u00ab\u00a0tout d\u00e9pend cependant aussi de l&rsquo;\u00e9volution des flux de p\u00e9trole russe, alors que l&rsquo;administration Trump menace l&rsquo;Inde de sanctions pour ses achats d&rsquo;hydrocarbures russes\u00a0\u00bb.<\/p>\n<p class=\"ap-StoryElement ap-StoryElement--mb ap-StoryText\">\u00ab\u00a0Si les \u00c9tats-Unis parviennent \u00e0 cibler ces flux, le march\u00e9 se resserrera consid\u00e9rablement et l&rsquo;Opep +\u00a0devra exploiter encore davantage ses capacit\u00e9s de production exc\u00e9dentaires\u00a0\u00bb, estiment-ils.<\/p>\n","protected":false},"excerpt":{"rendered":"Par contre, la Bourse de Zurich, elle, reculait de plus de 2\u00a0% dans les premiers \u00e9changes, r\u00e9agissant \u00e0&hellip;\n","protected":false},"author":2,"featured_media":295606,"comment_status":"","ping_status":"","sticky":false,"template":"","format":"standard","meta":{"footnotes":""},"categories":[1586],"tags":[11,340,1777,674,1011,27,635,12,25],"class_list":{"0":"post-295605","1":"post","2":"type-post","3":"status-publish","4":"format-standard","5":"has-post-thumbnail","7":"category-europe","8":"tag-actualites","9":"tag-bourse","10":"tag-eu","11":"tag-europe","12":"tag-fr","13":"tag-france","14":"tag-marches","15":"tag-news","16":"tag-republique-francaise"},"share_on_mastodon":{"url":"https:\/\/pubeurope.com\/@fr\/114970232549112491","error":""},"_links":{"self":[{"href":"https:\/\/www.europesays.com\/fr\/wp-json\/wp\/v2\/posts\/295605","targetHints":{"allow":["GET"]}}],"collection":[{"href":"https:\/\/www.europesays.com\/fr\/wp-json\/wp\/v2\/posts"}],"about":[{"href":"https:\/\/www.europesays.com\/fr\/wp-json\/wp\/v2\/types\/post"}],"author":[{"embeddable":true,"href":"https:\/\/www.europesays.com\/fr\/wp-json\/wp\/v2\/users\/2"}],"replies":[{"embeddable":true,"href":"https:\/\/www.europesays.com\/fr\/wp-json\/wp\/v2\/comments?post=295605"}],"version-history":[{"count":0,"href":"https:\/\/www.europesays.com\/fr\/wp-json\/wp\/v2\/posts\/295605\/revisions"}],"wp:featuredmedia":[{"embeddable":true,"href":"https:\/\/www.europesays.com\/fr\/wp-json\/wp\/v2\/media\/295606"}],"wp:attachment":[{"href":"https:\/\/www.europesays.com\/fr\/wp-json\/wp\/v2\/media?parent=295605"}],"wp:term":[{"taxonomy":"category","embeddable":true,"href":"https:\/\/www.europesays.com\/fr\/wp-json\/wp\/v2\/categories?post=295605"},{"taxonomy":"post_tag","embeddable":true,"href":"https:\/\/www.europesays.com\/fr\/wp-json\/wp\/v2\/tags?post=295605"}],"curies":[{"name":"wp","href":"https:\/\/api.w.org\/{rel}","templated":true}]}}