{"id":295607,"date":"2025-08-04T11:21:12","date_gmt":"2025-08-04T11:21:12","guid":{"rendered":"https:\/\/www.europesays.com\/fr\/295607\/"},"modified":"2025-08-04T11:21:12","modified_gmt":"2025-08-04T11:21:12","slug":"les-chasseurs-amateurs-craignent-que-lue-veuille-interdire-la-chasse-et-la-peche-dans-les-zones-protegees","status":"publish","type":"post","link":"https:\/\/www.europesays.com\/fr\/295607\/","title":{"rendered":"Les chasseurs amateurs craignent que l&rsquo;UE veuille interdire la chasse et la p\u00eache dans les zones prot\u00e9g\u00e9es"},"content":{"rendered":"<p>La Commission europ\u00e9enne veut assimiler la chasse et la p\u00eache \u00e0 l\u2019exploitation mini\u00e8re et les interdire sur 10 % du territoire. <\/p>\n<p>Des organisations de chasseurs militantes d\u2019Europe du Nord ont protest\u00e9 contre cette mesure.<\/p>\n<p>En mai 2020, la Commission europ\u00e9enne a pr\u00e9sent\u00e9 ses lignes directrices pour la mise en \u0153uvre de la strat\u00e9gie pour la biodiversit\u00e9 \u00e0 l&rsquo;horizon 2030. Celles-ci proposent des zones de protection stricte couvrant 10 % du territoire de l&rsquo;Union europ\u00e9enne (UE). Il est pr\u00e9vu d&rsquo;y interdire toute  extractive , notamment l&rsquo;exploitation mini\u00e8re, <a href=\"https:\/\/wildbeimwild.com\/fr\/?s=Jagd\" target=\"_blank\" rel=\"noreferrer noopener nofollow\">la chasse<\/a> et la p\u00eache.<\/p>\n<p>Le projet de la Commission europ\u00e9enne stipule que les zones strictement prot\u00e9g\u00e9es doivent \u00eatre prot\u00e9g\u00e9es de mani\u00e8re \u00e0 pr\u00e9server  processus naturels ou non perturb\u00e9s  Les activit\u00e9s extractives telles que l&rsquo;exploitation mini\u00e8re, la p\u00eache, la chasse ou la foresterie sont incompatibles avec ce niveau de protection \u00bb, pr\u00e9cise le document.<\/p>\n<p>Ariel Brunner, directeur adjoint de l&rsquo;organisation de conservation BirdLife Europe, a d\u00e9clar\u00e9 : \u00ab Trop d&rsquo;aires prot\u00e9g\u00e9es actuelles dans l&rsquo;UE ne sont que des parcs de papier . Il ne fait aucun doute qu&rsquo;une conservation raisonn\u00e9e de la nature n\u00e9cessite au moins quelques zones b\u00e9n\u00e9ficiant d&rsquo;une protection stricte, ce qui devrait \u00e9galement s&rsquo;appliquer \u00e0 la chasse. \u00bb<\/p>\n<p><a href=\"https:\/\/wildbeimwild.com\/wp-content\/uploads\/2021\/12\/Note-reflecting-the-final-discussion-with-MS-on-22.09.21.pdf\" target=\"_blank\" rel=\"noreferrer noopener nofollow\">Les lignes directrices actuelles<\/a> sont un projet et sont susceptibles d&rsquo;\u00eatre modifi\u00e9es. Quelle que soit leur formulation finale, elles ne constituent que des lignes directrices et ne constituent donc pas une loi. La Commission europ\u00e9enne n&rsquo;a pas le pouvoir \u2013 et les lignes directrices ne le lui conf\u00e8rent pas \u2013 d&rsquo;interdire la chasse dans les \u00c9tats membres.<\/p>\n<p>Les documents d\u2019orientation peuvent \u00eatre utilis\u00e9s devant les tribunaux pour clarifier les d\u00e9finitions, mais ils ne constituent pas des textes juridiquement contraignants car ils refl\u00e8tent les points de vue des services de la Commission.<\/p>\n<p>Le document d&rsquo;orientation doit \u00eatre finalis\u00e9 et adopt\u00e9 par la Commission et les pays de l&rsquo;UE d&rsquo;ici la fin de l&rsquo;ann\u00e9e. La Commission pr\u00e9sentera un projet actualis\u00e9 lors d&rsquo;une r\u00e9union du groupe d&rsquo;experts le 18 f\u00e9vrier 2022.<\/p>\n<p>Des groupes d&rsquo;utilisateurs militants, entre autres, ont d\u00e9j\u00e0 oppos\u00e9 une r\u00e9sistance farouche \u00e0 ces projets. L&rsquo;Association allemande de chasse (DJV), par exemple, a fait pression sur le gouvernement f\u00e9d\u00e9ral pour qu&rsquo;il supprime la formulation probl\u00e9matique et a exerc\u00e9 son influence par l&rsquo;interm\u00e9diaire de la FACE, l&rsquo;organisation fa\u00eeti\u00e8re des chasseurs europ\u00e9ens.<\/p>\n<p>Alors que la confiance dans la science d\u00e9cline, les soi-disant \u00ab\u00a0faits alternatifs\u00a0\u00bb connaissent un regain surprenant parmi les chasseurs. De plus en plus de politiciens mentent ouvertement et ignorent les d\u00e9couvertes scientifiques. Cette situation est tr\u00e8s inqui\u00e9tante. Parall\u00e8lement, les r\u00e9seaux sociaux sont de plus en plus utilis\u00e9s pour diffuser des positions qui brouillent les fronti\u00e8res entre opinions et faits.<\/p>\n<p>L&rsquo;avis d&rsquo;un ami Facebook a donc autant de valeur que le jugement d&rsquo;un scientifique ayant consacr\u00e9 sa vie \u00e0 la recherche sur le sujet. C&rsquo;est un enjeu majeur pour la d\u00e9mocratie et un probl\u00e8me majeur pour la protection de la nature, explique Ariel Brunner. Ce scientifique d&rsquo;origine isra\u00e9lienne a \u00e9tudi\u00e9 les sciences de l&rsquo;environnement \u00e0 l&rsquo;Universit\u00e9 de Milan.<\/p>\n","protected":false},"excerpt":{"rendered":"La Commission europ\u00e9enne veut assimiler la chasse et la p\u00eache \u00e0 l\u2019exploitation mini\u00e8re et les interdire sur 10&hellip;\n","protected":false},"author":2,"featured_media":295608,"comment_status":"","ping_status":"","sticky":false,"template":"","format":"standard","meta":{"footnotes":""},"categories":[1586],"tags":[11,1777,674,1779,1011,27,12,25,1778,364],"class_list":{"0":"post-295607","1":"post","2":"type-post","3":"status-publish","4":"format-standard","5":"has-post-thumbnail","7":"category-europe","8":"tag-actualites","9":"tag-eu","10":"tag-europe","11":"tag-european-union","12":"tag-fr","13":"tag-france","14":"tag-news","15":"tag-republique-francaise","16":"tag-ue","17":"tag-union-europeenne"},"share_on_mastodon":{"url":"https:\/\/pubeurope.com\/@fr\/114970236279817919","error":""},"_links":{"self":[{"href":"https:\/\/www.europesays.com\/fr\/wp-json\/wp\/v2\/posts\/295607","targetHints":{"allow":["GET"]}}],"collection":[{"href":"https:\/\/www.europesays.com\/fr\/wp-json\/wp\/v2\/posts"}],"about":[{"href":"https:\/\/www.europesays.com\/fr\/wp-json\/wp\/v2\/types\/post"}],"author":[{"embeddable":true,"href":"https:\/\/www.europesays.com\/fr\/wp-json\/wp\/v2\/users\/2"}],"replies":[{"embeddable":true,"href":"https:\/\/www.europesays.com\/fr\/wp-json\/wp\/v2\/comments?post=295607"}],"version-history":[{"count":0,"href":"https:\/\/www.europesays.com\/fr\/wp-json\/wp\/v2\/posts\/295607\/revisions"}],"wp:featuredmedia":[{"embeddable":true,"href":"https:\/\/www.europesays.com\/fr\/wp-json\/wp\/v2\/media\/295608"}],"wp:attachment":[{"href":"https:\/\/www.europesays.com\/fr\/wp-json\/wp\/v2\/media?parent=295607"}],"wp:term":[{"taxonomy":"category","embeddable":true,"href":"https:\/\/www.europesays.com\/fr\/wp-json\/wp\/v2\/categories?post=295607"},{"taxonomy":"post_tag","embeddable":true,"href":"https:\/\/www.europesays.com\/fr\/wp-json\/wp\/v2\/tags?post=295607"}],"curies":[{"name":"wp","href":"https:\/\/api.w.org\/{rel}","templated":true}]}}