{"id":295615,"date":"2025-08-04T11:27:10","date_gmt":"2025-08-04T11:27:10","guid":{"rendered":"https:\/\/www.europesays.com\/fr\/295615\/"},"modified":"2025-08-04T11:27:10","modified_gmt":"2025-08-04T11:27:10","slug":"il-quitte-tout-pour-antoine-dupont-enorme-desillusion","status":"publish","type":"post","link":"https:\/\/www.europesays.com\/fr\/295615\/","title":{"rendered":"Il quitte tout pour Antoine Dupont, \u00e9norme d\u00e9sillusion ?"},"content":{"rendered":"<p class=\"heading\">Le Stade Toulousain domine le rugby fran\u00e7ais depuis trois ans et ce n\u2019est pas fini, puisque la saison 2024\/2025 s\u2019annonce une nouvelle fois explosive. Et les rumeurs courent sur des possibles recrues surprise pour les Haut-garonnais, avec notamment un crack gallois qui a r\u00e9cemment fait son grand retour de la NFL. <\/p>\n<p>Qui va bien pouvoir d\u00e9tr\u00f4ner <strong>Toulouse <\/strong>? Alors que l\u2019<strong>UBB <\/strong>semblait tout proche de l\u2019exploit, <strong>Romain Ntamack<\/strong> et ses co\u00e9quipiers ont une nouvelle fois soulev\u00e9 le <strong>Bouclier de Brennus<\/strong>. Le troisi\u00e8me cons\u00e9cutif, ce qui est un v\u00e9ritable exploit, surtout quand on sait qu\u2019<strong>Antoine Dupont<\/strong> n\u2019\u00e9tait m\u00eame pas l\u00e0 \u00e0 cause de sa blessure. <\/p>\n<p>                                            Rees-Zammit de retour ! <\/p>\n<p>La concurrence s\u2019arme, notamment du c\u00f4t\u00e9 de <strong>Toulon <\/strong>ou encore de <strong>Bordeaux<\/strong>. Mais certains pensent que le <strong>Stade Toulousain <\/strong>pourrait boucler un coup de derni\u00e8re minute, \u00e0 quelques semaines du d\u00e9but de la saison de <strong>Top 14<\/strong>. Ainsi, des nombreuses rumeurs ont circul\u00e9 autour de <strong>Louis Rees-Zammit<\/strong>, ailier gallois qui a d\u00e9cid\u00e9 il y a 18 mois de tout l\u00e2cher pour se lancer dans un nouveau projet, en <strong>NFL<\/strong>. Il a r\u00e9cemment annonc\u00e9 son grand retour et <strong>Toulouse <\/strong>a \u00e9t\u00e9 \u00e9voqu\u00e9 parmi les nombreuses destinations possibles. <\/p>\n<p>                                            Plut\u00f4t l\u2019Angleterre ? <\/p>\n<p>Les chances de le voir en <strong>Top 14<\/strong> semblent toutefois \u00eatre assez minces ! D\u2019apr\u00e8s les informations de Rugbyrama, <strong>Rees-Zammit<\/strong> devrait plut\u00f4t rebondir en Angleterre du c\u00f4t\u00e9 de <strong>Bristol<\/strong>, ou encore de <strong>Newcastle<\/strong>. Le principal int\u00e9ress\u00e9 n\u2019a en tout cas pas souhait\u00e9 d\u00e9voiler ce secret, lors d\u2019un r\u00e9cent entretien accord\u00e9 \u00e0 Sky Sports. \u00ab Je ne peux pas citer les clubs, mais j\u2019ai re\u00e7u \u00e9norm\u00e9ment de sollicitations \u00bb a d\u00e9clar\u00e9 l\u2019international gallois. \u00ab La saison commence bient\u00f4t. Il faut que je trouve la bonne \u00e9quipe, en fonction de l\u2019endroit, du d\u00e9lai pour int\u00e9grer un groupe\u2026 Parce que tout va aller tr\u00e8s vite. On devrait \u00eatre fix\u00e9s d\u2019ici une semaine \u00bb. <\/p>\n","protected":false},"excerpt":{"rendered":"Le Stade Toulousain domine le rugby fran\u00e7ais depuis trois ans et ce n\u2019est pas fini, puisque la saison&hellip;\n","protected":false},"author":2,"featured_media":295616,"comment_status":"","ping_status":"","sticky":false,"template":"","format":"standard","meta":{"footnotes":""},"categories":[1416],"tags":[1011,27,479,1468,60],"class_list":{"0":"post-295615","1":"post","2":"type-post","3":"status-publish","4":"format-standard","5":"has-post-thumbnail","7":"category-rugby","8":"tag-fr","9":"tag-france","10":"tag-rugby","11":"tag-rugby-football","12":"tag-sports"},"share_on_mastodon":{"url":"https:\/\/pubeurope.com\/@fr\/114970259956454361","error":""},"_links":{"self":[{"href":"https:\/\/www.europesays.com\/fr\/wp-json\/wp\/v2\/posts\/295615","targetHints":{"allow":["GET"]}}],"collection":[{"href":"https:\/\/www.europesays.com\/fr\/wp-json\/wp\/v2\/posts"}],"about":[{"href":"https:\/\/www.europesays.com\/fr\/wp-json\/wp\/v2\/types\/post"}],"author":[{"embeddable":true,"href":"https:\/\/www.europesays.com\/fr\/wp-json\/wp\/v2\/users\/2"}],"replies":[{"embeddable":true,"href":"https:\/\/www.europesays.com\/fr\/wp-json\/wp\/v2\/comments?post=295615"}],"version-history":[{"count":0,"href":"https:\/\/www.europesays.com\/fr\/wp-json\/wp\/v2\/posts\/295615\/revisions"}],"wp:featuredmedia":[{"embeddable":true,"href":"https:\/\/www.europesays.com\/fr\/wp-json\/wp\/v2\/media\/295616"}],"wp:attachment":[{"href":"https:\/\/www.europesays.com\/fr\/wp-json\/wp\/v2\/media?parent=295615"}],"wp:term":[{"taxonomy":"category","embeddable":true,"href":"https:\/\/www.europesays.com\/fr\/wp-json\/wp\/v2\/categories?post=295615"},{"taxonomy":"post_tag","embeddable":true,"href":"https:\/\/www.europesays.com\/fr\/wp-json\/wp\/v2\/tags?post=295615"}],"curies":[{"name":"wp","href":"https:\/\/api.w.org\/{rel}","templated":true}]}}