{"id":295617,"date":"2025-08-04T11:28:11","date_gmt":"2025-08-04T11:28:11","guid":{"rendered":"https:\/\/www.europesays.com\/fr\/295617\/"},"modified":"2025-08-04T11:28:11","modified_gmt":"2025-08-04T11:28:11","slug":"insolite-tsitsipas-fait-passer-un-message-enigmatique-les-gens-testeront-vos-limites-juste-pour-voir-si-elles-sont-reelles","status":"publish","type":"post","link":"https:\/\/www.europesays.com\/fr\/295617\/","title":{"rendered":"Insolite > Tsitsipas fait passer un message \u00e9nigmatique : \u00ab Les gens testeront vos limites juste pour voir si elles sont r\u00e9elles \u00bb"},"content":{"rendered":"<p>Difficile de savoir ce qu\u2019il se passe dans la t\u00eate de Stefanos Tsitsipas. Le Grec semble repartir dans ses travers sans arr\u00eat en essayant d\u2019\u00e9carter son p\u00e8re de son \u00e9quipe de coaching, puis en le rappelant.<\/p>\n<p><a href=\"https:\/\/www.welovetennis.fr\/atp\/tsitsipas-vire-deja-le-dictateur-ivanisevic-son-coach-depuis-a-peine-deux-mois\" data-wpel-link=\"internal\" rel=\"nofollow noopener\" target=\"_blank\">Sa colla\u00adbo\u00adra\u00adtion avec Goran Ivanisevic a \u00e9t\u00e9 un pur fiasco et a dur\u00e9 moins de deux mois<\/a>, et <a href=\"https:\/\/www.welovetennis.fr\/wimbledon\/stefanos-tsitsipas-et-paula-badosa-ne-seraient-plus-en-couple\" data-wpel-link=\"internal\" rel=\"nofollow noopener\" target=\"_blank\">sa rela\u00adtion avec Paula Badosa est termin\u00e9e<\/a>.<\/p>\n<p>L\u2019ancien fina\u00adliste de Roland\u2010Garros cherche donc un nouvel \u00e9lan, et a fait passer un message \u00e9trange sur son compte <a href=\"https:\/\/x.com\/steftsitsipas\/status\/1952239827254235351\" data-wpel-link=\"external\" target=\"_blank\" rel=\"nofollow external noopener\">X<\/a>.<\/p>\n<p><strong>\u00ab\u202fLes gens teste\u00adront vos limites juste pour voir si elles sont r\u00e9elles\u202f\u00bb<\/strong><\/p>\n<blockquote class=\"twitter-tweet\">\n<p lang=\"en\" dir=\"ltr\">People will test your boun\u00adda\u00adries just to see if they\u2019re real.<\/p>\n<p>\u2014 Stefanos Tsitsipas (@steftsitsipas) <a href=\"https:\/\/twitter.com\/steftsitsipas\/status\/1952239827254235351?ref_src=twsrc%5Etfw\" data-wpel-link=\"external\" target=\"_blank\" rel=\"nofollow external noopener\">August 4,\u00a02025<\/a><\/p><\/blockquote>\n<p>Difficile de savoir s\u2019il visait quel\u00adqu\u2019un en particulier\u2026<\/p>\n<p class=\"post-published-date\" style=\"color: silver; font-size: 75%; text-align: left;\">Publi\u00e9 le lundi 4 ao\u00fbt 2025 \u00e0 09:47<\/p>\n<p><script async src=\"https:\/\/platform.twitter.com\/widgets.js\" charset=\"utf-8\"><\/script><\/p>\n","protected":false},"excerpt":{"rendered":"Difficile de savoir ce qu\u2019il se passe dans la t\u00eate de Stefanos Tsitsipas. Le Grec semble repartir dans&hellip;\n","protected":false},"author":2,"featured_media":295618,"comment_status":"","ping_status":"","sticky":false,"template":"","format":"standard","meta":{"footnotes":""},"categories":[1415],"tags":[13215,1011,27,43571,60,1467,5443],"class_list":{"0":"post-295617","1":"post","2":"type-post","3":"status-publish","4":"format-standard","5":"has-post-thumbnail","7":"category-tennis","8":"tag-badosa","9":"tag-fr","10":"tag-france","11":"tag-ivanisevic","12":"tag-sports","13":"tag-tennis","14":"tag-tsitsipas"},"share_on_mastodon":{"url":"https:\/\/pubeurope.com\/@fr\/114970263753608109","error":""},"_links":{"self":[{"href":"https:\/\/www.europesays.com\/fr\/wp-json\/wp\/v2\/posts\/295617","targetHints":{"allow":["GET"]}}],"collection":[{"href":"https:\/\/www.europesays.com\/fr\/wp-json\/wp\/v2\/posts"}],"about":[{"href":"https:\/\/www.europesays.com\/fr\/wp-json\/wp\/v2\/types\/post"}],"author":[{"embeddable":true,"href":"https:\/\/www.europesays.com\/fr\/wp-json\/wp\/v2\/users\/2"}],"replies":[{"embeddable":true,"href":"https:\/\/www.europesays.com\/fr\/wp-json\/wp\/v2\/comments?post=295617"}],"version-history":[{"count":0,"href":"https:\/\/www.europesays.com\/fr\/wp-json\/wp\/v2\/posts\/295617\/revisions"}],"wp:featuredmedia":[{"embeddable":true,"href":"https:\/\/www.europesays.com\/fr\/wp-json\/wp\/v2\/media\/295618"}],"wp:attachment":[{"href":"https:\/\/www.europesays.com\/fr\/wp-json\/wp\/v2\/media?parent=295617"}],"wp:term":[{"taxonomy":"category","embeddable":true,"href":"https:\/\/www.europesays.com\/fr\/wp-json\/wp\/v2\/categories?post=295617"},{"taxonomy":"post_tag","embeddable":true,"href":"https:\/\/www.europesays.com\/fr\/wp-json\/wp\/v2\/tags?post=295617"}],"curies":[{"name":"wp","href":"https:\/\/api.w.org\/{rel}","templated":true}]}}