{"id":295619,"date":"2025-08-04T11:30:29","date_gmt":"2025-08-04T11:30:29","guid":{"rendered":"https:\/\/www.europesays.com\/fr\/295619\/"},"modified":"2025-08-04T11:30:29","modified_gmt":"2025-08-04T11:30:29","slug":"grand-prix-de-france-moto-de-nouvelles-animations-le-jeudi-sur-le-circuit-bugatti-au-mans","status":"publish","type":"post","link":"https:\/\/www.europesays.com\/fr\/295619\/","title":{"rendered":"Grand Prix de France moto\u00a0: de nouvelles animations le jeudi sur le circuit Bugatti au Mans"},"content":{"rendered":"<p>Les organisateurs du Grand prix de France moto ont annonc\u00e9 ce mercredi une partie du programme de l&rsquo;\u00e9dition 2025, qui se d\u00e9roulera le long week-end du 8 mai.<\/p>\n<p>Sur l&rsquo;affiche de la 76\u1d49 \u00e9dition du Grand prix de France, les dates des 9, 10 et 11 mai sont indiqu\u00e9es. Mais l&rsquo;\u00e9v\u00e9nement commencera <strong>d\u00e8s le jeudi 8 mai<\/strong>, avec des animations sur le circuit Bugatti du Mans.<\/p>\n<p>\u00ab\u00a0On voit 10 000 personnes dans les tribunes d\u00e8s le jeudi au Mans, c&rsquo;est davantage que le dimanche dans certains autres circuits\u00a0\u00bb pointe le pilote fran\u00e7ais Fabio Quartararo. L&rsquo;enthousiasme b\u00e9n\u00e9ficie en premier lieu aux pilotes fran\u00e7ais. \u00ab\u00a0Avec Fabio il suffit qu&rsquo;on l\u00e8ve le bras pour que tout le monde crie\u00a0\u00bb, s&rsquo;\u00e9merveille Johann Zarco. \u00ab\u00a0<strong>\u00c7a galvanise, c&rsquo;est beau\u00a0!<\/strong>\u00ab\u00a0<\/p>\n<p>Des tours \u00e0 la fa\u00e7on du Tour<\/p>\n<p>Pour cultiver l&rsquo;attrait de cet avant-course, le promoteur Claude Michy maintient bien s\u00fbr la visite des stands, \u00ab\u00a0avec trois passages sinon c&rsquo;est compliqu\u00e9\u00a0\u00bb, et il enrichit le programme. \u00ab\u00a0Vers 13h, \u00e0 deux par team, vous aurez deux tours de circuit, avec la rampe de d\u00e9part du Tour de France qui nous sera pr\u00eat\u00e9e. Et nous aurons comme parrain Mark Cavendish, qui tient le record de victoires d&rsquo;\u00e9tapes dans le Tour\u00a0\u00bb.<\/p>\n<p>Avant de savoir si l&rsquo;\u00e9tape mancelle du championnat du monde battra ou non son propre record de fr\u00e9quentation, Claude Michy et l&rsquo;ACO ont prolong\u00e9 leur engagement. Ils ont sign\u00e9 pour organiser <strong>cinq \u00e9ditions suppl\u00e9mentaires du Grand prix de France sur le circuit Bugatti,<\/strong> soit jusqu&rsquo;en 2031.<\/p>\n","protected":false},"excerpt":{"rendered":"Les organisateurs du Grand prix de France moto ont annonc\u00e9 ce mercredi une partie du programme de l&rsquo;\u00e9dition&hellip;\n","protected":false},"author":2,"featured_media":295620,"comment_status":"","ping_status":"","sticky":false,"template":"","format":"standard","meta":{"footnotes":""},"categories":[1413],"tags":[1011,27,1457,1456,60],"class_list":{"0":"post-295619","1":"post","2":"type-post","3":"status-publish","4":"format-standard","5":"has-post-thumbnail","7":"category-moto","8":"tag-fr","9":"tag-france","10":"tag-moto","11":"tag-motocycle","12":"tag-sports"},"share_on_mastodon":{"url":"https:\/\/pubeurope.com\/@fr\/114970271679875103","error":""},"_links":{"self":[{"href":"https:\/\/www.europesays.com\/fr\/wp-json\/wp\/v2\/posts\/295619","targetHints":{"allow":["GET"]}}],"collection":[{"href":"https:\/\/www.europesays.com\/fr\/wp-json\/wp\/v2\/posts"}],"about":[{"href":"https:\/\/www.europesays.com\/fr\/wp-json\/wp\/v2\/types\/post"}],"author":[{"embeddable":true,"href":"https:\/\/www.europesays.com\/fr\/wp-json\/wp\/v2\/users\/2"}],"replies":[{"embeddable":true,"href":"https:\/\/www.europesays.com\/fr\/wp-json\/wp\/v2\/comments?post=295619"}],"version-history":[{"count":0,"href":"https:\/\/www.europesays.com\/fr\/wp-json\/wp\/v2\/posts\/295619\/revisions"}],"wp:featuredmedia":[{"embeddable":true,"href":"https:\/\/www.europesays.com\/fr\/wp-json\/wp\/v2\/media\/295620"}],"wp:attachment":[{"href":"https:\/\/www.europesays.com\/fr\/wp-json\/wp\/v2\/media?parent=295619"}],"wp:term":[{"taxonomy":"category","embeddable":true,"href":"https:\/\/www.europesays.com\/fr\/wp-json\/wp\/v2\/categories?post=295619"},{"taxonomy":"post_tag","embeddable":true,"href":"https:\/\/www.europesays.com\/fr\/wp-json\/wp\/v2\/tags?post=295619"}],"curies":[{"name":"wp","href":"https:\/\/api.w.org\/{rel}","templated":true}]}}