{"id":295629,"date":"2025-08-04T11:35:12","date_gmt":"2025-08-04T11:35:12","guid":{"rendered":"https:\/\/www.europesays.com\/fr\/295629\/"},"modified":"2025-08-04T11:35:12","modified_gmt":"2025-08-04T11:35:12","slug":"les-inspirations-carcassonnaises-de-lartiste-franco-russe-daria-kulesh-boreillo","status":"publish","type":"post","link":"https:\/\/www.europesays.com\/fr\/295629\/","title":{"rendered":"Les inspirations carcassonnaises de l\u2019artiste franco-russe Daria Kulesh Boreillo"},"content":{"rendered":"<p>\n                                                                Daria Kulesh Boreillo, artiste franco-russe, en r\u00e9sidence comme artiste invit\u00e9e au Centre d\u2019art contemporain de la rue Jean-Bringer \u00e0 Carcassonne, livre deux sculptures inspir\u00e9es de Prosper Montagn\u00e9 et Jo\u00eb Bousquet.\n                            <\/p>\n<p>Elle a toujours eu en elle ce d\u00e9sir de s\u2019exprimer par le pinceau ou la sculpture.\u00a0Originaire de Moscou, Daria Kulesh Boreillo a d\u2019abord fait des \u00e9tudes d\u2019\u00e9conomie, avant de travailler pour une grande entreprise p\u00e9troli\u00e8re russe. Mais elle n\u2019a jamais mis de c\u00f4t\u00e9 sa fibre artistique, malgr\u00e9 les r\u00e9ticences familiales, prenant des cours notamment avec l\u2019artiste peintre Oleg Leonov.\u00a0Quand il y a 12 ans, elle change de vie et se retrouve \u00e0 Carcassonne, le chemin vers l\u2019art s\u2019ouvre devant elle. \u00ab\u00a0Pendant le Covid, j\u2019ai d\u00e9cid\u00e9 d\u2019arr\u00eater de travailler pour l\u2019argent et de me consacrer \u00e0 ma passion\u00a0\u00bb, confie-t-elle. Elle se rend m\u00eame \u00e0 l\u2019Acad\u00e9mie des Beaux-Arts de Florence en Italie pour apprendre la sculpture. L\u2019artiste, d\u00e9sormais franco-russe, va d\u00e9velopper un travail figuratif empreint de douceur et de m\u00e9lancolie, o\u00f9 elle m\u00eale ses souvenirs d\u2019enfance en URSS et son attachement au territoire occitan.<\/p>\n<blockquote>\n<p>Impression de les faire revivre<\/p>\n<\/blockquote>\n<p>Artiste invit\u00e9e comme coup de c\u0153ur du maire, elle s\u2019est install\u00e9e en r\u00e9sidence au Centre d\u2019art contemporain depuis son ouverture le 6\u00a0juin et jusqu\u2019au 21\u00a0ao\u00fbt. Avec un projet intitul\u00e9 \u00ab\u00a0Les patrimoines\u00a0: regard contemporain\u00a0\u00bb.\u00a0\u00ab\u00a0J\u2019ai choisi Prosper Montagn\u00e9 pour le patrimoine gastronomique et Jo\u00eb Bousquet pour le patrimoine litt\u00e9raire. Je me suis int\u00e9ress\u00e9 \u00e0 leur vie, \u00e0 ce qu\u2019il repr\u00e9sentait, \u00e0 leur passion. Cela leur redonne de la visibilit\u00e9.\u00a0\u00bb Deux Carcassonnais illustres qu\u2019elle a d\u2019abord commenc\u00e9 \u00e0 dessiner au fusain pour\u00a0ensuite\u00a0les fa\u00e7onner avec ses mains dans la masse de l\u2019argile. Dans son atelier install\u00e9 dans le Centre d\u2019art, elle a ensuite con\u00e7u les moules en silicone dont elle tirera quatre sculptures en r\u00e9sine de ses mod\u00e8les. Un buste de Prosper Montagn\u00e9 au regard per\u00e7ant derri\u00e8re ses petites lunettes rondes et un buste de Jo\u00eb Bousquet surmontant une pile de livres, \u00ab\u00a0son mouvement \u00e0 lui qui \u00e9tait paralys\u00e9\u00a0\u00bb. \u00ab\u00a0C\u2019\u00e9tait quelque chose de nouveau pour moi, de travailler sur des hommes qui ne sont plus de ce monde. J\u2019ai l\u2019impression de les faire revivre\u00a0\u00bb, poursuit-elle.<\/p>\n<p>Au c\u0153ur de cette r\u00e9sidence estivale, elle s\u2019est aussi consacr\u00e9e \u00e0\u00a0un travail pictural qui parle de son patrimoine, de sa vie en URSS, avec toujours\u00a0un regard critique. Cette toile met en sc\u00e8ne des pionniers, un mouvement de la jeunesse communiste, \u00ab\u00a0pour devenir un bon communiste\u00a0\u00bb, qu\u2019elle a v\u00e9cu. Trois jeunes gar\u00e7ons sont debout sur des cr\u00e2nes, illustrant un monde de mensonges.<\/p>\n","protected":false},"excerpt":{"rendered":"Daria Kulesh Boreillo, artiste franco-russe, en r\u00e9sidence comme artiste invit\u00e9e au Centre d\u2019art contemporain de la rue Jean-Bringer&hellip;\n","protected":false},"author":2,"featured_media":295630,"comment_status":"","ping_status":"","sticky":false,"template":"","format":"standard","meta":{"footnotes":""},"categories":[1358],"tags":[1348,1384,1385,1386,58,59,1011,27],"class_list":{"0":"post-295629","1":"post","2":"type-post","3":"status-publish","4":"format-standard","5":"has-post-thumbnail","7":"category-arts-et-design","8":"tag-arts","9":"tag-arts-and-design","10":"tag-arts-et-design","11":"tag-design","12":"tag-divertissement","13":"tag-entertainment","14":"tag-fr","15":"tag-france"},"share_on_mastodon":{"url":"https:\/\/pubeurope.com\/@fr\/114970291346608989","error":""},"_links":{"self":[{"href":"https:\/\/www.europesays.com\/fr\/wp-json\/wp\/v2\/posts\/295629","targetHints":{"allow":["GET"]}}],"collection":[{"href":"https:\/\/www.europesays.com\/fr\/wp-json\/wp\/v2\/posts"}],"about":[{"href":"https:\/\/www.europesays.com\/fr\/wp-json\/wp\/v2\/types\/post"}],"author":[{"embeddable":true,"href":"https:\/\/www.europesays.com\/fr\/wp-json\/wp\/v2\/users\/2"}],"replies":[{"embeddable":true,"href":"https:\/\/www.europesays.com\/fr\/wp-json\/wp\/v2\/comments?post=295629"}],"version-history":[{"count":0,"href":"https:\/\/www.europesays.com\/fr\/wp-json\/wp\/v2\/posts\/295629\/revisions"}],"wp:featuredmedia":[{"embeddable":true,"href":"https:\/\/www.europesays.com\/fr\/wp-json\/wp\/v2\/media\/295630"}],"wp:attachment":[{"href":"https:\/\/www.europesays.com\/fr\/wp-json\/wp\/v2\/media?parent=295629"}],"wp:term":[{"taxonomy":"category","embeddable":true,"href":"https:\/\/www.europesays.com\/fr\/wp-json\/wp\/v2\/categories?post=295629"},{"taxonomy":"post_tag","embeddable":true,"href":"https:\/\/www.europesays.com\/fr\/wp-json\/wp\/v2\/tags?post=295629"}],"curies":[{"name":"wp","href":"https:\/\/api.w.org\/{rel}","templated":true}]}}