{"id":295635,"date":"2025-08-04T11:38:12","date_gmt":"2025-08-04T11:38:12","guid":{"rendered":"https:\/\/www.europesays.com\/fr\/295635\/"},"modified":"2025-08-04T11:38:12","modified_gmt":"2025-08-04T11:38:12","slug":"florent-pagny-gueri-la-rejouissante-nouvelle-partagee-par-line-renaud","status":"publish","type":"post","link":"https:\/\/www.europesays.com\/fr\/295635\/","title":{"rendered":"Florent Pagny \u00ab\u00a0gu\u00e9ri\u00a0\u00bb ? La r\u00e9jouissante nouvelle partag\u00e9e par Line Renaud !"},"content":{"rendered":"<p><img decoding=\"async\" class=\"caas-img has-preview\" alt=\"Bestimage\" bad-src=\"https:\/\/www.europesays.com\/fr\/wp-content\/uploads\/2025\/08\/64c1b081117d9b9f9a638a9c1e0e9365.jpeg\" src=\"https:\/\/www.europesays.com\/fr\/wp-content\/uploads\/2025\/08\/64c1b081117d9b9f9a638a9c1e0e9365.jpeg\"\/><\/p>\n<p>Bestimage<\/p>\n<p>BestimageLine Renaud est toujours aussi populaire. Ce dimanche soir, le film \u00ab\u00a0Une belle course\u00a0\u00bb dans lequel elle partage l&rsquo;affiche avec Dany Boon est arriv\u00e9 en t\u00eate des audiences avec plus de 3,29 millions de curieux au rendez-vous sur TF1. Une grande nouvelle pour la com\u00e9dienne, qui vient de souffler ses 97 bougies, et qui dit aller toujours aussi bien ! \u00ab Aller mieux, ce serait ind\u00e9cent pour mon \u00e2ge. Je l&rsquo;oublie toujours. C&rsquo;est 97, c&rsquo;est \u00e7a ? Ensuite, ce sera 98\u2026 Voil\u00e0, j&rsquo;attends mes 100 ans \u00bb sourit-elle au micro du <a class=\"link \" href=\"https:\/\/www.leparisien.fr\/culture-loisirs\/tv\/une-belle-course-diffuse-sur-tf-1-jattends-mes-100-ans-sourit-line-renaud-03-08-2025-4QEGCNFQ2NA6PJU6V3H2XNCOVQ.php\" rel=\"nofollow noopener\" target=\"_blank\" data-ylk=\"slk:Parisien;elm:context_link;itc:0;sec:content-canvas\">Parisien<\/a>, parti \u00e0 sa rencontre \u00e0 son domicile de Rueil-Malmaison, dans les Hauts-de-Seine. Le cap des 100 ans, Line Renaud y pense \u00e9videmment mais pr\u00e9f\u00e8re \u00ab vivre le pr\u00e9sent \u00bb : \u00ab Je ne pense pas du tout \u00e0 combien je vais encore en faire. On le verra. On le vivra. Je ne suis fix\u00e9e ni sur le pass\u00e9 ni sur le futur. Je ne me dis pas : \u00ab\u00a0Mon Dieu, qu&rsquo;est-ce que je vais faire l&rsquo;an prochain ?\u00a0\u00bb Je trouverai bien quelque chose \u00e0 faire\u2026 \u00bb.<\/p>\n<p>\u00ab\u00a0Une admiration profonde pour Florent\u00a0\u00bb<\/p>\n<p>Ce fief de Rueil-Malmaison lui permet ainsi de recevoir ses amis de toujours. La veille de l&rsquo;interview du Parisien, c&rsquo;est Muriel Robin qui est venue lui rendre visite. Quelques jours plus t\u00f4t, comme en atteste un clich\u00e9 partag\u00e9 sur Instagram, l&rsquo;actrice Michelle Yeoh, son mari Jean Todt, envoy\u00e9 sp\u00e9cial du secr\u00e9taire g\u00e9n\u00e9ral de l&rsquo;ONU, ainsi que Florent Pagny ont pass\u00e9 du temps \u00e0 ses c\u00f4t\u00e9s. L&rsquo;occasion pour Line Renaud d&rsquo;annoncer une grande nouvelle concernant le chanteur : \u00ab J&rsquo;ai une admiration profonde pour Florent. Il a beaucoup parl\u00e9 de sa maladie qui \u00e9tait finie, normalement, il est gu\u00e9ri \u00bb.<br \/>De quoi soulager grandement le public, vivement \u00e9mu depuis l&rsquo;annonce d&#8230;<\/p>\n<p><a href=\"https:\/\/www.chartsinfrance.net\/Florent-Pagny\/news-133401.html\" rel=\"nofollow noopener\" target=\"_blank\" data-ylk=\"slk:Cliquez ici pour voir la suite;elm:context_link;itc:0;sec:content-canvas\" class=\"link \">Cliquez ici pour voir la suite<\/a><\/p>\n<p>A lire aussi :<\/p>\n<p><a href=\"https:\/\/www.chartsinfrance.net\/Florent-Pagny\/news-133309.html\" rel=\"nofollow noopener\" target=\"_blank\" data-ylk=\"slk:Cette chanteuse annonce un duo avec Florent Pagny !;elm:context_link;itc:0;sec:content-canvas\" class=\"link \">Cette chanteuse annonce un duo avec Florent Pagny !<\/a><br \/><a href=\"https:\/\/www.chartsinfrance.net\/Florent-Pagny\/news-133223.html\" rel=\"nofollow noopener\" target=\"_blank\" data-ylk=\"slk:Florent Pagny d\u00e9voile la chanson &quot;Grandeur nature&quot;;elm:context_link;itc:0;sec:content-canvas\" class=\"link \">Florent Pagny d\u00e9voile la chanson \u00ab\u00a0Grandeur nature\u00a0\u00bb<\/a><br \/><a href=\"https:\/\/www.chartsinfrance.net\/Florent-Pagny\/news-133200.html\" rel=\"nofollow noopener\" target=\"_blank\" data-ylk=\"slk:Florent Pagny : son nouvel album confirm\u00e9;elm:context_link;itc:0;sec:content-canvas\" class=\"link \">Florent Pagny : son nouvel album confirm\u00e9<\/a><\/p>\n","protected":false},"excerpt":{"rendered":"Bestimage BestimageLine Renaud est toujours aussi populaire. Ce dimanche soir, le film \u00ab\u00a0Une belle course\u00a0\u00bb dans lequel elle&hellip;\n","protected":false},"author":2,"featured_media":295636,"comment_status":"","ping_status":"","sticky":false,"template":"","format":"standard","meta":{"footnotes":""},"categories":[1355],"tags":[10493,22813,58,59,3109,1011,27,18994,1361,873,43572],"class_list":{"0":"post-295635","1":"post","2":"type-post","3":"status-publish","4":"format-standard","5":"has-post-thumbnail","7":"category-musique","8":"tag-bestimage","9":"tag-dimanche-soir","10":"tag-divertissement","11":"tag-entertainment","12":"tag-florent-pagny","13":"tag-fr","14":"tag-france","15":"tag-line-renaud","16":"tag-music","17":"tag-musique","18":"tag-secretaire-general-de-lonu"},"share_on_mastodon":{"url":"https:\/\/pubeurope.com\/@fr\/114970303213247741","error":""},"_links":{"self":[{"href":"https:\/\/www.europesays.com\/fr\/wp-json\/wp\/v2\/posts\/295635","targetHints":{"allow":["GET"]}}],"collection":[{"href":"https:\/\/www.europesays.com\/fr\/wp-json\/wp\/v2\/posts"}],"about":[{"href":"https:\/\/www.europesays.com\/fr\/wp-json\/wp\/v2\/types\/post"}],"author":[{"embeddable":true,"href":"https:\/\/www.europesays.com\/fr\/wp-json\/wp\/v2\/users\/2"}],"replies":[{"embeddable":true,"href":"https:\/\/www.europesays.com\/fr\/wp-json\/wp\/v2\/comments?post=295635"}],"version-history":[{"count":0,"href":"https:\/\/www.europesays.com\/fr\/wp-json\/wp\/v2\/posts\/295635\/revisions"}],"wp:featuredmedia":[{"embeddable":true,"href":"https:\/\/www.europesays.com\/fr\/wp-json\/wp\/v2\/media\/295636"}],"wp:attachment":[{"href":"https:\/\/www.europesays.com\/fr\/wp-json\/wp\/v2\/media?parent=295635"}],"wp:term":[{"taxonomy":"category","embeddable":true,"href":"https:\/\/www.europesays.com\/fr\/wp-json\/wp\/v2\/categories?post=295635"},{"taxonomy":"post_tag","embeddable":true,"href":"https:\/\/www.europesays.com\/fr\/wp-json\/wp\/v2\/tags?post=295635"}],"curies":[{"name":"wp","href":"https:\/\/api.w.org\/{rel}","templated":true}]}}